{"id":442,"date":"2007-07-02T12:30:09","date_gmt":"2007-07-02T10:30:09","guid":{"rendered":"http:\/\/blog.zeit.de\/tontraeger\/2007\/07\/02\/fur-jene-die-nie-zum-jazz-gehen_442"},"modified":"2007-07-02T12:30:09","modified_gmt":"2007-07-02T10:30:09","slug":"fur-jene-die-nie-zum-jazz-gehen","status":"publish","type":"post","link":"https:\/\/blog.zeit.de\/tontraeger\/2007\/07\/02\/fur-jene-die-nie-zum-jazz-gehen_442","title":{"rendered":"F\u00fcr jene, die nie zum Jazz gehen"},"content":{"rendered":"<p><code><\/p>\n<div class=\"main\">\n<strong>Bekannt wurden The Bad Plus mit einer Coverversion von \"Smells Like Teen Spirit\". Eine Jazzband, die Pop nachspielt, das war vielen verd\u00e4chtig. Auf \"Prog\" tun sie es erneut, diesmal sind David Bowie und Burt Bacharach dran.<\/strong><\/p>\n<div class=\"cover\"><img decoding=\"async\" alt=\"The Bad Plus Prog\" src=\"https:\/\/blog.zeit.de\/tontraeger\/files\/2007\/06\/badplus-prog200.jpg\" \/><\/div>\n<div class=\"audio_player_old\">\n  <objec! classid=\"clsid:d27cdb6e-ae6d-11cf-96b8-444553540000\" codebase=\"http:\/\/fpdownload.macromedia.com\/pub\/shockwave\/cabs\/flash\/swflash.cab#version=8,0,0,0\" width=\"200\" height=\"50\" id=\"audio_system\" align=\"middle\"><param name=\"allowScriptAccess\" value=\"sameDomain\"\/><param name=\"movie\" value=\"http:\/\/minos.zeit.de\/vid_comp\/audio_system.swf\" \/><param name=\"quality\" value=\"high\" \/><param name=\"bgcolor\" value=\"#ffffff\" \/><param name=\"flashvars\" value=\"&amp;var_mp3_file=070612\/070612_1181664713-01&amp;var_mp3_artist=The Bad Plus&amp;var_mp3_title=This Guy's In Love With You\"\/><\/object>\n<\/div>\n<p>Die Amazon-Konsumenten jammerten vor zwei Jahren \u00fcber die CD <em>Suspicious Activity?<\/em> von The Bad Plus, dass diese Band mit jeder Platte schlechter werde. Sie erf\u00fcllte die Erwartung nicht, die beste, lauteste, radikale Alternative zum typischen Piano-Trio zu sein. Die neue CD von The Bad Plus verspricht nun Besserung: <em>Prog.<\/em><\/p>\n<p>Der Bassist Reid Anderson, der Schlagzeuger David King und der Pianist Ethan Iverson spielen  seit 17 Jahren zusammen. Die drei Musiker wuchsen in Minnesota und Wisconsin auf, fr\u00fch haben sie sich als Protestbewegung gegen den Mief ihrer Elternh\u00e4user verstanden. Wer wie Ethan Iverson mit Glatze, Sonnenbrille und Krawatte auftritt, sei in einem kleinen Dorf per se ein Au\u00dfenseiter, sagt David King \u00fcber seinen Pianisten.<\/p>\n<p>Die Aufregung um The Bad Plus begann im Jahr 2002 mit <em>These Are The Vistas<\/em>, ihrer ersten CD f\u00fcr die gro\u00dfe Firma Columbia. Der schwarze Publizist Stanley Crouch verd\u00e4chtigte damals die wei\u00dfen New Yorker Jazz-Kritiker, mit ihrer Begeisterung f\u00fcr die wei\u00dfe Band Rassismus zu praktizieren. Crouch sprach von einer Verschw\u00f6rung gegen die schwarze \u00c4sthetik. Schwarze Kritiker wie Willard Jenkins und John Murph mutma\u00dften, dass wohl nie einer von The Bad Plus erfahren h\u00e4tte, wenn es die Verschw\u00f6rung wei\u00dfer Jazzkritiker nicht g\u00e4be. The Bad Plus, behaupteten sie, sei deren Produkt.<\/p>\n<p>Noch etwas anderes verschaffte der Band Aufmerksamkeit. Auf <em>These Are The Vistas<\/em> befand sich eine Coverversion von Nirvanas <em>Smells Like Teen Spirit<\/em>. Eine Jazzband spielt Popmusik nach? Das war vielen verd\u00e4chtig. Auf <em>Prog<\/em> tun sie es erneut, sie interpretieren David Bowies <em>Life On Mars<\/em> und <em>Everybody Wants To Rule The World<\/em> von Tears for Fears neu. Und Burt Bacharach: <em>This Guy's in Love With You.<\/em><\/p>\n<p>Vielleicht sind sie auch bekannt, weil The Bad Plus Menschen ansprechen, die nie freiwillig zu einem Jazzkonzert gingen. So hei\u00dft es oft, ihr Jazz klinge kalkuliert, wie f\u00fcr ein Pop-Publikum. Zweifler \u00fcberzeugen The Bad Plus am ehesten mit ihrem handwerklichen K\u00f6nnen. Sie finden es ganz normal, mit Popthemen zu experimentieren. Warum sollten sie noch eine Platte mit den Melodien von George Gershwin und Cole Porter aufnehmen?<\/p>\n<p><em>\u201eProg\u201c von <a href=\"http:\/\/www.thebadplus.com\/\" target=\"_blank\">The Bad Plus<\/a> ist erschienen bei Do The Math Records\/Heads Up\/Emarcy<\/em><\/p>\n<p>...<\/p>\n<p><strong>Weitere Beitr\u00e4ge aus der Kategorie JAZZ<\/strong><br \/>\n<a href=\"https:\/\/blog.zeit.de\/tontraeger\/2007\/06\/18\/abbey-singt-abbey_435\">Abbey Lincoln: \u201eAbbey Sings Abbey\u201c<\/a> (Verve\/Universal 2007)<br \/>\n<a href=\"https:\/\/blog.zeit.de\/tontraeger\/2007\/06\/06\/immer-so-weitergehen_420\">Ulrich Gumpert: \u201eQuartette\u201c<\/a> (Intakt Records 2007)<br \/>\n<a href=\"https:\/\/blog.zeit.de\/tontraeger\/2007\/05\/28\/das-jazz-gen_416\">Joshua Redman: \u201eBack East\u201c<\/a> (Nonesuch\/Warner 2007)<br \/>\n<a href=\"https:\/\/blog.zeit.de\/tontraeger\/2007\/05\/25\/vergiss-new-york_407\">Jazzland Community: \u201eJazzland Community: Live\u201c<\/a> (Jazzland Recordings 2007)<br \/>\n<a href=\"https:\/\/blog.zeit.de\/tontraeger\/2007\/05\/18\/wo-gehts-lang_403\">Andile Yenana: \u201eWho's Got The Map?\u201c<\/a> (Sheer Sound\/Rough Trade 2007)<\/p>\n<p>Alle Musikangebote von ZEIT online finden Sie unter <a target=\"_blank\" href=\"http:\/\/www.zeit.de\/musik\">www.zeit.de\/musik<\/a><\/div>\n","protected":false},"excerpt":{"rendered":"<p>Bekannt wurden The Bad Plus mit einer Coverversion von &#8222;Smells Like Teen Spirit&#8220;. Eine Jazzband, die Pop nachspielt, das war vielen verd\u00e4chtig. Auf &#8222;Prog&#8220; tun sie es erneut, diesmal sind David Bowie und Burt Bacharach dran. Die Amazon-Konsumenten jammerten vor zwei Jahren \u00fcber die CD Suspicious Activity? von The Bad Plus, dass diese Band mit [&hellip;]<\/p>\n","protected":false},"author":108,"featured_media":0,"comment_status":"open","ping_status":"open","sticky":false,"template":"","format":"standard","meta":{"_jetpack_memberships_contains_paid_content":false,"footnotes":""},"categories":[865],"tags":[],"class_list":["post-442","post","type-post","status-publish","format-standard","hentry","category-jazz"],"yoast_head":"<!-- This site is optimized with the Yoast SEO plugin v21.0 - https:\/\/yoast.com\/wordpress\/plugins\/seo\/ -->\n<title>F\u00fcr jene, die nie zum Jazz gehen - Musikblog<\/title>\n<meta name=\"robots\" content=\"index, follow, max-snippet:-1, max-image-preview:large, max-video-preview:-1\" \/>\n<link rel=\"canonical\" href=\"https:\/\/blog.zeit.de\/tontraeger\/2007\/07\/02\/fur-jene-die-nie-zum-jazz-gehen_442\" \/>\n<meta property=\"og:locale\" content=\"de_DE\" \/>\n<meta property=\"og:type\" content=\"article\" \/>\n<meta property=\"og:title\" content=\"F\u00fcr jene, die nie zum Jazz gehen - Musikblog\" \/>\n<meta property=\"og:description\" content=\"Bekannt wurden The Bad Plus mit einer Coverversion von &quot;Smells Like Teen Spirit&quot;. Eine Jazzband, die Pop nachspielt, das war vielen verd\u00e4chtig. Auf &quot;Prog&quot; tun sie es erneut, diesmal sind David Bowie und Burt Bacharach dran. Die Amazon-Konsumenten jammerten vor zwei Jahren \u00fcber die CD Suspicious Activity? von The Bad Plus, dass diese Band mit [&hellip;]\" \/>\n<meta property=\"og:url\" content=\"https:\/\/blog.zeit.de\/tontraeger\/2007\/07\/02\/fur-jene-die-nie-zum-jazz-gehen_442\" \/>\n<meta property=\"og:site_name\" content=\"Tontr\u00e4ger\" \/>\n<meta property=\"article:published_time\" content=\"2007-07-02T10:30:09+00:00\" \/>\n<meta property=\"og:image\" content=\"https:\/\/blog.zeit.de\/tontraeger\/files\/2007\/06\/badplus-prog200.jpg\" \/>\n<meta name=\"author\" content=\"Christian Br\u00f6cking\" \/>\n<meta name=\"twitter:card\" content=\"summary_large_image\" \/>\n<meta name=\"twitter:creator\" content=\"@zeitonline\" \/>\n<meta name=\"twitter:site\" content=\"@zeitonline\" \/>\n<meta name=\"twitter:label1\" content=\"Geschrieben von\" \/>\n\t<meta name=\"twitter:data1\" content=\"Christian Br\u00f6cking\" \/>\n\t<meta name=\"twitter:label2\" content=\"Gesch\u00e4tzte Lesezeit\" \/>\n\t<meta name=\"twitter:data2\" content=\"2\u00a0Minuten\" \/>\n<script type=\"application\/ld+json\" class=\"yoast-schema-graph\">{\"@context\":\"https:\/\/schema.org\",\"@graph\":[{\"@type\":\"WebPage\",\"@id\":\"https:\/\/blog.zeit.de\/tontraeger\/2007\/07\/02\/fur-jene-die-nie-zum-jazz-gehen_442\",\"url\":\"https:\/\/blog.zeit.de\/tontraeger\/2007\/07\/02\/fur-jene-die-nie-zum-jazz-gehen_442\",\"name\":\"F\u00fcr jene, die nie zum Jazz gehen - Musikblog\",\"isPartOf\":{\"@id\":\"https:\/\/blog.zeit.de\/tontraeger\/#website\"},\"datePublished\":\"2007-07-02T10:30:09+00:00\",\"dateModified\":\"2007-07-02T10:30:09+00:00\",\"author\":{\"@id\":\"https:\/\/blog.zeit.de\/tontraeger\/#\/schema\/person\/4b8ce94766e9eb95c9f613cca41ae0e3\"},\"breadcrumb\":{\"@id\":\"https:\/\/blog.zeit.de\/tontraeger\/2007\/07\/02\/fur-jene-die-nie-zum-jazz-gehen_442#breadcrumb\"},\"inLanguage\":\"de\",\"potentialAction\":[{\"@type\":\"ReadAction\",\"target\":[\"https:\/\/blog.zeit.de\/tontraeger\/2007\/07\/02\/fur-jene-die-nie-zum-jazz-gehen_442\"]}]},{\"@type\":\"BreadcrumbList\",\"@id\":\"https:\/\/blog.zeit.de\/tontraeger\/2007\/07\/02\/fur-jene-die-nie-zum-jazz-gehen_442#breadcrumb\",\"itemListElement\":[{\"@type\":\"ListItem\",\"position\":1,\"name\":\"Startseite\",\"item\":\"https:\/\/blog.zeit.de\/tontraeger\"},{\"@type\":\"ListItem\",\"position\":2,\"name\":\"F\u00fcr jene, die nie zum Jazz gehen\"}]},{\"@type\":\"WebSite\",\"@id\":\"https:\/\/blog.zeit.de\/tontraeger\/#website\",\"url\":\"https:\/\/blog.zeit.de\/tontraeger\/\",\"name\":\"Tontr\u00e4ger\",\"description\":\"Zwischen Disko und Diskurs\",\"potentialAction\":[{\"@type\":\"SearchAction\",\"target\":{\"@type\":\"EntryPoint\",\"urlTemplate\":\"https:\/\/blog.zeit.de\/tontraeger\/?s={search_term_string}\"},\"query-input\":\"required name=search_term_string\"}],\"inLanguage\":\"de\"},{\"@type\":\"Person\",\"@id\":\"https:\/\/blog.zeit.de\/tontraeger\/#\/schema\/person\/4b8ce94766e9eb95c9f613cca41ae0e3\",\"name\":\"Christian Br\u00f6cking\",\"image\":{\"@type\":\"ImageObject\",\"inLanguage\":\"de\",\"@id\":\"https:\/\/blog.zeit.de\/tontraeger\/#\/schema\/person\/image\/\",\"url\":\"https:\/\/secure.gravatar.com\/avatar\/?s=96&d=mm&r=g\",\"contentUrl\":\"https:\/\/secure.gravatar.com\/avatar\/?s=96&d=mm&r=g\",\"caption\":\"Christian Br\u00f6cking\"},\"url\":\"https:\/\/blog.zeit.de\/tontraeger\/author\/christian-broecking\"}]}<\/script>\n<!-- \/ Yoast SEO plugin. -->","yoast_head_json":{"title":"F\u00fcr jene, die nie zum Jazz gehen - Musikblog","robots":{"index":"index","follow":"follow","max-snippet":"max-snippet:-1","max-image-preview":"max-image-preview:large","max-video-preview":"max-video-preview:-1"},"canonical":"https:\/\/blog.zeit.de\/tontraeger\/2007\/07\/02\/fur-jene-die-nie-zum-jazz-gehen_442","og_locale":"de_DE","og_type":"article","og_title":"F\u00fcr jene, die nie zum Jazz gehen - Musikblog","og_description":"Bekannt wurden The Bad Plus mit einer Coverversion von \"Smells Like Teen Spirit\". Eine Jazzband, die Pop nachspielt, das war vielen verd\u00e4chtig. Auf \"Prog\" tun sie es erneut, diesmal sind David Bowie und Burt Bacharach dran. Die Amazon-Konsumenten jammerten vor zwei Jahren \u00fcber die CD Suspicious Activity? von The Bad Plus, dass diese Band mit [&hellip;]","og_url":"https:\/\/blog.zeit.de\/tontraeger\/2007\/07\/02\/fur-jene-die-nie-zum-jazz-gehen_442","og_site_name":"Tontr\u00e4ger","article_published_time":"2007-07-02T10:30:09+00:00","og_image":[{"url":"https:\/\/blog.zeit.de\/tontraeger\/files\/2007\/06\/badplus-prog200.jpg"}],"author":"Christian Br\u00f6cking","twitter_card":"summary_large_image","twitter_creator":"@zeitonline","twitter_site":"@zeitonline","twitter_misc":{"Geschrieben von":"Christian Br\u00f6cking","Gesch\u00e4tzte Lesezeit":"2\u00a0Minuten"},"schema":{"@context":"https:\/\/schema.org","@graph":[{"@type":"WebPage","@id":"https:\/\/blog.zeit.de\/tontraeger\/2007\/07\/02\/fur-jene-die-nie-zum-jazz-gehen_442","url":"https:\/\/blog.zeit.de\/tontraeger\/2007\/07\/02\/fur-jene-die-nie-zum-jazz-gehen_442","name":"F\u00fcr jene, die nie zum Jazz gehen - Musikblog","isPartOf":{"@id":"https:\/\/blog.zeit.de\/tontraeger\/#website"},"datePublished":"2007-07-02T10:30:09+00:00","dateModified":"2007-07-02T10:30:09+00:00","author":{"@id":"https:\/\/blog.zeit.de\/tontraeger\/#\/schema\/person\/4b8ce94766e9eb95c9f613cca41ae0e3"},"breadcrumb":{"@id":"https:\/\/blog.zeit.de\/tontraeger\/2007\/07\/02\/fur-jene-die-nie-zum-jazz-gehen_442#breadcrumb"},"inLanguage":"de","potentialAction":[{"@type":"ReadAction","target":["https:\/\/blog.zeit.de\/tontraeger\/2007\/07\/02\/fur-jene-die-nie-zum-jazz-gehen_442"]}]},{"@type":"BreadcrumbList","@id":"https:\/\/blog.zeit.de\/tontraeger\/2007\/07\/02\/fur-jene-die-nie-zum-jazz-gehen_442#breadcrumb","itemListElement":[{"@type":"ListItem","position":1,"name":"Startseite","item":"https:\/\/blog.zeit.de\/tontraeger"},{"@type":"ListItem","position":2,"name":"F\u00fcr jene, die nie zum Jazz gehen"}]},{"@type":"WebSite","@id":"https:\/\/blog.zeit.de\/tontraeger\/#website","url":"https:\/\/blog.zeit.de\/tontraeger\/","name":"Tontr\u00e4ger","description":"Zwischen Disko und Diskurs","potentialAction":[{"@type":"SearchAction","target":{"@type":"EntryPoint","urlTemplate":"https:\/\/blog.zeit.de\/tontraeger\/?s={search_term_string}"},"query-input":"required name=search_term_string"}],"inLanguage":"de"},{"@type":"Person","@id":"https:\/\/blog.zeit.de\/tontraeger\/#\/schema\/person\/4b8ce94766e9eb95c9f613cca41ae0e3","name":"Christian Br\u00f6cking","image":{"@type":"ImageObject","inLanguage":"de","@id":"https:\/\/blog.zeit.de\/tontraeger\/#\/schema\/person\/image\/","url":"https:\/\/secure.gravatar.com\/avatar\/?s=96&d=mm&r=g","contentUrl":"https:\/\/secure.gravatar.com\/avatar\/?s=96&d=mm&r=g","caption":"Christian Br\u00f6cking"},"url":"https:\/\/blog.zeit.de\/tontraeger\/author\/christian-broecking"}]}},"jetpack_featured_media_url":"","jetpack_sharing_enabled":true,"_links":{"self":[{"href":"https:\/\/blog.zeit.de\/tontraeger\/wp-json\/wp\/v2\/posts\/442","targetHints":{"allow":["GET"]}}],"collection":[{"href":"https:\/\/blog.zeit.de\/tontraeger\/wp-json\/wp\/v2\/posts"}],"about":[{"href":"https:\/\/blog.zeit.de\/tontraeger\/wp-json\/wp\/v2\/types\/post"}],"author":[{"embeddable":true,"href":"https:\/\/blog.zeit.de\/tontraeger\/wp-json\/wp\/v2\/users\/108"}],"replies":[{"embeddable":true,"href":"https:\/\/blog.zeit.de\/tontraeger\/wp-json\/wp\/v2\/comments?post=442"}],"version-history":[{"count":0,"href":"https:\/\/blog.zeit.de\/tontraeger\/wp-json\/wp\/v2\/posts\/442\/revisions"}],"wp:attachment":[{"href":"https:\/\/blog.zeit.de\/tontraeger\/wp-json\/wp\/v2\/media?parent=442"}],"wp:term":[{"taxonomy":"category","embeddable":true,"href":"https:\/\/blog.zeit.de\/tontraeger\/wp-json\/wp\/v2\/categories?post=442"},{"taxonomy":"post_tag","embeddable":true,"href":"https:\/\/blog.zeit.de\/tontraeger\/wp-json\/wp\/v2\/tags?post=442"}],"curies":[{"name":"wp","href":"https:\/\/api.w.org\/{rel}","templated":true}]}}