{"id":497,"date":"2007-08-08T11:32:09","date_gmt":"2007-08-08T09:32:09","guid":{"rendered":"http:\/\/blog.zeit.de\/tontraeger\/2007\/08\/08\/tiefgrun-und-auserweltlich_497"},"modified":"2007-08-08T11:32:09","modified_gmt":"2007-08-08T09:32:09","slug":"tiefgrun-und-auserweltlich","status":"publish","type":"post","link":"https:\/\/blog.zeit.de\/tontraeger\/2007\/08\/08\/tiefgrun-und-auserweltlich_497","title":{"rendered":"Tiefgr\u00fcn und au\u00dferweltlich"},"content":{"rendered":"<div class=\"main\">\n<strong>C\u00e9line Schott hat als Colleen ein Album von seltener Sch\u00f6nheit eingespielt. &#8222;Les Ondes Silencieuses&#8220; klingt wie ein verschwommener Traum \u2013 oder wie moderne Kammermusik.<\/strong><\/p>\n<div class=\"cover\"><img decoding=\"async\" alt=\"Colleen Les Ondes Silencieuses\" src=\"https:\/\/blog.zeit.de\/tontraeger\/files\/2007\/08\/colleen-ondes200.jpg\" \/><\/div>\n<div class=\"audio_player_old\">\n  <object classid=\"clsid:d27cdb6e-ae6d-11cf-96b8-444553540000\" codebase=\"http:\/\/fpdownload.macromedia.com\/pub\/shockwave\/cabs\/flash\/swflash.cab#version=8,0,0,0\" width=\"200\" height=\"50\" id=\"audio_system\" align=\"middle\"><param name=\"allowScriptAccess\" value=\"sameDomain\"\/><param name=\"movie\" value=\"http:\/\/minos.zeit.de\/vid_comp\/audio_system.swf\" \/><param name=\"quality\" value=\"high\" \/><param name=\"bgcolor\" value=\"#ffffff\" \/><param name=\"flashvars\" value=\"&amp;var_mp3_file=07082\/07082_1186047801-02&amp;var_mp3_artist=Colleen&amp;var_mp3_title=Sea of Tranquility&amp;var_ivw_tag=a_Kultur\/Musik\"\/><\/object>\n<\/div>\n<p>Aus der Zeit gefallen \u2013 wie sonst soll man ein zeitgen\u00f6ssisches Album beschreiben, das sich der Alten Musik zuwendet, ohne den Muff parf\u00fcmierter Per\u00fccken heraufzubeschw\u00f6ren? Die Illustration auf dem Cover zeigt die Musikerin versunken im Spiel. Sie sitzt in einem n\u00e4chtlichen Zauberwald, um sie herum flattern Schmetterlinge und V\u00f6gel. Der Vollmond bescheint die m\u00e4rchenhafte Szenerie, spiegelt sich auf der Oberfl\u00e4che des Meeres. Das verhei\u00dft fantastischen Kitsch, doch C\u00e9line Schott geht es um etwas Anderes: Indem sie auf unwirkliche M\u00e4rchen und Sagen verweist, entzieht sich die K\u00fcnstlerin jeglicher Kategorisierung. Die neun St\u00fccke ihres instrumentalen Albums klingen so au\u00dferweltlich, dass sich der Stil kaum benennen l\u00e4sst.<\/p>\n<p>Ob New Baroque oder Ambient Folk: Es ist die Musikalit\u00e4t, die Colleens <em>Les Ondes Silencieuses<\/em> (auf deutsch: die stillen Wasser) zu einer gro\u00dfartigen Platte macht. Auf ihrem Deb\u00fctalbum <em>Everyone Alive Wants Answers <\/em>(2003) verdichtete sie Loops und Samples zu Liedminiaturen. In ihren Konzerten setzte C\u00e9line Schott auch bevorzugt Instrumente aus der Barockzeit ein, der minimalistische Klang hatte es ihr angetan. Jetzt verzichtet sie ganz auf Elektronik und kommt ihrer Vorstellung von moderner Kammermusik n\u00e4her.<\/p>\n<p>Das Instrumentarium auf <em>Les Ondes Silencieuses<\/em> ist reduziert: Viola da Gamba, Spinett, klassische Gitarre und Klarinette. C\u00e9cile Schott spielt sie expressionistisch und feingliedrig zugleich, ohne sich in ornamentalem Pastiche zu verlieren. Sie zitiert die polyphone Struktur der Barockmusik \u2013 der englische Komponist und Lautenist <a href=\"http:\/\/www.zeit.de\/online\/2007\/09\/dowland\" target=\"_blank\">John Dowland<\/a> hat sie stark beeindruckt.<\/p>\n<p>In sanften Wellenbewegungen breiten sich Melodieb\u00f6gen aus, um dann wie ferne Echos zu verhallen. Colleen deutet Motive an und l\u00e4sst sie wie Gespenster vor\u00fcber ziehen. Aufschimmernde Dissonanzen erzeugen eine Spannung zwischen Bewegtheit und geheimnisvoller Stille. \u00dcber das Album legt sich eine Melancholie, die von maritimen Bildern inspiriert ist. Doch es sind keine wei\u00dfen Str\u00e4nde, die C\u00e9cile Schott in St\u00fccken wie <em>Echoes And Coral<\/em> oder <em>Sea Of Tranquility<\/em> aufsucht, sondern verlassene Buchten und tiefgr\u00fcne Seen \u2013 <em>Les Ondes Silencieuses<\/em> schillert wie ein Schatz auf dem Grund.<\/p>\n<p><em>\u201eLes Ondes Silencieuses\u201c von <a href=\"http:\/\/www.colleenplays.org\/\" target=\"_blank\">Colleen<\/a> ist bei <a href=\"http:\/\/www.theleaflabel.com\/\" target=\"_blank\">The Leaf Label<\/a>\/Indigo erschienen.<\/em><\/p>\n<p>&#8230;<br \/>\n<strong>Weitere Beitr\u00e4ge aus der Kategorie FOLK<br \/>\n<\/strong><a href=\"https:\/\/blog.zeit.de\/tontraeger\/2007\/02\/07\/wohin-der-wind-weht_303\">A Hawk And A Hacksaw: \u201eThe Way The Wind Blows\u201c<\/a> (The Leaf Label\/Hausmusik 2007)<br \/>\n<a href=\"https:\/\/blog.zeit.de\/tontraeger\/2006\/11\/27\/zauberhafte-melancholie_243\">Audrey: \u201eVisible Forms\u201c<\/a> (Sinnbus 2006)<br \/>\n<a href=\"https:\/\/blog.zeit.de\/tontraeger\/2006\/05\/03\/wenn-schon-traurig-dann-mit-witz_24\">Markku Peltola: \u201eBuster Keaton Tarkistaa L\u00e4nnen Ja Id\u00e4n\u201c<\/a> (Klangbad 2006)<br \/>\n<a href=\"https:\/\/blog.zeit.de\/tontraeger\/2006\/05\/03\/wenn-schon-traurig-dann-mit-witz_24\">Victory At Sea: \u201eAll Your Things Are Gone\u201c<\/a> (Gern Blandsten 2006)<\/p>\n<p>Alle Musikangebote von ZEIT online finden Sie unter <a href=\"http:\/\/www.zeit.de\/musik\" target=\"blank\">zeit.de\/musik<\/a><\/div>\n","protected":false},"excerpt":{"rendered":"<p>C\u00e9line Schott hat als Colleen ein Album von seltener Sch\u00f6nheit eingespielt. &#8222;Les Ondes Silencieuses&#8220; klingt wie ein verschwommener Traum \u2013 oder wie moderne Kammermusik. Aus der Zeit gefallen \u2013 wie sonst soll man ein zeitgen\u00f6ssisches Album beschreiben, das sich der Alten Musik zuwendet, ohne den Muff parf\u00fcmierter Per\u00fccken heraufzubeschw\u00f6ren? Die Illustration auf dem Cover zeigt [&hellip;]<\/p>\n","protected":false},"author":116,"featured_media":0,"comment_status":"open","ping_status":"open","sticky":false,"template":"","format":"standard","meta":{"_jetpack_memberships_contains_paid_content":false,"footnotes":""},"categories":[861],"tags":[],"class_list":["post-497","post","type-post","status-publish","format-standard","hentry","category-folk"],"yoast_head":"<!-- This site is optimized with the Yoast SEO plugin v21.0 - https:\/\/yoast.com\/wordpress\/plugins\/seo\/ -->\n<title>Tiefgr\u00fcn und au\u00dferweltlich - Musikblog<\/title>\n<meta name=\"robots\" content=\"index, follow, max-snippet:-1, max-image-preview:large, max-video-preview:-1\" \/>\n<link rel=\"canonical\" href=\"https:\/\/blog.zeit.de\/tontraeger\/2007\/08\/08\/tiefgrun-und-auserweltlich_497\" \/>\n<meta property=\"og:locale\" content=\"de_DE\" \/>\n<meta property=\"og:type\" content=\"article\" \/>\n<meta property=\"og:title\" content=\"Tiefgr\u00fcn und au\u00dferweltlich - Musikblog\" \/>\n<meta property=\"og:description\" content=\"C\u00e9line Schott hat als Colleen ein Album von seltener Sch\u00f6nheit eingespielt. &#8222;Les Ondes Silencieuses&#8220; klingt wie ein verschwommener Traum \u2013 oder wie moderne Kammermusik. Aus der Zeit gefallen \u2013 wie sonst soll man ein zeitgen\u00f6ssisches Album beschreiben, das sich der Alten Musik zuwendet, ohne den Muff parf\u00fcmierter Per\u00fccken heraufzubeschw\u00f6ren? Die Illustration auf dem Cover zeigt [&hellip;]\" \/>\n<meta property=\"og:url\" content=\"https:\/\/blog.zeit.de\/tontraeger\/2007\/08\/08\/tiefgrun-und-auserweltlich_497\" \/>\n<meta property=\"og:site_name\" content=\"Tontr\u00e4ger\" \/>\n<meta property=\"article:published_time\" content=\"2007-08-08T09:32:09+00:00\" \/>\n<meta property=\"og:image\" content=\"https:\/\/blog.zeit.de\/tontraeger\/files\/2007\/08\/colleen-ondes200.jpg\" \/>\n<meta name=\"author\" content=\"Matthias Sch\u00f6neb\u00e4umer\" \/>\n<meta name=\"twitter:card\" content=\"summary_large_image\" \/>\n<meta name=\"twitter:creator\" content=\"@zeitonline\" \/>\n<meta name=\"twitter:site\" content=\"@zeitonline\" \/>\n<meta name=\"twitter:label1\" content=\"Geschrieben von\" \/>\n\t<meta name=\"twitter:data1\" content=\"Matthias Sch\u00f6neb\u00e4umer\" \/>\n\t<meta name=\"twitter:label2\" content=\"Gesch\u00e4tzte Lesezeit\" \/>\n\t<meta name=\"twitter:data2\" content=\"2\u00a0Minuten\" \/>\n<script type=\"application\/ld+json\" class=\"yoast-schema-graph\">{\"@context\":\"https:\/\/schema.org\",\"@graph\":[{\"@type\":\"WebPage\",\"@id\":\"https:\/\/blog.zeit.de\/tontraeger\/2007\/08\/08\/tiefgrun-und-auserweltlich_497\",\"url\":\"https:\/\/blog.zeit.de\/tontraeger\/2007\/08\/08\/tiefgrun-und-auserweltlich_497\",\"name\":\"Tiefgr\u00fcn und au\u00dferweltlich - Musikblog\",\"isPartOf\":{\"@id\":\"https:\/\/blog.zeit.de\/tontraeger\/#website\"},\"datePublished\":\"2007-08-08T09:32:09+00:00\",\"dateModified\":\"2007-08-08T09:32:09+00:00\",\"author\":{\"@id\":\"https:\/\/blog.zeit.de\/tontraeger\/#\/schema\/person\/8766a74212a86fa84bf925b1071fb45b\"},\"breadcrumb\":{\"@id\":\"https:\/\/blog.zeit.de\/tontraeger\/2007\/08\/08\/tiefgrun-und-auserweltlich_497#breadcrumb\"},\"inLanguage\":\"de\",\"potentialAction\":[{\"@type\":\"ReadAction\",\"target\":[\"https:\/\/blog.zeit.de\/tontraeger\/2007\/08\/08\/tiefgrun-und-auserweltlich_497\"]}]},{\"@type\":\"BreadcrumbList\",\"@id\":\"https:\/\/blog.zeit.de\/tontraeger\/2007\/08\/08\/tiefgrun-und-auserweltlich_497#breadcrumb\",\"itemListElement\":[{\"@type\":\"ListItem\",\"position\":1,\"name\":\"Startseite\",\"item\":\"https:\/\/blog.zeit.de\/tontraeger\"},{\"@type\":\"ListItem\",\"position\":2,\"name\":\"Tiefgr\u00fcn und au\u00dferweltlich\"}]},{\"@type\":\"WebSite\",\"@id\":\"https:\/\/blog.zeit.de\/tontraeger\/#website\",\"url\":\"https:\/\/blog.zeit.de\/tontraeger\/\",\"name\":\"Tontr\u00e4ger\",\"description\":\"Zwischen Disko und Diskurs\",\"potentialAction\":[{\"@type\":\"SearchAction\",\"target\":{\"@type\":\"EntryPoint\",\"urlTemplate\":\"https:\/\/blog.zeit.de\/tontraeger\/?s={search_term_string}\"},\"query-input\":\"required name=search_term_string\"}],\"inLanguage\":\"de\"},{\"@type\":\"Person\",\"@id\":\"https:\/\/blog.zeit.de\/tontraeger\/#\/schema\/person\/8766a74212a86fa84bf925b1071fb45b\",\"name\":\"Matthias Sch\u00f6neb\u00e4umer\",\"image\":{\"@type\":\"ImageObject\",\"inLanguage\":\"de\",\"@id\":\"https:\/\/blog.zeit.de\/tontraeger\/#\/schema\/person\/image\/\",\"url\":\"https:\/\/secure.gravatar.com\/avatar\/?s=96&d=mm&r=g\",\"contentUrl\":\"https:\/\/secure.gravatar.com\/avatar\/?s=96&d=mm&r=g\",\"caption\":\"Matthias Sch\u00f6neb\u00e4umer\"},\"url\":\"https:\/\/blog.zeit.de\/tontraeger\/author\/matthias-schoenebaeumer\"}]}<\/script>\n<!-- \/ Yoast SEO plugin. -->","yoast_head_json":{"title":"Tiefgr\u00fcn und au\u00dferweltlich - Musikblog","robots":{"index":"index","follow":"follow","max-snippet":"max-snippet:-1","max-image-preview":"max-image-preview:large","max-video-preview":"max-video-preview:-1"},"canonical":"https:\/\/blog.zeit.de\/tontraeger\/2007\/08\/08\/tiefgrun-und-auserweltlich_497","og_locale":"de_DE","og_type":"article","og_title":"Tiefgr\u00fcn und au\u00dferweltlich - Musikblog","og_description":"C\u00e9line Schott hat als Colleen ein Album von seltener Sch\u00f6nheit eingespielt. &#8222;Les Ondes Silencieuses&#8220; klingt wie ein verschwommener Traum \u2013 oder wie moderne Kammermusik. Aus der Zeit gefallen \u2013 wie sonst soll man ein zeitgen\u00f6ssisches Album beschreiben, das sich der Alten Musik zuwendet, ohne den Muff parf\u00fcmierter Per\u00fccken heraufzubeschw\u00f6ren? Die Illustration auf dem Cover zeigt [&hellip;]","og_url":"https:\/\/blog.zeit.de\/tontraeger\/2007\/08\/08\/tiefgrun-und-auserweltlich_497","og_site_name":"Tontr\u00e4ger","article_published_time":"2007-08-08T09:32:09+00:00","og_image":[{"url":"https:\/\/blog.zeit.de\/tontraeger\/files\/2007\/08\/colleen-ondes200.jpg"}],"author":"Matthias Sch\u00f6neb\u00e4umer","twitter_card":"summary_large_image","twitter_creator":"@zeitonline","twitter_site":"@zeitonline","twitter_misc":{"Geschrieben von":"Matthias Sch\u00f6neb\u00e4umer","Gesch\u00e4tzte Lesezeit":"2\u00a0Minuten"},"schema":{"@context":"https:\/\/schema.org","@graph":[{"@type":"WebPage","@id":"https:\/\/blog.zeit.de\/tontraeger\/2007\/08\/08\/tiefgrun-und-auserweltlich_497","url":"https:\/\/blog.zeit.de\/tontraeger\/2007\/08\/08\/tiefgrun-und-auserweltlich_497","name":"Tiefgr\u00fcn und au\u00dferweltlich - Musikblog","isPartOf":{"@id":"https:\/\/blog.zeit.de\/tontraeger\/#website"},"datePublished":"2007-08-08T09:32:09+00:00","dateModified":"2007-08-08T09:32:09+00:00","author":{"@id":"https:\/\/blog.zeit.de\/tontraeger\/#\/schema\/person\/8766a74212a86fa84bf925b1071fb45b"},"breadcrumb":{"@id":"https:\/\/blog.zeit.de\/tontraeger\/2007\/08\/08\/tiefgrun-und-auserweltlich_497#breadcrumb"},"inLanguage":"de","potentialAction":[{"@type":"ReadAction","target":["https:\/\/blog.zeit.de\/tontraeger\/2007\/08\/08\/tiefgrun-und-auserweltlich_497"]}]},{"@type":"BreadcrumbList","@id":"https:\/\/blog.zeit.de\/tontraeger\/2007\/08\/08\/tiefgrun-und-auserweltlich_497#breadcrumb","itemListElement":[{"@type":"ListItem","position":1,"name":"Startseite","item":"https:\/\/blog.zeit.de\/tontraeger"},{"@type":"ListItem","position":2,"name":"Tiefgr\u00fcn und au\u00dferweltlich"}]},{"@type":"WebSite","@id":"https:\/\/blog.zeit.de\/tontraeger\/#website","url":"https:\/\/blog.zeit.de\/tontraeger\/","name":"Tontr\u00e4ger","description":"Zwischen Disko und Diskurs","potentialAction":[{"@type":"SearchAction","target":{"@type":"EntryPoint","urlTemplate":"https:\/\/blog.zeit.de\/tontraeger\/?s={search_term_string}"},"query-input":"required name=search_term_string"}],"inLanguage":"de"},{"@type":"Person","@id":"https:\/\/blog.zeit.de\/tontraeger\/#\/schema\/person\/8766a74212a86fa84bf925b1071fb45b","name":"Matthias Sch\u00f6neb\u00e4umer","image":{"@type":"ImageObject","inLanguage":"de","@id":"https:\/\/blog.zeit.de\/tontraeger\/#\/schema\/person\/image\/","url":"https:\/\/secure.gravatar.com\/avatar\/?s=96&d=mm&r=g","contentUrl":"https:\/\/secure.gravatar.com\/avatar\/?s=96&d=mm&r=g","caption":"Matthias Sch\u00f6neb\u00e4umer"},"url":"https:\/\/blog.zeit.de\/tontraeger\/author\/matthias-schoenebaeumer"}]}},"jetpack_featured_media_url":"","jetpack_sharing_enabled":true,"_links":{"self":[{"href":"https:\/\/blog.zeit.de\/tontraeger\/wp-json\/wp\/v2\/posts\/497","targetHints":{"allow":["GET"]}}],"collection":[{"href":"https:\/\/blog.zeit.de\/tontraeger\/wp-json\/wp\/v2\/posts"}],"about":[{"href":"https:\/\/blog.zeit.de\/tontraeger\/wp-json\/wp\/v2\/types\/post"}],"author":[{"embeddable":true,"href":"https:\/\/blog.zeit.de\/tontraeger\/wp-json\/wp\/v2\/users\/116"}],"replies":[{"embeddable":true,"href":"https:\/\/blog.zeit.de\/tontraeger\/wp-json\/wp\/v2\/comments?post=497"}],"version-history":[{"count":0,"href":"https:\/\/blog.zeit.de\/tontraeger\/wp-json\/wp\/v2\/posts\/497\/revisions"}],"wp:attachment":[{"href":"https:\/\/blog.zeit.de\/tontraeger\/wp-json\/wp\/v2\/media?parent=497"}],"wp:term":[{"taxonomy":"category","embeddable":true,"href":"https:\/\/blog.zeit.de\/tontraeger\/wp-json\/wp\/v2\/categories?post=497"},{"taxonomy":"post_tag","embeddable":true,"href":"https:\/\/blog.zeit.de\/tontraeger\/wp-json\/wp\/v2\/tags?post=497"}],"curies":[{"name":"wp","href":"https:\/\/api.w.org\/{rel}","templated":true}]}}