{"id":5523,"date":"2010-06-02T08:57:45","date_gmt":"2010-06-02T06:57:45","guid":{"rendered":"http:\/\/blog.zeit.de\/tontraeger\/?p=5523"},"modified":"2010-06-14T14:21:33","modified_gmt":"2010-06-14T12:21:33","slug":"kommando-sonnenmilch","status":"publish","type":"post","link":"https:\/\/blog.zeit.de\/tontraeger\/2010\/06\/02\/kommando-sonnenmilch_5523","title":{"rendered":"Das ist jetzt Punk oder was?"},"content":{"rendered":"<p><strong>Ein Statement gegen den verkopften Diskursrock: Kommando Sonne-nmilch bringen mit ihrem Dadapunk endlich Schwung in die Mittelstandsdebatten.<\/strong><\/p>\n<p><figure id=\"attachment_5537\" aria-describedby=\"caption-attachment-5537\" style=\"width: 500px\" class=\"wp-caption aligncenter\"><a href=\"https:\/\/blog.zeit.de\/tontraeger\/files\/2010\/05\/ks540.jpg\"><img loading=\"lazy\" decoding=\"async\" src=\"https:\/\/blog.zeit.de\/tontraeger\/files\/2010\/05\/ks540.jpg\" alt=\"\" title=\"ks540\" width=\"500\" height=\"281\" class=\"size-full wp-image-5537\" srcset=\"https:\/\/blog.zeit.de\/tontraeger\/files\/2010\/05\/ks540.jpg 500w, https:\/\/blog.zeit.de\/tontraeger\/files\/2010\/05\/ks540-300x168.jpg 300w\" sizes=\"auto, (max-width: 500px) 100vw, 500px\" \/><\/a><figcaption id=\"caption-attachment-5537\" class=\"wp-caption-text\">\u00a9 Major Label<\/figcaption><\/figure> <!--more--><\/p>\n<p>Man mag es kaum noch h\u00f6ren \u2013 Diskurs. Alles muss immer Diskurs sein, in irgendwie linksalternativen, sozialanalytischen, irgendwie poptheoretischen Musikzusammenh\u00e4ngen. Im breiten Bereich von Alternative bis Independent geh\u00f6rt es zwingend zum reflektierenden K\u00fcnstler, die gesellschaftliche Realit\u00e4t zu durchleuchten, stets im Dialog mit den eigenen Idealen und jenen wesensverwandter Idealisten, Nihilisten, Behavioristen, Situationisten. M\u00f6glichst kritisch, m\u00f6glichst politisch, m\u00f6glichst lyrisch sollte es da zugehen. Ein wenig Humor jenseits des Ulks kann zwar nicht schaden, aber bitte, bitte nicht den Ernst der Sache vergessen.<\/p>\n<div class=\"zol_video aud_narrow aud561414952438\"><\/div>\n<p>&#8222;Uff uff Schabala grunz rauch&#8220; \u2013 da pusten Zeilen wie diese doch den Schwergang aus der dauerdiskursiven Popbirne. &#8222;Musi musi ganz taub, bett bett schnarch schnarch traum aus.&#8220; Bl\u00f6dsinn, Tiefgang, Blablabla \u2013 herrlich! Dabei geht es im Auftaktst\u00fcck der gro\u00dfartigen f\u00fcnften Platte von Kommando Sonne-nmilch durchaus um die Wurst, um Gentrifizierung (nat\u00fcrlich) im weitesten Sinne, es geht ums Ganze. <\/p>\n<p>Man kann diesem alternativen Kunstkollektiv eine Hinwendung zum Diskurs im Foucaultschen Sinn nicht absprechen (von wegen sprachlich generiertes Wirklichkeitsverst\u00e4ndnis und so). Schlie\u00dflich behandelt das Album mit dem sch\u00f6nen Titel <em>Pfingsten<\/em> auch sonst die klassischen Themen der Diskurspopschule <a href=\"http:\/\/www.zeit.de\/2007\/22\/L-Pop-Lyrik\">Hamburger<\/a> und <a href=\"https:\/\/blog.zeit.de\/tontraeger\/2010\/03\/08\/toni-mahoni_4917\">Berliner Provenienz<\/a>: konturlos sanierte Gro\u00dfst\u00e4dte oder cocktailschl\u00fcrfende Neohippies etwa und, soweit man das den bisweilen kryptischen Zeilenkaskaden entnehmen kann, sogar aktuelle Mittelstandsdebatten von P\u00e4dophilie bis Klimawandel.<\/p>\n<p>Die f\u00fcnf Hamburger in ziemlich klassischer Besetzung mit weiblichem Extragesang haben einen dadaistischen Zugang zum Relevanzgehalt deutschsprachigen Punkrocks. Zum verst\u00f6rend ungem\u00fctlichen Gegr\u00f6le Jens Rachuts, der schon die \u00f6rtlichen Hardcore-Legenden Dackelblut und Oma Hans bis zur Heiserkeit vokalisiert hat, drischt Kommando Sonne-nmilch die graue Theorie aus allen Diskursen.  Da treffen Emocore-Gitarren \u00e0 la <a href=\"https:\/\/blog.zeit.de\/tontraeger\/2010\/04\/12\/turbostaat-island-manoever_5152\">Turbostaat<\/a> aufs rohe Tempogebolze von Slime, unterlegt mit fast <a href=\"http:\/\/www.zeit.de\/2009\/39\/Portraet-Distelmeyer\">Distelmeyerscher<\/a> Poesie, die Wort f\u00fcr Wort ins Absurde abdriftet. &#8222;Vergesst den roten Faden und f\u00fchlt euch endlich frei&#8220;, singen sie in <em>Cocktails<\/em> und zerschie\u00dfen ihre Bedeutungsfragmente mit Zeilen wie &#8222;Ei bedroht die Henne&#8220; oder &#8222;Legoland hat\u2019s richtig gut&#8220;.<\/p>\n<p>&#8222;Das ist jetzt Punk oder was?&#8220;, fragt die S\u00e4ngerin Yvon Jansen am Ende der Platte. &#8222;Das ist Schei\u00dfe!&#8220; antwortet sie sich selbst immer lauter, immer aggressiver, um anzuschlie\u00dfen: &#8222;Okay, komm, lass uns noch mal machen.&#8220; Denn ja, das ist Punk, Poesiepunk, Diskurspunk. Endlich!<br \/>\n<em><br \/>\n&#8222;Pfingsten&#8220; von <a href=\"http:\/\/www.myspace.com\/kommandosonnenmilch\">Kommando Sonne-nmilch<\/a> ist erschienen bei Major Label\/Tr\u00fcmmer.<\/em><\/p>\n","protected":false},"excerpt":{"rendered":"<p>Ein Statement gegen den verkopften Diskursrock: Kommando Sonne-nmilch bringen mit ihrem Dadapunk endlich Schwung in die Mittelstandsdebatten.<\/p>\n","protected":false},"author":118,"featured_media":0,"comment_status":"open","ping_status":"closed","sticky":false,"template":"","format":"standard","meta":{"_jetpack_memberships_contains_paid_content":false,"footnotes":""},"categories":[870],"tags":[],"class_list":["post-5523","post","type-post","status-publish","format-standard","hentry","category-punk"],"yoast_head":"<!-- This site is optimized with the Yoast SEO plugin v21.0 - https:\/\/yoast.com\/wordpress\/plugins\/seo\/ -->\n<title>Das ist jetzt Punk oder was? - Musikblog<\/title>\n<meta name=\"robots\" content=\"index, follow, max-snippet:-1, max-image-preview:large, max-video-preview:-1\" \/>\n<link rel=\"canonical\" href=\"https:\/\/blog.zeit.de\/tontraeger\/2010\/06\/02\/kommando-sonnenmilch_5523\" \/>\n<meta property=\"og:locale\" content=\"de_DE\" \/>\n<meta property=\"og:type\" content=\"article\" \/>\n<meta property=\"og:title\" content=\"Das ist jetzt Punk oder was? - Musikblog\" \/>\n<meta property=\"og:description\" content=\"Ein Statement gegen den verkopften Diskursrock: Kommando Sonne-nmilch bringen mit ihrem Dadapunk endlich Schwung in die Mittelstandsdebatten.\" \/>\n<meta property=\"og:url\" content=\"https:\/\/blog.zeit.de\/tontraeger\/2010\/06\/02\/kommando-sonnenmilch_5523\" \/>\n<meta property=\"og:site_name\" content=\"Tontr\u00e4ger\" \/>\n<meta property=\"article:published_time\" content=\"2010-06-02T06:57:45+00:00\" \/>\n<meta property=\"article:modified_time\" content=\"2010-06-14T12:21:33+00:00\" \/>\n<meta property=\"og:image\" content=\"https:\/\/blog.zeit.de\/tontraeger\/files\/2010\/05\/ks540.jpg\" \/>\n<meta name=\"author\" content=\"Jan Freitag\" \/>\n<meta name=\"twitter:card\" content=\"summary_large_image\" \/>\n<meta name=\"twitter:creator\" content=\"@zeitonline\" \/>\n<meta name=\"twitter:site\" content=\"@zeitonline\" \/>\n<meta name=\"twitter:label1\" content=\"Geschrieben von\" \/>\n\t<meta name=\"twitter:data1\" content=\"Jan Freitag\" \/>\n\t<meta name=\"twitter:label2\" content=\"Gesch\u00e4tzte Lesezeit\" \/>\n\t<meta name=\"twitter:data2\" content=\"2\u00a0Minuten\" \/>\n<script type=\"application\/ld+json\" class=\"yoast-schema-graph\">{\"@context\":\"https:\/\/schema.org\",\"@graph\":[{\"@type\":\"WebPage\",\"@id\":\"https:\/\/blog.zeit.de\/tontraeger\/2010\/06\/02\/kommando-sonnenmilch_5523\",\"url\":\"https:\/\/blog.zeit.de\/tontraeger\/2010\/06\/02\/kommando-sonnenmilch_5523\",\"name\":\"Das ist jetzt Punk oder was? - Musikblog\",\"isPartOf\":{\"@id\":\"https:\/\/blog.zeit.de\/tontraeger\/#website\"},\"datePublished\":\"2010-06-02T06:57:45+00:00\",\"dateModified\":\"2010-06-14T12:21:33+00:00\",\"author\":{\"@id\":\"https:\/\/blog.zeit.de\/tontraeger\/#\/schema\/person\/c8ae38c87080d26cfcf3b6d9126637c1\"},\"breadcrumb\":{\"@id\":\"https:\/\/blog.zeit.de\/tontraeger\/2010\/06\/02\/kommando-sonnenmilch_5523#breadcrumb\"},\"inLanguage\":\"de\",\"potentialAction\":[{\"@type\":\"ReadAction\",\"target\":[\"https:\/\/blog.zeit.de\/tontraeger\/2010\/06\/02\/kommando-sonnenmilch_5523\"]}]},{\"@type\":\"BreadcrumbList\",\"@id\":\"https:\/\/blog.zeit.de\/tontraeger\/2010\/06\/02\/kommando-sonnenmilch_5523#breadcrumb\",\"itemListElement\":[{\"@type\":\"ListItem\",\"position\":1,\"name\":\"Startseite\",\"item\":\"https:\/\/blog.zeit.de\/tontraeger\"},{\"@type\":\"ListItem\",\"position\":2,\"name\":\"Das ist jetzt Punk oder was?\"}]},{\"@type\":\"WebSite\",\"@id\":\"https:\/\/blog.zeit.de\/tontraeger\/#website\",\"url\":\"https:\/\/blog.zeit.de\/tontraeger\/\",\"name\":\"Tontr\u00e4ger\",\"description\":\"Zwischen Disko und Diskurs\",\"potentialAction\":[{\"@type\":\"SearchAction\",\"target\":{\"@type\":\"EntryPoint\",\"urlTemplate\":\"https:\/\/blog.zeit.de\/tontraeger\/?s={search_term_string}\"},\"query-input\":\"required name=search_term_string\"}],\"inLanguage\":\"de\"},{\"@type\":\"Person\",\"@id\":\"https:\/\/blog.zeit.de\/tontraeger\/#\/schema\/person\/c8ae38c87080d26cfcf3b6d9126637c1\",\"name\":\"Jan Freitag\",\"image\":{\"@type\":\"ImageObject\",\"inLanguage\":\"de\",\"@id\":\"https:\/\/blog.zeit.de\/tontraeger\/#\/schema\/person\/image\/\",\"url\":\"https:\/\/secure.gravatar.com\/avatar\/40eb562c55a5ee8def5c5e7a682c0582f7a017504454f7c2e24a052e01de36a2?s=96&d=mm&r=g\",\"contentUrl\":\"https:\/\/secure.gravatar.com\/avatar\/40eb562c55a5ee8def5c5e7a682c0582f7a017504454f7c2e24a052e01de36a2?s=96&d=mm&r=g\",\"caption\":\"Jan Freitag\"},\"url\":\"https:\/\/blog.zeit.de\/tontraeger\/author\/jan-freitag\"}]}<\/script>\n<!-- \/ Yoast SEO plugin. -->","yoast_head_json":{"title":"Das ist jetzt Punk oder was? - Musikblog","robots":{"index":"index","follow":"follow","max-snippet":"max-snippet:-1","max-image-preview":"max-image-preview:large","max-video-preview":"max-video-preview:-1"},"canonical":"https:\/\/blog.zeit.de\/tontraeger\/2010\/06\/02\/kommando-sonnenmilch_5523","og_locale":"de_DE","og_type":"article","og_title":"Das ist jetzt Punk oder was? - Musikblog","og_description":"Ein Statement gegen den verkopften Diskursrock: Kommando Sonne-nmilch bringen mit ihrem Dadapunk endlich Schwung in die Mittelstandsdebatten.","og_url":"https:\/\/blog.zeit.de\/tontraeger\/2010\/06\/02\/kommando-sonnenmilch_5523","og_site_name":"Tontr\u00e4ger","article_published_time":"2010-06-02T06:57:45+00:00","article_modified_time":"2010-06-14T12:21:33+00:00","og_image":[{"url":"https:\/\/blog.zeit.de\/tontraeger\/files\/2010\/05\/ks540.jpg"}],"author":"Jan Freitag","twitter_card":"summary_large_image","twitter_creator":"@zeitonline","twitter_site":"@zeitonline","twitter_misc":{"Geschrieben von":"Jan Freitag","Gesch\u00e4tzte Lesezeit":"2\u00a0Minuten"},"schema":{"@context":"https:\/\/schema.org","@graph":[{"@type":"WebPage","@id":"https:\/\/blog.zeit.de\/tontraeger\/2010\/06\/02\/kommando-sonnenmilch_5523","url":"https:\/\/blog.zeit.de\/tontraeger\/2010\/06\/02\/kommando-sonnenmilch_5523","name":"Das ist jetzt Punk oder was? - Musikblog","isPartOf":{"@id":"https:\/\/blog.zeit.de\/tontraeger\/#website"},"datePublished":"2010-06-02T06:57:45+00:00","dateModified":"2010-06-14T12:21:33+00:00","author":{"@id":"https:\/\/blog.zeit.de\/tontraeger\/#\/schema\/person\/c8ae38c87080d26cfcf3b6d9126637c1"},"breadcrumb":{"@id":"https:\/\/blog.zeit.de\/tontraeger\/2010\/06\/02\/kommando-sonnenmilch_5523#breadcrumb"},"inLanguage":"de","potentialAction":[{"@type":"ReadAction","target":["https:\/\/blog.zeit.de\/tontraeger\/2010\/06\/02\/kommando-sonnenmilch_5523"]}]},{"@type":"BreadcrumbList","@id":"https:\/\/blog.zeit.de\/tontraeger\/2010\/06\/02\/kommando-sonnenmilch_5523#breadcrumb","itemListElement":[{"@type":"ListItem","position":1,"name":"Startseite","item":"https:\/\/blog.zeit.de\/tontraeger"},{"@type":"ListItem","position":2,"name":"Das ist jetzt Punk oder was?"}]},{"@type":"WebSite","@id":"https:\/\/blog.zeit.de\/tontraeger\/#website","url":"https:\/\/blog.zeit.de\/tontraeger\/","name":"Tontr\u00e4ger","description":"Zwischen Disko und Diskurs","potentialAction":[{"@type":"SearchAction","target":{"@type":"EntryPoint","urlTemplate":"https:\/\/blog.zeit.de\/tontraeger\/?s={search_term_string}"},"query-input":"required name=search_term_string"}],"inLanguage":"de"},{"@type":"Person","@id":"https:\/\/blog.zeit.de\/tontraeger\/#\/schema\/person\/c8ae38c87080d26cfcf3b6d9126637c1","name":"Jan Freitag","image":{"@type":"ImageObject","inLanguage":"de","@id":"https:\/\/blog.zeit.de\/tontraeger\/#\/schema\/person\/image\/","url":"https:\/\/secure.gravatar.com\/avatar\/40eb562c55a5ee8def5c5e7a682c0582f7a017504454f7c2e24a052e01de36a2?s=96&d=mm&r=g","contentUrl":"https:\/\/secure.gravatar.com\/avatar\/40eb562c55a5ee8def5c5e7a682c0582f7a017504454f7c2e24a052e01de36a2?s=96&d=mm&r=g","caption":"Jan Freitag"},"url":"https:\/\/blog.zeit.de\/tontraeger\/author\/jan-freitag"}]}},"jetpack_featured_media_url":"","jetpack_sharing_enabled":true,"_links":{"self":[{"href":"https:\/\/blog.zeit.de\/tontraeger\/wp-json\/wp\/v2\/posts\/5523","targetHints":{"allow":["GET"]}}],"collection":[{"href":"https:\/\/blog.zeit.de\/tontraeger\/wp-json\/wp\/v2\/posts"}],"about":[{"href":"https:\/\/blog.zeit.de\/tontraeger\/wp-json\/wp\/v2\/types\/post"}],"author":[{"embeddable":true,"href":"https:\/\/blog.zeit.de\/tontraeger\/wp-json\/wp\/v2\/users\/118"}],"replies":[{"embeddable":true,"href":"https:\/\/blog.zeit.de\/tontraeger\/wp-json\/wp\/v2\/comments?post=5523"}],"version-history":[{"count":0,"href":"https:\/\/blog.zeit.de\/tontraeger\/wp-json\/wp\/v2\/posts\/5523\/revisions"}],"wp:attachment":[{"href":"https:\/\/blog.zeit.de\/tontraeger\/wp-json\/wp\/v2\/media?parent=5523"}],"wp:term":[{"taxonomy":"category","embeddable":true,"href":"https:\/\/blog.zeit.de\/tontraeger\/wp-json\/wp\/v2\/categories?post=5523"},{"taxonomy":"post_tag","embeddable":true,"href":"https:\/\/blog.zeit.de\/tontraeger\/wp-json\/wp\/v2\/tags?post=5523"}],"curies":[{"name":"wp","href":"https:\/\/api.w.org\/{rel}","templated":true}]}}