{"id":563,"date":"2007-11-02T11:51:11","date_gmt":"2007-11-02T09:51:11","guid":{"rendered":"http:\/\/blog.zeit.de\/tontraeger\/2007\/11\/02\/komposition-119m_563"},"modified":"2007-11-02T11:51:11","modified_gmt":"2007-11-02T09:51:11","slug":"komposition-119m","status":"publish","type":"post","link":"https:\/\/blog.zeit.de\/tontraeger\/2007\/11\/02\/komposition-119m_563","title":{"rendered":"Komposition 119m"},"content":{"rendered":"<div class=\"main\">\n<strong>Beim Jazzfestival in Willisau nahm der amerikanische Saxofonist Anthony Braxton ein neues Solo-Album auf. Seine wundersame Musik erz\u00e4hlt von den Widerspr\u00fcchen des Lebens. <\/strong><\/p>\n<div class=\"cover\">\n<img decoding=\"async\" alt=\"Anthony Braxton Solo Willisau\" src=\"https:\/\/blog.zeit.de\/tontraeger\/files\/2007\/10\/braxton-willisau.jpg\" \/><\/div>\n<div class=\"audio_player_old\">\n  <object classid=\"clsid:d27cdb6e-ae6d-11cf-96b8-444553540000\" codebase=\"http:\/\/fpdownload.macromedia.com\/pub\/shockwave\/cabs\/flash\/swflash.cab#version=8,0,0,0\" width=\"200\" height=\"50\" id=\"audio_system\" align=\"middle\"><param name=\"allowScriptAccess\" value=\"sameDomain\"\/><param name=\"movie\" value=\"http:\/\/minos.zeit.de\/vid_comp\/audio_system.swf\" \/><param name=\"quality\" value=\"high\" \/><param name=\"bgcolor\" value=\"#ffffff\" \/><param name=\"flashvars\" value=\"&amp;var_mp3_file=071012\/071012_1192177430-02&amp;var_mp3_artist=Anthony Braxton&amp;var_mp3_title=Things&amp;var_ivw_tag=a_Kultur\/Musik\"\/><\/object>\n<\/div>\n<p>Der afroamerikanische Altsaxofonist <a href=\"http:\/\/www.zeit.de\/online\/2007\/45\/taylor-braxton\">Anthony Braxton<\/a> pflegt eine innige Beziehung zu Deutschland. Seine Karriere begann vor 30 Jahren beim Jazzfestival in <a href=\"https:\/\/blog.zeit.de\/zelt-online\/category\/moers-festival\" target=\"_blank\">Moers<\/a>, er bewundert Bach und Beethoven. <a href=\"http:\/\/www.zeit.de\/2007\/25\/D-Musikklassiker\" target=\"_blank\">Karlheinz Stockhausen<\/a> sei neben Iannis Xenakis, <a href=\"http:\/\/www.zeit.de\/2006\/08\/D-Musikklassiker\" target=\"_blank\">John Coltrane<\/a> und Sun Ra eines seiner Vorbilder, erz\u00e4hlt er. Er habe ihm vor Augen gef\u00fchrt, dass man bis ins hohe Alter unabh\u00e4ngig musizieren k\u00f6nne.<\/p>\n<p>Anthony Braxton ist 62 Jahre alt. In den vergangenen 30 Jahren hat er eine eigene musikalische Sprache entwickelt, einen ehrlichen  k\u00fcnstlerischen Ausdruck. Braxton begreift sich als professionellen Musikstudenten, als jemand, der sein Leben lang lernt. Er setzt sich gerne zwischen die St\u00fchle: Genau genommen, sagt er, sei er nicht einmal Jazzmusiker. Sein Werk sei uneindeutig wie sein Leben zwischen schwarzer und wei\u00dfer Kultur, zwischen Jazz und Klassik, zwischen linker und rechter Politik. Es interessiere ihn, wie die Menschen ihre Hoffnung zur\u00fcckgewinnen k\u00f6nnen.<\/p>\n<p>Sein neues Soloalbum wurde im Jahr 2003 beim schweizer <a href=\"https:\/\/blog.zeit.de\/zelt-online\/category\/jazzfestival-willisau\" target=\"_blank\">Jazzfestival in Willisau<\/a> mitgeschnitten. Die Kompositionen auf der CD tragen Titel wie <em>328 c, 191 j<\/em> und <em>344 b.<\/em> Kleine bunte Grafiken stehen neben den Titeln im CD-Heftchen, es gibt keinen erkl\u00e4renden Text, keine poetische Einleitung. Erstaunlich zur\u00fcckhaltend mutet das an, zumal f\u00fcr einen K\u00fcnstler, der im Gespr\u00e4ch \u00fcber die gedankliche Einheit von Erfahrung, Idee und Transposition referiert.<\/p>\n<p>Neben sieben Eigenkompositionen interpretiert Braxton auf <em>Solo Willisau<\/em> den Jazzklassiker <em>All The Things You Are<\/em> von Jerome Kern. Er f\u00e4llt mit dem Thema ins Haus, insgesamt klingt seine Version fast konventionell angelegt. In der Komposition <em>119 m<\/em> spielt er T\u00f6ne, die an die Melodien und Gesten des Sprechens erinnern, aber unverst\u00e4ndlich bleiben.<\/p>\n<p>Das Leben sei befremdend und wundersch\u00f6n zugleich, sagt Anthony Braxton im Gespr\u00e4ch \u00fcber sein neues Werk. Genau davon handelt die wundersame Musik auf diesem bezaubernden Album. Man sp\u00fcrt, dass er ein gl\u00fccklicher Menschen sein muss, weil seine Arbeit immer gebraucht wird. In normalen Zeiten bl\u00fche und entwickle sich die Musik, in harten Zeiten umso st\u00e4rker. Gerade Musik, die jenseits des gro\u00dfen Marktes existiere, sei wichtig f\u00fcr eine demokratische Gesellschaft, sagt Braxton. Die Reiche zerfielen, doch der Mensch entwickele sich weiter. Jetzt aber habe er keine Zeit mehr zu verschwenden, die Arbeit rufe.<\/p>\n<p><em>\u201eSolo Willisau\u201c von <a href=\"http:\/\/www.wesleyan.edu\/music\/braxton\/\" target=\"_blank\">Anthony Braxton<\/a> ist bei <a href=\"http:\/\/www.intaktrec.ch\/\" target=\"_blank\">Intakt Records<\/a> erschienen.<\/em><\/p>\n<p><em>Cecil Taylor und Anthony Braxton sollten in Italien erstmals im Duo spielen. Als es fast so weit war, kamen die Veranstalter t\u00fcchtig ins Schwitzen. <strong><a href=\"http:\/\/www.zeit.de\/online\/2007\/45\/taylor-braxton\" target=\"_blank\">Lesen Sie hier die Reportage von Fredi Bossard \u00bb<\/a><\/strong><\/em><\/p>\n<p>&#8230;<\/p>\n<p><strong>Weitere Beitr\u00e4ge aus der Kategorie JAZZ<\/strong><br \/>\n<a href=\"https:\/\/blog.zeit.de\/tontraeger\/2007\/10\/24\/alles-auf-xhosa_557\">Simphiwe Dana: \u201eThe One Love Movement On Bantu Biko Street\u201c<\/a> (Skip Records 2007)<br \/>\n<a href=\"https:\/\/blog.zeit.de\/tontraeger\/2007\/09\/28\/liebesbriefe-nach-kanada_532\">Herbie Hancock: \u201eRiver &#8211; The Joni Letters\u201c<\/a> (Verve 2007)<br \/>\n<a href=\"https:\/\/blog.zeit.de\/tontraeger\/2007\/09\/03\/die-grose-wut_509\">Christian Scott: \u201eAnthem\u201c<\/a> (Concord 2007)<br \/>\n<a href=\"https:\/\/blog.zeit.de\/tontraeger\/2007\/08\/29\/die-welt-als-scheibe_506\">Yesterdays New Quintet: \u201eYesterdays Universe\u201c<\/a> (Stones Throw Records 2007)<br \/>\n<a href=\"https:\/\/blog.zeit.de\/tontraeger\/2007\/08\/24\/vierzig-jahre-spater_501\">Charles Mingus: \u201eAt UCLA\u201c<\/a> (Emarcy\/Universal 2007)<\/p>\n<p>Alle Musikangebote von ZEIT online finden Sie unter <a href=\"http:\/\/www.zeit.de\/musik\" target=\"blank\">zeit.de\/musik<\/a><\/div>\n","protected":false},"excerpt":{"rendered":"<p>Beim Jazzfestival in Willisau nahm der amerikanische Saxofonist Anthony Braxton ein neues Solo-Album auf. Seine wundersame Musik erz\u00e4hlt von den Widerspr\u00fcchen des Lebens. Der afroamerikanische Altsaxofonist Anthony Braxton pflegt eine innige Beziehung zu Deutschland. Seine Karriere begann vor 30 Jahren beim Jazzfestival in Moers, er bewundert Bach und Beethoven. Karlheinz Stockhausen sei neben Iannis Xenakis, [&hellip;]<\/p>\n","protected":false},"author":108,"featured_media":0,"comment_status":"open","ping_status":"open","sticky":false,"template":"","format":"standard","meta":{"_jetpack_memberships_contains_paid_content":false,"footnotes":""},"categories":[865],"tags":[],"class_list":["post-563","post","type-post","status-publish","format-standard","hentry","category-jazz"],"yoast_head":"<!-- This site is optimized with the Yoast SEO plugin v21.0 - https:\/\/yoast.com\/wordpress\/plugins\/seo\/ -->\n<title>Komposition 119m - Musikblog<\/title>\n<meta name=\"robots\" content=\"index, follow, max-snippet:-1, max-image-preview:large, max-video-preview:-1\" \/>\n<link rel=\"canonical\" href=\"https:\/\/blog.zeit.de\/tontraeger\/2007\/11\/02\/komposition-119m_563\" \/>\n<meta property=\"og:locale\" content=\"de_DE\" \/>\n<meta property=\"og:type\" content=\"article\" \/>\n<meta property=\"og:title\" content=\"Komposition 119m - Musikblog\" \/>\n<meta property=\"og:description\" content=\"Beim Jazzfestival in Willisau nahm der amerikanische Saxofonist Anthony Braxton ein neues Solo-Album auf. Seine wundersame Musik erz\u00e4hlt von den Widerspr\u00fcchen des Lebens. Der afroamerikanische Altsaxofonist Anthony Braxton pflegt eine innige Beziehung zu Deutschland. Seine Karriere begann vor 30 Jahren beim Jazzfestival in Moers, er bewundert Bach und Beethoven. Karlheinz Stockhausen sei neben Iannis Xenakis, [&hellip;]\" \/>\n<meta property=\"og:url\" content=\"https:\/\/blog.zeit.de\/tontraeger\/2007\/11\/02\/komposition-119m_563\" \/>\n<meta property=\"og:site_name\" content=\"Tontr\u00e4ger\" \/>\n<meta property=\"article:published_time\" content=\"2007-11-02T09:51:11+00:00\" \/>\n<meta property=\"og:image\" content=\"https:\/\/blog.zeit.de\/tontraeger\/files\/2007\/10\/braxton-willisau.jpg\" \/>\n<meta name=\"author\" content=\"Christian Br\u00f6cking\" \/>\n<meta name=\"twitter:card\" content=\"summary_large_image\" \/>\n<meta name=\"twitter:creator\" content=\"@zeitonline\" \/>\n<meta name=\"twitter:site\" content=\"@zeitonline\" \/>\n<meta name=\"twitter:label1\" content=\"Geschrieben von\" \/>\n\t<meta name=\"twitter:data1\" content=\"Christian Br\u00f6cking\" \/>\n\t<meta name=\"twitter:label2\" content=\"Gesch\u00e4tzte Lesezeit\" \/>\n\t<meta name=\"twitter:data2\" content=\"2\u00a0Minuten\" \/>\n<script type=\"application\/ld+json\" class=\"yoast-schema-graph\">{\"@context\":\"https:\/\/schema.org\",\"@graph\":[{\"@type\":\"WebPage\",\"@id\":\"https:\/\/blog.zeit.de\/tontraeger\/2007\/11\/02\/komposition-119m_563\",\"url\":\"https:\/\/blog.zeit.de\/tontraeger\/2007\/11\/02\/komposition-119m_563\",\"name\":\"Komposition 119m - Musikblog\",\"isPartOf\":{\"@id\":\"https:\/\/blog.zeit.de\/tontraeger\/#website\"},\"datePublished\":\"2007-11-02T09:51:11+00:00\",\"dateModified\":\"2007-11-02T09:51:11+00:00\",\"author\":{\"@id\":\"https:\/\/blog.zeit.de\/tontraeger\/#\/schema\/person\/4b8ce94766e9eb95c9f613cca41ae0e3\"},\"breadcrumb\":{\"@id\":\"https:\/\/blog.zeit.de\/tontraeger\/2007\/11\/02\/komposition-119m_563#breadcrumb\"},\"inLanguage\":\"de\",\"potentialAction\":[{\"@type\":\"ReadAction\",\"target\":[\"https:\/\/blog.zeit.de\/tontraeger\/2007\/11\/02\/komposition-119m_563\"]}]},{\"@type\":\"BreadcrumbList\",\"@id\":\"https:\/\/blog.zeit.de\/tontraeger\/2007\/11\/02\/komposition-119m_563#breadcrumb\",\"itemListElement\":[{\"@type\":\"ListItem\",\"position\":1,\"name\":\"Startseite\",\"item\":\"https:\/\/blog.zeit.de\/tontraeger\"},{\"@type\":\"ListItem\",\"position\":2,\"name\":\"Komposition 119m\"}]},{\"@type\":\"WebSite\",\"@id\":\"https:\/\/blog.zeit.de\/tontraeger\/#website\",\"url\":\"https:\/\/blog.zeit.de\/tontraeger\/\",\"name\":\"Tontr\u00e4ger\",\"description\":\"Zwischen Disko und Diskurs\",\"potentialAction\":[{\"@type\":\"SearchAction\",\"target\":{\"@type\":\"EntryPoint\",\"urlTemplate\":\"https:\/\/blog.zeit.de\/tontraeger\/?s={search_term_string}\"},\"query-input\":\"required name=search_term_string\"}],\"inLanguage\":\"de\"},{\"@type\":\"Person\",\"@id\":\"https:\/\/blog.zeit.de\/tontraeger\/#\/schema\/person\/4b8ce94766e9eb95c9f613cca41ae0e3\",\"name\":\"Christian Br\u00f6cking\",\"image\":{\"@type\":\"ImageObject\",\"inLanguage\":\"de\",\"@id\":\"https:\/\/blog.zeit.de\/tontraeger\/#\/schema\/person\/image\/\",\"url\":\"https:\/\/secure.gravatar.com\/avatar\/?s=96&d=mm&r=g\",\"contentUrl\":\"https:\/\/secure.gravatar.com\/avatar\/?s=96&d=mm&r=g\",\"caption\":\"Christian Br\u00f6cking\"},\"url\":\"https:\/\/blog.zeit.de\/tontraeger\/author\/christian-broecking\"}]}<\/script>\n<!-- \/ Yoast SEO plugin. -->","yoast_head_json":{"title":"Komposition 119m - Musikblog","robots":{"index":"index","follow":"follow","max-snippet":"max-snippet:-1","max-image-preview":"max-image-preview:large","max-video-preview":"max-video-preview:-1"},"canonical":"https:\/\/blog.zeit.de\/tontraeger\/2007\/11\/02\/komposition-119m_563","og_locale":"de_DE","og_type":"article","og_title":"Komposition 119m - Musikblog","og_description":"Beim Jazzfestival in Willisau nahm der amerikanische Saxofonist Anthony Braxton ein neues Solo-Album auf. Seine wundersame Musik erz\u00e4hlt von den Widerspr\u00fcchen des Lebens. Der afroamerikanische Altsaxofonist Anthony Braxton pflegt eine innige Beziehung zu Deutschland. Seine Karriere begann vor 30 Jahren beim Jazzfestival in Moers, er bewundert Bach und Beethoven. Karlheinz Stockhausen sei neben Iannis Xenakis, [&hellip;]","og_url":"https:\/\/blog.zeit.de\/tontraeger\/2007\/11\/02\/komposition-119m_563","og_site_name":"Tontr\u00e4ger","article_published_time":"2007-11-02T09:51:11+00:00","og_image":[{"url":"https:\/\/blog.zeit.de\/tontraeger\/files\/2007\/10\/braxton-willisau.jpg"}],"author":"Christian Br\u00f6cking","twitter_card":"summary_large_image","twitter_creator":"@zeitonline","twitter_site":"@zeitonline","twitter_misc":{"Geschrieben von":"Christian Br\u00f6cking","Gesch\u00e4tzte Lesezeit":"2\u00a0Minuten"},"schema":{"@context":"https:\/\/schema.org","@graph":[{"@type":"WebPage","@id":"https:\/\/blog.zeit.de\/tontraeger\/2007\/11\/02\/komposition-119m_563","url":"https:\/\/blog.zeit.de\/tontraeger\/2007\/11\/02\/komposition-119m_563","name":"Komposition 119m - Musikblog","isPartOf":{"@id":"https:\/\/blog.zeit.de\/tontraeger\/#website"},"datePublished":"2007-11-02T09:51:11+00:00","dateModified":"2007-11-02T09:51:11+00:00","author":{"@id":"https:\/\/blog.zeit.de\/tontraeger\/#\/schema\/person\/4b8ce94766e9eb95c9f613cca41ae0e3"},"breadcrumb":{"@id":"https:\/\/blog.zeit.de\/tontraeger\/2007\/11\/02\/komposition-119m_563#breadcrumb"},"inLanguage":"de","potentialAction":[{"@type":"ReadAction","target":["https:\/\/blog.zeit.de\/tontraeger\/2007\/11\/02\/komposition-119m_563"]}]},{"@type":"BreadcrumbList","@id":"https:\/\/blog.zeit.de\/tontraeger\/2007\/11\/02\/komposition-119m_563#breadcrumb","itemListElement":[{"@type":"ListItem","position":1,"name":"Startseite","item":"https:\/\/blog.zeit.de\/tontraeger"},{"@type":"ListItem","position":2,"name":"Komposition 119m"}]},{"@type":"WebSite","@id":"https:\/\/blog.zeit.de\/tontraeger\/#website","url":"https:\/\/blog.zeit.de\/tontraeger\/","name":"Tontr\u00e4ger","description":"Zwischen Disko und Diskurs","potentialAction":[{"@type":"SearchAction","target":{"@type":"EntryPoint","urlTemplate":"https:\/\/blog.zeit.de\/tontraeger\/?s={search_term_string}"},"query-input":"required name=search_term_string"}],"inLanguage":"de"},{"@type":"Person","@id":"https:\/\/blog.zeit.de\/tontraeger\/#\/schema\/person\/4b8ce94766e9eb95c9f613cca41ae0e3","name":"Christian Br\u00f6cking","image":{"@type":"ImageObject","inLanguage":"de","@id":"https:\/\/blog.zeit.de\/tontraeger\/#\/schema\/person\/image\/","url":"https:\/\/secure.gravatar.com\/avatar\/?s=96&d=mm&r=g","contentUrl":"https:\/\/secure.gravatar.com\/avatar\/?s=96&d=mm&r=g","caption":"Christian Br\u00f6cking"},"url":"https:\/\/blog.zeit.de\/tontraeger\/author\/christian-broecking"}]}},"jetpack_featured_media_url":"","jetpack_sharing_enabled":true,"_links":{"self":[{"href":"https:\/\/blog.zeit.de\/tontraeger\/wp-json\/wp\/v2\/posts\/563","targetHints":{"allow":["GET"]}}],"collection":[{"href":"https:\/\/blog.zeit.de\/tontraeger\/wp-json\/wp\/v2\/posts"}],"about":[{"href":"https:\/\/blog.zeit.de\/tontraeger\/wp-json\/wp\/v2\/types\/post"}],"author":[{"embeddable":true,"href":"https:\/\/blog.zeit.de\/tontraeger\/wp-json\/wp\/v2\/users\/108"}],"replies":[{"embeddable":true,"href":"https:\/\/blog.zeit.de\/tontraeger\/wp-json\/wp\/v2\/comments?post=563"}],"version-history":[{"count":0,"href":"https:\/\/blog.zeit.de\/tontraeger\/wp-json\/wp\/v2\/posts\/563\/revisions"}],"wp:attachment":[{"href":"https:\/\/blog.zeit.de\/tontraeger\/wp-json\/wp\/v2\/media?parent=563"}],"wp:term":[{"taxonomy":"category","embeddable":true,"href":"https:\/\/blog.zeit.de\/tontraeger\/wp-json\/wp\/v2\/categories?post=563"},{"taxonomy":"post_tag","embeddable":true,"href":"https:\/\/blog.zeit.de\/tontraeger\/wp-json\/wp\/v2\/tags?post=563"}],"curies":[{"name":"wp","href":"https:\/\/api.w.org\/{rel}","templated":true}]}}