{"id":608,"date":"2007-12-24T00:02:12","date_gmt":"2007-12-23T22:02:12","guid":{"rendered":"http:\/\/blog.zeit.de\/tontraeger\/2007\/12\/23\/weihnachten-in-bienenwachs_608"},"modified":"2007-12-24T00:02:12","modified_gmt":"2007-12-23T22:02:12","slug":"weihnachten-in-bienenwachs","status":"publish","type":"post","link":"https:\/\/blog.zeit.de\/tontraeger\/2007\/12\/24\/weihnachten-in-bienenwachs_608","title":{"rendered":"Fest in Bienenwachs"},"content":{"rendered":"<div class=\"main\">\n<strong><a href=\"https:\/\/blog.zeit.de\/tontraeger\/2006\/08\/01\/uber-die-jahre_118\">\u00dcber die Jahre (29)<\/a>: Weihnachtsplatten sind unertr\u00e4glich? Diese nicht. Vor acht Jahren vers\u00fc\u00dften Low unserem Autor zum ersten Mal die Adventszeit, seitdem immer wieder.<\/strong><\/p>\n<div class=\"cover\"><img src='https:\/\/blog.zeit.de\/tontraeger\/files\/2007\/12\/low-christmas200.jpg' alt='Low Christmas' \/><\/div>\n<div class=\"audio_player_old\">\n  <object classid=\"clsid:d27cdb6e-ae6d-11cf-96b8-444553540000\" codebase=\"http:\/\/fpdownload.macromedia.com\/pub\/shockwave\/cabs\/flash\/swflash.cab#version=8,0,0,0\" width=\"200\" height=\"50\" id=\"audio_system\" align=\"middle\"><param name=\"allowScriptAccess\" value=\"sameDomain\"\/><param name=\"movie\" value=\"http:\/\/minos.zeit.de\/vid_comp\/audio_system.swf\" \/><param name=\"quality\" value=\"high\" \/><param name=\"bgcolor\" value=\"#ffffff\" \/><param name=\"flashvars\" value=\"&amp;var_mp3_file=071218\/071218_1197971111-02&amp;var_mp3_artist=Low&amp;var_mp3_title=If You Were Born Today&amp;var_ivw_tag=a_Kultur\/Musik\"\/><\/object>\n<\/div>\n<p>Das Schlimmste an Weihnachten ist die Musik! Mal ehrlich: Weihnachtsplatten sind das Gaukelwerk abgehalfterter Popstars. Die schnelle Mark mit der eigenen Einfallslosigkeit und dem W\u00e4rmebed\u00fcrfnis der Fans zu verdienen, ist so absto\u00dfend wie zynisch.<\/p>\n<p>Es gibt wenige Ausnahmen. Zwischen den grellen L\u00e4mpchen von Wham und Chris Rea, C\u00e9line Dion und Andr\u00e9 Rieu funkelt verhalten ein warmes Bienenwachskerzenlicht: <em>Christmas<\/em> von der Gruppe Low, einem Trio aus Duluth, Minnesota. Angef\u00fchrt vom Mormonenpaar Alan Sparhawk und Mimi Parker machen sie and\u00e4chtige Musik, die ohne Kitsch auskommt. Lange galten sie als langsamste Band der Welt. Low spielen in Minimalbesetzung, zu dritt stehen sie aufgereiht vor einem roten Vorhang: rechts der Bass von Zak Sally, links die Gitarre von Alan Sparhawk und in der Mitte Mimi Parker mit Mikrofon und etwas Schlagwerk. Ist das Pop? Ist das Rock? Oder etwa Folk? Egal.<\/p>\n<p>T\u00f6ne stellen sie in den Raum, breiten sie aus, lassen sie verhallen. Dar\u00fcber schwebt ein Gesang, der das Herz erw\u00e4rmt. Alan Sparhawk und Mimi Parker harmonieren hervorragend. Wenn sie zusammen ins Mikrofon hauchen, entstehen Momente der Magie. Die Welt bleibt einen Augenblick stehen, man kann durchatmen und Geschehenes betrachten.<\/p>\n<p>Im Jahr 1999 haben Low dieses Album aufgenommen, es befinden sich acht Weihnachtslieder darauf. Sie haben die CD im Eigenverlag ver\u00f6ffentlicht \u2013 eigentlich nur f\u00fcr einen kleine Fangemeinde. Seither wird es immer wieder aufgelegt. <em>Christmas<\/em> verbindet weihnachtlichen Frohsinn mit Melancholie und D\u00fcsterkeit. Low spielen darauf einige klassische Weihnachtslieder wie <em>Little Drummer Boy<\/em> und <em>Silent Night<\/em> in sehr ruhigen Versionen. Ihr <em>Blue Christmas<\/em> ist <em>White Christmas<\/em> f\u00fcr Trauerkl\u00f6\u00dfe. Das St\u00fcck haben schon Elvis, C\u00e9line Dion und der Punkrocker Billy Idol gesungen, bei Low leuchtet es wie der Polarstern: <em>\u201eYou\u2019ll be doing alright with your christmas of white\u201c.<\/em> Aus Mimi Parkers Stimme klingt eine Spur abgr\u00fcndigen Humors. Dazu gibt es eigene St\u00fccke der Band zu h\u00f6ren.<\/p>\n<p><em>Christmas<\/em> ist eine ungew\u00f6hnlich kunstvolle Platte. Im Gesang herrscht Harmonie, in der Musik tauchen immer wieder Dissonanzen auf. Sparsam streut Zak Sally seine dumpfen T\u00f6ne ein. Low sind moderne religi\u00f6se K\u00fcnstler, sie machen religi\u00f6se Kunst modern. Zur Hintergrundbeschallung beim Auspacken der Geschenke ist diese Platte zu schade.<\/p>\n<p><em>\u201eChristmas\u201c von <a href=\"http:\/\/www.chairkickers.com\/default.html\" target=\"_blank\">Low<\/a> ist erstmals im Jahr 1999 bei Chairkicker&#8217;s Music\/Rough Trade erschienen.<\/em><\/p>\n<p><em>Der Tontr\u00e4ger geht nun in den Festtagsurlaub und legt am 2. Januar die n\u00e4chste Platte auf.<\/em><\/p>\n<p>&#8230;<\/p>\n<p><strong>Weitere Beitr\u00e4ge aus der Serie \u00dcBER DIE JAHRE<\/strong><br \/>\n(28) <a href=\"https:\/\/blog.zeit.de\/tontraeger\/2007\/12\/10\/so-will-ich-auch-sein_601\">Nena: \u201eNena\u201c<\/a> (1983)<br \/>\n(27) <a href=\"https:\/\/blog.zeit.de\/tontraeger\/2007\/10\/17\/sex-im-gottesdienst_545\">Curtis Mayfield: \u201eBack To The World\u201c<\/a> (1973)<br \/>\n(26) <a href=\"https:\/\/blog.zeit.de\/tontraeger\/2007\/09\/24\/freudlos-glucklich_531\">Codeine: \u201eThe White Birch\u201c<\/a> (1994)<br \/>\n(25) <a href=\"https:\/\/blog.zeit.de\/tontraeger\/2007\/08\/17\/unter-dem-doppeldeckerbus_496\">The Smiths: \u201eThe Queen Is Dead\u201c<\/a> (1986)<br \/>\n(24) <a href=\"https:\/\/blog.zeit.de\/tontraeger\/2007\/07\/13\/du-singst-wie-an-der-bushaltestelle_448\">Young Marble Giants: \u201eColossal Youth\u201c<\/a> (1980)<\/p>\n<p><a href=\"https:\/\/blog.zeit.de\/tontraeger\/category\/1\">Hier finden Sie eine Liste aller in der Serie erschienenen Beitr\u00e4ge<\/a>.<\/p>\n<p>Alle Musikangebote von ZEIT online finden Sie unter <a target=\"_blank\" href=\"http:\/\/www.zeit.de\/musik\">www.zeit.de\/musik<\/a><\/div>\n","protected":false},"excerpt":{"rendered":"<p>\u00dcber die Jahre (29): Weihnachtsplatten sind unertr\u00e4glich? Diese nicht. Vor acht Jahren vers\u00fc\u00dften Low unserem Autor zum ersten Mal die Adventszeit, seitdem immer wieder. Das Schlimmste an Weihnachten ist die Musik! Mal ehrlich: Weihnachtsplatten sind das Gaukelwerk abgehalfterter Popstars. Die schnelle Mark mit der eigenen Einfallslosigkeit und dem W\u00e4rmebed\u00fcrfnis der Fans zu verdienen, ist so [&hellip;]<\/p>\n","protected":false},"author":106,"featured_media":0,"comment_status":"open","ping_status":"open","sticky":false,"template":"","format":"standard","meta":{"_jetpack_memberships_contains_paid_content":false,"footnotes":""},"categories":[869],"tags":[],"class_list":["post-608","post","type-post","status-publish","format-standard","hentry","category-pop"],"yoast_head":"<!-- This site is optimized with the Yoast SEO plugin v21.0 - https:\/\/yoast.com\/wordpress\/plugins\/seo\/ -->\n<title>Fest in Bienenwachs - Musikblog<\/title>\n<meta name=\"robots\" content=\"index, follow, max-snippet:-1, max-image-preview:large, max-video-preview:-1\" \/>\n<link rel=\"canonical\" href=\"https:\/\/blog.zeit.de\/tontraeger\/2007\/12\/24\/weihnachten-in-bienenwachs_608\" \/>\n<meta property=\"og:locale\" content=\"de_DE\" \/>\n<meta property=\"og:type\" content=\"article\" \/>\n<meta property=\"og:title\" content=\"Fest in Bienenwachs - Musikblog\" \/>\n<meta property=\"og:description\" content=\"\u00dcber die Jahre (29): Weihnachtsplatten sind unertr\u00e4glich? Diese nicht. Vor acht Jahren vers\u00fc\u00dften Low unserem Autor zum ersten Mal die Adventszeit, seitdem immer wieder. Das Schlimmste an Weihnachten ist die Musik! Mal ehrlich: Weihnachtsplatten sind das Gaukelwerk abgehalfterter Popstars. Die schnelle Mark mit der eigenen Einfallslosigkeit und dem W\u00e4rmebed\u00fcrfnis der Fans zu verdienen, ist so [&hellip;]\" \/>\n<meta property=\"og:url\" content=\"https:\/\/blog.zeit.de\/tontraeger\/2007\/12\/24\/weihnachten-in-bienenwachs_608\" \/>\n<meta property=\"og:site_name\" content=\"Tontr\u00e4ger\" \/>\n<meta property=\"article:published_time\" content=\"2007-12-23T22:02:12+00:00\" \/>\n<meta property=\"og:image\" content=\"https:\/\/blog.zeit.de\/tontraeger\/files\/2007\/12\/low-christmas200.jpg\" \/>\n<meta name=\"author\" content=\"Sebastian Reier\" \/>\n<meta name=\"twitter:card\" content=\"summary_large_image\" \/>\n<meta name=\"twitter:creator\" content=\"@zeitonline\" \/>\n<meta name=\"twitter:site\" content=\"@zeitonline\" \/>\n<meta name=\"twitter:label1\" content=\"Geschrieben von\" \/>\n\t<meta name=\"twitter:data1\" content=\"Sebastian Reier\" \/>\n\t<meta name=\"twitter:label2\" content=\"Gesch\u00e4tzte Lesezeit\" \/>\n\t<meta name=\"twitter:data2\" content=\"2\u00a0Minuten\" \/>\n<script type=\"application\/ld+json\" class=\"yoast-schema-graph\">{\"@context\":\"https:\/\/schema.org\",\"@graph\":[{\"@type\":\"WebPage\",\"@id\":\"https:\/\/blog.zeit.de\/tontraeger\/2007\/12\/24\/weihnachten-in-bienenwachs_608\",\"url\":\"https:\/\/blog.zeit.de\/tontraeger\/2007\/12\/24\/weihnachten-in-bienenwachs_608\",\"name\":\"Fest in Bienenwachs - Musikblog\",\"isPartOf\":{\"@id\":\"https:\/\/blog.zeit.de\/tontraeger\/#website\"},\"datePublished\":\"2007-12-23T22:02:12+00:00\",\"dateModified\":\"2007-12-23T22:02:12+00:00\",\"author\":{\"@id\":\"https:\/\/blog.zeit.de\/tontraeger\/#\/schema\/person\/f8485138cb2e012613a1c0f835997137\"},\"breadcrumb\":{\"@id\":\"https:\/\/blog.zeit.de\/tontraeger\/2007\/12\/24\/weihnachten-in-bienenwachs_608#breadcrumb\"},\"inLanguage\":\"de\",\"potentialAction\":[{\"@type\":\"ReadAction\",\"target\":[\"https:\/\/blog.zeit.de\/tontraeger\/2007\/12\/24\/weihnachten-in-bienenwachs_608\"]}]},{\"@type\":\"BreadcrumbList\",\"@id\":\"https:\/\/blog.zeit.de\/tontraeger\/2007\/12\/24\/weihnachten-in-bienenwachs_608#breadcrumb\",\"itemListElement\":[{\"@type\":\"ListItem\",\"position\":1,\"name\":\"Startseite\",\"item\":\"https:\/\/blog.zeit.de\/tontraeger\"},{\"@type\":\"ListItem\",\"position\":2,\"name\":\"Fest in Bienenwachs\"}]},{\"@type\":\"WebSite\",\"@id\":\"https:\/\/blog.zeit.de\/tontraeger\/#website\",\"url\":\"https:\/\/blog.zeit.de\/tontraeger\/\",\"name\":\"Tontr\u00e4ger\",\"description\":\"Zwischen Disko und Diskurs\",\"potentialAction\":[{\"@type\":\"SearchAction\",\"target\":{\"@type\":\"EntryPoint\",\"urlTemplate\":\"https:\/\/blog.zeit.de\/tontraeger\/?s={search_term_string}\"},\"query-input\":\"required name=search_term_string\"}],\"inLanguage\":\"de\"},{\"@type\":\"Person\",\"@id\":\"https:\/\/blog.zeit.de\/tontraeger\/#\/schema\/person\/f8485138cb2e012613a1c0f835997137\",\"name\":\"Sebastian Reier\",\"image\":{\"@type\":\"ImageObject\",\"inLanguage\":\"de\",\"@id\":\"https:\/\/blog.zeit.de\/tontraeger\/#\/schema\/person\/image\/\",\"url\":\"https:\/\/secure.gravatar.com\/avatar\/?s=96&d=mm&r=g\",\"contentUrl\":\"https:\/\/secure.gravatar.com\/avatar\/?s=96&d=mm&r=g\",\"caption\":\"Sebastian Reier\"},\"url\":\"https:\/\/blog.zeit.de\/tontraeger\/author\/sebastian-reier\"}]}<\/script>\n<!-- \/ Yoast SEO plugin. -->","yoast_head_json":{"title":"Fest in Bienenwachs - Musikblog","robots":{"index":"index","follow":"follow","max-snippet":"max-snippet:-1","max-image-preview":"max-image-preview:large","max-video-preview":"max-video-preview:-1"},"canonical":"https:\/\/blog.zeit.de\/tontraeger\/2007\/12\/24\/weihnachten-in-bienenwachs_608","og_locale":"de_DE","og_type":"article","og_title":"Fest in Bienenwachs - Musikblog","og_description":"\u00dcber die Jahre (29): Weihnachtsplatten sind unertr\u00e4glich? Diese nicht. Vor acht Jahren vers\u00fc\u00dften Low unserem Autor zum ersten Mal die Adventszeit, seitdem immer wieder. Das Schlimmste an Weihnachten ist die Musik! Mal ehrlich: Weihnachtsplatten sind das Gaukelwerk abgehalfterter Popstars. Die schnelle Mark mit der eigenen Einfallslosigkeit und dem W\u00e4rmebed\u00fcrfnis der Fans zu verdienen, ist so [&hellip;]","og_url":"https:\/\/blog.zeit.de\/tontraeger\/2007\/12\/24\/weihnachten-in-bienenwachs_608","og_site_name":"Tontr\u00e4ger","article_published_time":"2007-12-23T22:02:12+00:00","og_image":[{"url":"https:\/\/blog.zeit.de\/tontraeger\/files\/2007\/12\/low-christmas200.jpg"}],"author":"Sebastian Reier","twitter_card":"summary_large_image","twitter_creator":"@zeitonline","twitter_site":"@zeitonline","twitter_misc":{"Geschrieben von":"Sebastian Reier","Gesch\u00e4tzte Lesezeit":"2\u00a0Minuten"},"schema":{"@context":"https:\/\/schema.org","@graph":[{"@type":"WebPage","@id":"https:\/\/blog.zeit.de\/tontraeger\/2007\/12\/24\/weihnachten-in-bienenwachs_608","url":"https:\/\/blog.zeit.de\/tontraeger\/2007\/12\/24\/weihnachten-in-bienenwachs_608","name":"Fest in Bienenwachs - Musikblog","isPartOf":{"@id":"https:\/\/blog.zeit.de\/tontraeger\/#website"},"datePublished":"2007-12-23T22:02:12+00:00","dateModified":"2007-12-23T22:02:12+00:00","author":{"@id":"https:\/\/blog.zeit.de\/tontraeger\/#\/schema\/person\/f8485138cb2e012613a1c0f835997137"},"breadcrumb":{"@id":"https:\/\/blog.zeit.de\/tontraeger\/2007\/12\/24\/weihnachten-in-bienenwachs_608#breadcrumb"},"inLanguage":"de","potentialAction":[{"@type":"ReadAction","target":["https:\/\/blog.zeit.de\/tontraeger\/2007\/12\/24\/weihnachten-in-bienenwachs_608"]}]},{"@type":"BreadcrumbList","@id":"https:\/\/blog.zeit.de\/tontraeger\/2007\/12\/24\/weihnachten-in-bienenwachs_608#breadcrumb","itemListElement":[{"@type":"ListItem","position":1,"name":"Startseite","item":"https:\/\/blog.zeit.de\/tontraeger"},{"@type":"ListItem","position":2,"name":"Fest in Bienenwachs"}]},{"@type":"WebSite","@id":"https:\/\/blog.zeit.de\/tontraeger\/#website","url":"https:\/\/blog.zeit.de\/tontraeger\/","name":"Tontr\u00e4ger","description":"Zwischen Disko und Diskurs","potentialAction":[{"@type":"SearchAction","target":{"@type":"EntryPoint","urlTemplate":"https:\/\/blog.zeit.de\/tontraeger\/?s={search_term_string}"},"query-input":"required name=search_term_string"}],"inLanguage":"de"},{"@type":"Person","@id":"https:\/\/blog.zeit.de\/tontraeger\/#\/schema\/person\/f8485138cb2e012613a1c0f835997137","name":"Sebastian Reier","image":{"@type":"ImageObject","inLanguage":"de","@id":"https:\/\/blog.zeit.de\/tontraeger\/#\/schema\/person\/image\/","url":"https:\/\/secure.gravatar.com\/avatar\/?s=96&d=mm&r=g","contentUrl":"https:\/\/secure.gravatar.com\/avatar\/?s=96&d=mm&r=g","caption":"Sebastian Reier"},"url":"https:\/\/blog.zeit.de\/tontraeger\/author\/sebastian-reier"}]}},"jetpack_featured_media_url":"","jetpack_sharing_enabled":true,"_links":{"self":[{"href":"https:\/\/blog.zeit.de\/tontraeger\/wp-json\/wp\/v2\/posts\/608","targetHints":{"allow":["GET"]}}],"collection":[{"href":"https:\/\/blog.zeit.de\/tontraeger\/wp-json\/wp\/v2\/posts"}],"about":[{"href":"https:\/\/blog.zeit.de\/tontraeger\/wp-json\/wp\/v2\/types\/post"}],"author":[{"embeddable":true,"href":"https:\/\/blog.zeit.de\/tontraeger\/wp-json\/wp\/v2\/users\/106"}],"replies":[{"embeddable":true,"href":"https:\/\/blog.zeit.de\/tontraeger\/wp-json\/wp\/v2\/comments?post=608"}],"version-history":[{"count":0,"href":"https:\/\/blog.zeit.de\/tontraeger\/wp-json\/wp\/v2\/posts\/608\/revisions"}],"wp:attachment":[{"href":"https:\/\/blog.zeit.de\/tontraeger\/wp-json\/wp\/v2\/media?parent=608"}],"wp:term":[{"taxonomy":"category","embeddable":true,"href":"https:\/\/blog.zeit.de\/tontraeger\/wp-json\/wp\/v2\/categories?post=608"},{"taxonomy":"post_tag","embeddable":true,"href":"https:\/\/blog.zeit.de\/tontraeger\/wp-json\/wp\/v2\/tags?post=608"}],"curies":[{"name":"wp","href":"https:\/\/api.w.org\/{rel}","templated":true}]}}