{"id":6484,"date":"2010-09-27T15:07:50","date_gmt":"2010-09-27T13:07:50","guid":{"rendered":"http:\/\/blog.zeit.de\/tontraeger\/?p=6484"},"modified":"2010-10-01T09:52:25","modified_gmt":"2010-10-01T07:52:25","slug":"john-legend-the-roots","status":"publish","type":"post","link":"https:\/\/blog.zeit.de\/tontraeger\/2010\/09\/27\/john-legend-the-roots_6484","title":{"rendered":"Obamas Widerhall"},"content":{"rendered":"<p><strong>Die schlagkr\u00e4ftigste Links-Rechts-Kombination seit Martin Luther King und Malcolm X: Der S\u00e4nger John Legend hat mit The Roots Songs des afroamerikanischen Aufbruchs eingespielt.<\/strong><\/p>\n<p><figure id=\"attachment_6489\" aria-describedby=\"caption-attachment-6489\" style=\"width: 540px\" class=\"wp-caption aligncenter\"><img loading=\"lazy\" decoding=\"async\" src=\"https:\/\/blog.zeit.de\/tontraeger\/files\/2010\/09\/roots-legend-540x304.jpg\" alt=\"\" width=\"540\" height=\"304\" class=\"size-full wp-image-6489\" srcset=\"https:\/\/blog.zeit.de\/tontraeger\/files\/2010\/09\/roots-legend-540x304.jpg 540w, https:\/\/blog.zeit.de\/tontraeger\/files\/2010\/09\/roots-legend-540x304-300x168.jpg 300w\" sizes=\"auto, (max-width: 540px) 100vw, 540px\" \/><figcaption id=\"caption-attachment-6489\" class=\"wp-caption-text\">\u00a9 Columbia<\/figcaption><\/figure><!--more--><\/p>\n<p>Es gab Pat und Patachon. Es gab Dick und Doof. Es gab Nick Cave und Kylie Minogue. Nun gibt es John Legend &amp; The Roots, vielleicht nicht die absurdeste Paarung in der Geschichte seltsamer Kombinationen, aber doch eine recht eigenwillige.<\/p>\n<p>Zumindest auf den allerersten Blick: In der einen Ecke steht der wie aus dem Ei gepellte, in Kirchench\u00f6ren musikalisch sozialisierte Legend, der Gro\u00dfmeister der schillernden Oberfl\u00e4che aus Springfield, dem der R&#8217;n&#8217;B in erster Linie eine auf Hochglanz polierte Liebeserkl\u00e4rung an den lieben Gott ist. In der anderen warten die Herausforderer aus Philadelphia, die eher fusseligen, aus dem Hip-Hop kommenden Roots, die den Soul als Dreckschaufelei in den dunkelsten Ecken der Seele verstehen. <\/p>\n<p>Doch anstatt sich gegenseitig auf die Nase zu hauen, verb\u00fcnden sich die schwergewichtigen Kontrahenten auf <em>Wake Up!<\/em> zur schlagkr\u00e4ftigsten Links-Rechts-Kombination seit Martin Luther King und Malcolm X. John Legend und Ahmir &#8222;?uestlove&#8220; Thompson, Schlagzeuger und Mastermind der Roots, haben Polit- und Protestsongs aus den Sechzigern und Siebzigern, den goldenen Jahrzehnten des schwarzen Soul, zusammengestellt. Die Auswahl wird &#8211; neben wenigen halbwegs prominenten St\u00fccken wie Marvin Gayes <em>Wholy Holy<\/em> \u2013 jedoch dominiert von kaum bekannten Songs.<\/p>\n<p>Die Idee dazu entstand im Sommer 2008, als die USA w\u00e4hrend des Vorwahlkampfes der Demokraten erstmals vom Obama-Fieber erfasst wurden: Die Coverversionen sollten die damalige Aufbruchstimmung einfangen. Heute nun ist Barack Obama ein dreiviertel Jahr im Amt. Dorthin ist er unter anderem gekommen, <a href=\"http:\/\/www.zeit.de\/2008\/09\/Obama\">weil sich Popmusiker f\u00fcr ihn engagiert haben<\/a>, weil Hymnen auf ihn geschrieben und gerappt wurden. Doch w\u00e4hrend auf dem politischen Feld die Euphorie der Ern\u00fcchterung gewichen ist, hat sich auch <em>Wake Up!<\/em> verwandelt: Aus einem Instrument des politischen Kampfes ist ein historischer R\u00fcckblick geworden, ein bisweilen auch sentimentaler.<\/p>\n<p>Denn auch wenn sie immer wieder durch Rap-Einlagen auf die Moderne verweisen, beziehen sich Legend und Thompson doch vor allem auf den von kr\u00e4ftigen Blechbl\u00e4sern, Jazz-Einfl\u00fcssen und butterweichen Arrangements gepr\u00e4gten <em>Philly Soul<\/em>, etwas weniger auch auf die ebenso pr\u00e4genden Stax Records oder den poppigeren Entwurf von <a href=\"http:\/\/www.zeit.de\/kultur\/musik\/2009-11\/bg-motown\">Motown<\/a>. <\/p>\n<p>So wird <em>Compared To What<\/em> beherrscht von steinschweren Bl\u00e4sers\u00e4tzen, und <em>Wake Up Everybody<\/em> ist ein herzerweichend schmalzendes Duett mit Melanie Fiona, in dem es allerdings eben weniger um Liebe geht, als gleich um die Rettung der Welt. <em>If I Can\u2019t Write Left Handed<\/em> zitiert den w\u00fctenden <em>Talking Soul<\/em> eines Gil Scott-Heron, das gospelgleiche <em>I Wish I Knew How It Would Feel To Be Free<\/em> macht gar einem <em>We Shall Overcome<\/em> Konkurrenz. <\/p>\n<p>Aber es geht auch anders: In <em>Love (The Way It Should Be)<\/em>, im Original vom jamaikanischen S\u00e4nger Prince Lincoln Thompson, fleht Legend \u00fcber einem tr\u00e4gen Reggae-Rhythmus um &#8222;Gerechtigkeit und ein bisschen Frieden&#8220; und setzt doch, ungewohnt f\u00fcr ihn, keinen Schn\u00f6rkel zuviel.<\/p>\n<p>Zum Abschluss aber, in seiner einzigen eigenen Kompositon <em>Shine<\/em>, findet der S\u00e4nger schlie\u00dflich wieder ganz zu sich. Da darf die zweifellos begnadete Stimme jede Silbe knuddeln, als sei sie die letzte. Die Kampfeslust geht dabei vielleicht verloren. Der Soul aber, der bleibt f\u00fcr immer.<\/p>\n<p><em>&#8222;Wake Up!&#8220; von John Legend &amp; The Roots ist erschienen bei Columbia\/SonyBMG<\/em><\/p>\n","protected":false},"excerpt":{"rendered":"<p>Die schlagkr\u00e4ftigste Links-Rechts-Kombination seit Martin Luther King und Malcolm X: Der S\u00e4nger John Legend hat mit The Roots Songs des afroamerikanischen Aufbruchs eingespielt.<\/p>\n","protected":false},"author":127,"featured_media":0,"comment_status":"open","ping_status":"closed","sticky":false,"template":"","format":"standard","meta":{"_jetpack_memberships_contains_paid_content":false,"footnotes":""},"categories":[875],"tags":[],"class_list":["post-6484","post","type-post","status-publish","format-standard","hentry","category-soul"],"yoast_head":"<!-- This site is optimized with the Yoast SEO plugin v21.0 - https:\/\/yoast.com\/wordpress\/plugins\/seo\/ -->\n<title>Obamas Widerhall - Musikblog<\/title>\n<meta name=\"robots\" content=\"index, follow, max-snippet:-1, max-image-preview:large, max-video-preview:-1\" \/>\n<link rel=\"canonical\" href=\"https:\/\/blog.zeit.de\/tontraeger\/2010\/09\/27\/john-legend-the-roots_6484\" \/>\n<meta property=\"og:locale\" content=\"de_DE\" \/>\n<meta property=\"og:type\" content=\"article\" \/>\n<meta property=\"og:title\" content=\"Obamas Widerhall - Musikblog\" \/>\n<meta property=\"og:description\" content=\"Die schlagkr\u00e4ftigste Links-Rechts-Kombination seit Martin Luther King und Malcolm X: Der S\u00e4nger John Legend hat mit The Roots Songs des afroamerikanischen Aufbruchs eingespielt.\" \/>\n<meta property=\"og:url\" content=\"https:\/\/blog.zeit.de\/tontraeger\/2010\/09\/27\/john-legend-the-roots_6484\" \/>\n<meta property=\"og:site_name\" content=\"Tontr\u00e4ger\" \/>\n<meta property=\"article:published_time\" content=\"2010-09-27T13:07:50+00:00\" \/>\n<meta property=\"article:modified_time\" content=\"2010-10-01T07:52:25+00:00\" \/>\n<meta property=\"og:image\" content=\"https:\/\/blog.zeit.de\/tontraeger\/files\/2010\/09\/roots-legend-540x304.jpg\" \/>\n<meta name=\"author\" content=\"Thomas Winkler\" \/>\n<meta name=\"twitter:card\" content=\"summary_large_image\" \/>\n<meta name=\"twitter:creator\" content=\"@zeitonline\" \/>\n<meta name=\"twitter:site\" content=\"@zeitonline\" \/>\n<meta name=\"twitter:label1\" content=\"Geschrieben von\" \/>\n\t<meta name=\"twitter:data1\" content=\"Thomas Winkler\" \/>\n\t<meta name=\"twitter:label2\" content=\"Gesch\u00e4tzte Lesezeit\" \/>\n\t<meta name=\"twitter:data2\" content=\"3\u00a0Minuten\" \/>\n<script type=\"application\/ld+json\" class=\"yoast-schema-graph\">{\"@context\":\"https:\/\/schema.org\",\"@graph\":[{\"@type\":\"WebPage\",\"@id\":\"https:\/\/blog.zeit.de\/tontraeger\/2010\/09\/27\/john-legend-the-roots_6484\",\"url\":\"https:\/\/blog.zeit.de\/tontraeger\/2010\/09\/27\/john-legend-the-roots_6484\",\"name\":\"Obamas Widerhall - Musikblog\",\"isPartOf\":{\"@id\":\"https:\/\/blog.zeit.de\/tontraeger\/#website\"},\"datePublished\":\"2010-09-27T13:07:50+00:00\",\"dateModified\":\"2010-10-01T07:52:25+00:00\",\"author\":{\"@id\":\"https:\/\/blog.zeit.de\/tontraeger\/#\/schema\/person\/344c9e0834471a725c92eff62f56d609\"},\"breadcrumb\":{\"@id\":\"https:\/\/blog.zeit.de\/tontraeger\/2010\/09\/27\/john-legend-the-roots_6484#breadcrumb\"},\"inLanguage\":\"de\",\"potentialAction\":[{\"@type\":\"ReadAction\",\"target\":[\"https:\/\/blog.zeit.de\/tontraeger\/2010\/09\/27\/john-legend-the-roots_6484\"]}]},{\"@type\":\"BreadcrumbList\",\"@id\":\"https:\/\/blog.zeit.de\/tontraeger\/2010\/09\/27\/john-legend-the-roots_6484#breadcrumb\",\"itemListElement\":[{\"@type\":\"ListItem\",\"position\":1,\"name\":\"Startseite\",\"item\":\"https:\/\/blog.zeit.de\/tontraeger\"},{\"@type\":\"ListItem\",\"position\":2,\"name\":\"Obamas Widerhall\"}]},{\"@type\":\"WebSite\",\"@id\":\"https:\/\/blog.zeit.de\/tontraeger\/#website\",\"url\":\"https:\/\/blog.zeit.de\/tontraeger\/\",\"name\":\"Tontr\u00e4ger\",\"description\":\"Zwischen Disko und Diskurs\",\"potentialAction\":[{\"@type\":\"SearchAction\",\"target\":{\"@type\":\"EntryPoint\",\"urlTemplate\":\"https:\/\/blog.zeit.de\/tontraeger\/?s={search_term_string}\"},\"query-input\":\"required name=search_term_string\"}],\"inLanguage\":\"de\"},{\"@type\":\"Person\",\"@id\":\"https:\/\/blog.zeit.de\/tontraeger\/#\/schema\/person\/344c9e0834471a725c92eff62f56d609\",\"name\":\"Thomas Winkler\",\"image\":{\"@type\":\"ImageObject\",\"inLanguage\":\"de\",\"@id\":\"https:\/\/blog.zeit.de\/tontraeger\/#\/schema\/person\/image\/\",\"url\":\"https:\/\/secure.gravatar.com\/avatar\/?s=96&d=mm&r=g\",\"contentUrl\":\"https:\/\/secure.gravatar.com\/avatar\/?s=96&d=mm&r=g\",\"caption\":\"Thomas Winkler\"},\"url\":\"https:\/\/blog.zeit.de\/tontraeger\/author\/thomas-winkler\"}]}<\/script>\n<!-- \/ Yoast SEO plugin. -->","yoast_head_json":{"title":"Obamas Widerhall - Musikblog","robots":{"index":"index","follow":"follow","max-snippet":"max-snippet:-1","max-image-preview":"max-image-preview:large","max-video-preview":"max-video-preview:-1"},"canonical":"https:\/\/blog.zeit.de\/tontraeger\/2010\/09\/27\/john-legend-the-roots_6484","og_locale":"de_DE","og_type":"article","og_title":"Obamas Widerhall - Musikblog","og_description":"Die schlagkr\u00e4ftigste Links-Rechts-Kombination seit Martin Luther King und Malcolm X: Der S\u00e4nger John Legend hat mit The Roots Songs des afroamerikanischen Aufbruchs eingespielt.","og_url":"https:\/\/blog.zeit.de\/tontraeger\/2010\/09\/27\/john-legend-the-roots_6484","og_site_name":"Tontr\u00e4ger","article_published_time":"2010-09-27T13:07:50+00:00","article_modified_time":"2010-10-01T07:52:25+00:00","og_image":[{"url":"https:\/\/blog.zeit.de\/tontraeger\/files\/2010\/09\/roots-legend-540x304.jpg"}],"author":"Thomas Winkler","twitter_card":"summary_large_image","twitter_creator":"@zeitonline","twitter_site":"@zeitonline","twitter_misc":{"Geschrieben von":"Thomas Winkler","Gesch\u00e4tzte Lesezeit":"3\u00a0Minuten"},"schema":{"@context":"https:\/\/schema.org","@graph":[{"@type":"WebPage","@id":"https:\/\/blog.zeit.de\/tontraeger\/2010\/09\/27\/john-legend-the-roots_6484","url":"https:\/\/blog.zeit.de\/tontraeger\/2010\/09\/27\/john-legend-the-roots_6484","name":"Obamas Widerhall - Musikblog","isPartOf":{"@id":"https:\/\/blog.zeit.de\/tontraeger\/#website"},"datePublished":"2010-09-27T13:07:50+00:00","dateModified":"2010-10-01T07:52:25+00:00","author":{"@id":"https:\/\/blog.zeit.de\/tontraeger\/#\/schema\/person\/344c9e0834471a725c92eff62f56d609"},"breadcrumb":{"@id":"https:\/\/blog.zeit.de\/tontraeger\/2010\/09\/27\/john-legend-the-roots_6484#breadcrumb"},"inLanguage":"de","potentialAction":[{"@type":"ReadAction","target":["https:\/\/blog.zeit.de\/tontraeger\/2010\/09\/27\/john-legend-the-roots_6484"]}]},{"@type":"BreadcrumbList","@id":"https:\/\/blog.zeit.de\/tontraeger\/2010\/09\/27\/john-legend-the-roots_6484#breadcrumb","itemListElement":[{"@type":"ListItem","position":1,"name":"Startseite","item":"https:\/\/blog.zeit.de\/tontraeger"},{"@type":"ListItem","position":2,"name":"Obamas Widerhall"}]},{"@type":"WebSite","@id":"https:\/\/blog.zeit.de\/tontraeger\/#website","url":"https:\/\/blog.zeit.de\/tontraeger\/","name":"Tontr\u00e4ger","description":"Zwischen Disko und Diskurs","potentialAction":[{"@type":"SearchAction","target":{"@type":"EntryPoint","urlTemplate":"https:\/\/blog.zeit.de\/tontraeger\/?s={search_term_string}"},"query-input":"required name=search_term_string"}],"inLanguage":"de"},{"@type":"Person","@id":"https:\/\/blog.zeit.de\/tontraeger\/#\/schema\/person\/344c9e0834471a725c92eff62f56d609","name":"Thomas Winkler","image":{"@type":"ImageObject","inLanguage":"de","@id":"https:\/\/blog.zeit.de\/tontraeger\/#\/schema\/person\/image\/","url":"https:\/\/secure.gravatar.com\/avatar\/?s=96&d=mm&r=g","contentUrl":"https:\/\/secure.gravatar.com\/avatar\/?s=96&d=mm&r=g","caption":"Thomas Winkler"},"url":"https:\/\/blog.zeit.de\/tontraeger\/author\/thomas-winkler"}]}},"jetpack_featured_media_url":"","jetpack_sharing_enabled":true,"_links":{"self":[{"href":"https:\/\/blog.zeit.de\/tontraeger\/wp-json\/wp\/v2\/posts\/6484","targetHints":{"allow":["GET"]}}],"collection":[{"href":"https:\/\/blog.zeit.de\/tontraeger\/wp-json\/wp\/v2\/posts"}],"about":[{"href":"https:\/\/blog.zeit.de\/tontraeger\/wp-json\/wp\/v2\/types\/post"}],"author":[{"embeddable":true,"href":"https:\/\/blog.zeit.de\/tontraeger\/wp-json\/wp\/v2\/users\/127"}],"replies":[{"embeddable":true,"href":"https:\/\/blog.zeit.de\/tontraeger\/wp-json\/wp\/v2\/comments?post=6484"}],"version-history":[{"count":10,"href":"https:\/\/blog.zeit.de\/tontraeger\/wp-json\/wp\/v2\/posts\/6484\/revisions"}],"predecessor-version":[{"id":6543,"href":"https:\/\/blog.zeit.de\/tontraeger\/wp-json\/wp\/v2\/posts\/6484\/revisions\/6543"}],"wp:attachment":[{"href":"https:\/\/blog.zeit.de\/tontraeger\/wp-json\/wp\/v2\/media?parent=6484"}],"wp:term":[{"taxonomy":"category","embeddable":true,"href":"https:\/\/blog.zeit.de\/tontraeger\/wp-json\/wp\/v2\/categories?post=6484"},{"taxonomy":"post_tag","embeddable":true,"href":"https:\/\/blog.zeit.de\/tontraeger\/wp-json\/wp\/v2\/tags?post=6484"}],"curies":[{"name":"wp","href":"https:\/\/api.w.org\/{rel}","templated":true}]}}