{"id":7239,"date":"2011-01-07T10:32:28","date_gmt":"2011-01-07T09:32:28","guid":{"rendered":"http:\/\/blog.zeit.de\/tontraeger\/?p=7239"},"modified":"2011-01-12T10:38:22","modified_gmt":"2011-01-12T09:38:22","slug":"gorillaz-the-fall","status":"publish","type":"post","link":"https:\/\/blog.zeit.de\/tontraeger\/2011\/01\/07\/gorillaz-the-fall_7239","title":{"rendered":"2D allein zu Haus"},"content":{"rendered":"<p><strong>Damon Albarn hat f\u00fcr die Gorillaz ein neues Album aufgenommen \u2013 allein auf seinem iPad. Angesichts der technischen Beschr\u00e4nkung klingt es \u00fcberraschend gut.<\/strong><\/p>\n<p><figure id=\"attachment_7249\" aria-describedby=\"caption-attachment-7249\" style=\"width: 540px\" class=\"wp-caption aligncenter\"><img loading=\"lazy\" decoding=\"async\" src=\"https:\/\/blog.zeit.de\/tontraeger\/files\/2011\/01\/gorillaz-fall-540x304.jpg\" alt=\"\" title=\"gorillaz-fall-540x304\" width=\"540\" height=\"304\" class=\"size-full wp-image-7249\" srcset=\"https:\/\/blog.zeit.de\/tontraeger\/files\/2011\/01\/gorillaz-fall-540x304.jpg 540w, https:\/\/blog.zeit.de\/tontraeger\/files\/2011\/01\/gorillaz-fall-540x304-300x168.jpg 300w\" sizes=\"auto, (max-width: 540px) 100vw, 540px\" \/><figcaption id=\"caption-attachment-7249\" class=\"wp-caption-text\">\u00a9 EMI Music<\/figcaption><\/figure><!--more--><\/p>\n<p>Man muss sich Damon Albarn als manischen Arbeiter vorstellen. Erst bringt er seine Band Blur wieder zusammen, mit viel Tamtam, gro\u00dfem Konzert und zugeh\u00f6riger DVD. Dann reist er mit einem irrsinnigen Zirkus und einem Dutzend Gastmusikern um die Welt, um <a href=\"http:\/\/www.zeit.de\/kultur\/2010-11\/gorillaz-konzert\">das Gorillaz-Album <em>Plastic Beach<\/em> aufzuf\u00fchren<\/a>. Und fast nebenbei schraubt er auf seinem iPad ein neues Album zusammen. Studiomischpult und Aufnahmekammern braucht ein Albarn nicht.<\/p>\n<div class=\"zol_video aud_narrow aud215179737089\"><\/div>\n<p>Die Mitglieder der Gorillaz-Fanclubs konnten <em>The Fall<\/em> zu Weihnachten <a href=\"http:\/\/thefall.gorillaz.com\/\">kostenlos herunterladen<\/a>. Alle anderen d\u00fcrfen die 15 neuen Lieder im Tausch gegen eine eMail-Adresse immerhin im Stream h\u00f6ren. Eine Single kann, unterlegt mit Impressionen von der Nordamerika-Tour der Band, <a href=\"http:\/\/www.youtube.com\/watch?v=SAeUwuUGSaM\">auf YouTube bestaunt werden<\/a>. <\/p>\n<p>Mit \u00fcppig knarzendem Bass und einer Synthie-Stimme im St\u00fcck <em>Phoner To Arizona<\/em> beginnt das Album. Bis auf wenige Ausnahmen klingt <em>The Fall<\/em> technoider, experimenteller und weniger eing\u00e4ngig, als man es von den Gorillaz gewohnt ist. <a href=\"http:\/\/www.zeit.de\/2010\/10\/Gorillaz\">Die bunte Cartoonwelt um 2D, Noodle, Murdoc Niccals und Russel Hobbs<\/a> ist etwas verblasst. Auf dem Cover zeigt sich nur der S\u00e4nger: Es ist im Grunde ein 2D-Soloalbum. <\/p>\n<p>Anders als alle regul\u00e4ren Gorillaz-Platten dreht sich <em>The Fall<\/em> nicht um die Zusammenarbeit mit anderen Musikern. Neben Albarn, der 2D seine Stimme leiht, tritt kaum jemand auf, vor allem kein einziger Rapper. Das ist bemerkenswert, galt doch das Gorillaz-Projekt einmal als Albarns Hiphop-Abenteuer.<\/p>\n<p><object classid=\"clsid:d27cdb6e-ae6d-11cf-96b8-444553540000\" width=\"540\" height=\"304\" codebase=\"http:\/\/download.macromedia.com\/pub\/shockwave\/cabs\/flash\/swflash.cab#version=6,0,40,0\"><param name=\"allowFullScreen\" value=\"true\" \/><param name=\"allowscriptaccess\" value=\"always\" \/><param name=\"src\" value=\"http:\/\/www.youtube.com\/v\/SAeUwuUGSaM?fs=1&amp;hl=de_DE\" \/><param name=\"allowfullscreen\" value=\"true\" \/><\/object><\/p>\n<p>Den Bass im Instrumentalst\u00fcck <em>Aspen Forest<\/em> spielt immerhin die Punklegende Paul Simonon, vormals bei The Clash. Und Bobby Womack singt <em>Bobby in Phoenix<\/em>. Stilistisch ist <em>The Fall<\/em> wenig festgelegt, vielmehr schwingt es <a href=\"https:\/\/blog.zeit.de\/tontraeger\/2008\/08\/22\/verstecken-sie-miss-saigon_832\">zwischen den vielen Projekten Damon Albarns<\/a> hin und her: Hier klingt es ein wenig nach Blur, dort nach <a href=\"https:\/\/blog.zeit.de\/tontraeger\/2007\/02\/09\/london-ruft_305\">The Good, The Bad and The Queen<\/a>, dann auch nach den Gorillaz und oft genug so, als w\u00fcrde sich Damon Albarn einfach die Wartezeit zwischen zwei Auftritten durchaus h\u00f6renswerten Finger\u00fcbungen vertreiben.<\/p>\n<p>Und das ist wirklich beeindruckend: Wie beil\u00e4ufig Albarn diese eigenwilligen bis eing\u00e4ngigen Elektropopst\u00fccke komponiert. Mal eben so, auf einem Tablet-Computer zusammengeschustert und \u2013 zack \u2013 ins Netz gestellt.<\/p>\n<p>Dass dieses facettenreiche, stellenweise gro\u00dfartige Album auf die recht abgespielte Gorillaz-Erz\u00e4hlung verzichtet, muss niemanden bek\u00fcmmern. Ein wenig schade ist es lediglich, dass Albarn so wenige der Gastmusiker, die ihn auf der Tour begleitet haben, zum Mitmachen animiert hat. Nun, vielleicht kommt das noch, denn das bisher als Demo betitelte <em>The Fall<\/em> soll im Laufe des Jahres auch als regul\u00e4res Album erscheinen.<\/p>\n<p><em>&#8222;The Fall&#8220; von Gorillaz erscheint bei EMI und ist derzeit <a href=\"http:\/\/thefall.gorillaz.com\/\">hier als Stream<\/a> abzurufen.<\/em><\/p>\n","protected":false},"excerpt":{"rendered":"<p>Damon Albarn hat f\u00fcr die Gorillaz ein neues Album aufgenommen \u2013 allein auf seinem iPad. Angesichts der technischen Beschr\u00e4nkung klingt es \u00fcberraschend gut.<\/p>\n","protected":false},"author":307,"featured_media":0,"comment_status":"open","ping_status":"closed","sticky":false,"template":"","format":"standard","meta":{"_jetpack_memberships_contains_paid_content":false,"footnotes":""},"categories":[869],"tags":[],"class_list":["post-7239","post","type-post","status-publish","format-standard","hentry","category-pop"],"yoast_head":"<!-- This site is optimized with the Yoast SEO plugin v21.0 - https:\/\/yoast.com\/wordpress\/plugins\/seo\/ -->\n<title>2D allein zu Haus - Musikblog<\/title>\n<meta name=\"robots\" content=\"index, follow, max-snippet:-1, max-image-preview:large, max-video-preview:-1\" \/>\n<link rel=\"canonical\" href=\"https:\/\/blog.zeit.de\/tontraeger\/2011\/01\/07\/gorillaz-the-fall_7239\" \/>\n<meta property=\"og:locale\" content=\"de_DE\" \/>\n<meta property=\"og:type\" content=\"article\" \/>\n<meta property=\"og:title\" content=\"2D allein zu Haus - Musikblog\" \/>\n<meta property=\"og:description\" content=\"Damon Albarn hat f\u00fcr die Gorillaz ein neues Album aufgenommen \u2013 allein auf seinem iPad. Angesichts der technischen Beschr\u00e4nkung klingt es \u00fcberraschend gut.\" \/>\n<meta property=\"og:url\" content=\"https:\/\/blog.zeit.de\/tontraeger\/2011\/01\/07\/gorillaz-the-fall_7239\" \/>\n<meta property=\"og:site_name\" content=\"Tontr\u00e4ger\" \/>\n<meta property=\"article:published_time\" content=\"2011-01-07T09:32:28+00:00\" \/>\n<meta property=\"article:modified_time\" content=\"2011-01-12T09:38:22+00:00\" \/>\n<meta property=\"og:image\" content=\"https:\/\/blog.zeit.de\/tontraeger\/files\/2011\/01\/gorillaz-fall-540x304.jpg\" \/>\n<meta name=\"author\" content=\"Daniel Erk\" \/>\n<meta name=\"twitter:card\" content=\"summary_large_image\" \/>\n<meta name=\"twitter:creator\" content=\"@zeitonline\" \/>\n<meta name=\"twitter:site\" content=\"@zeitonline\" \/>\n<meta name=\"twitter:label1\" content=\"Geschrieben von\" \/>\n\t<meta name=\"twitter:data1\" content=\"Daniel Erk\" \/>\n\t<meta name=\"twitter:label2\" content=\"Gesch\u00e4tzte Lesezeit\" \/>\n\t<meta name=\"twitter:data2\" content=\"2\u00a0Minuten\" \/>\n<script type=\"application\/ld+json\" class=\"yoast-schema-graph\">{\"@context\":\"https:\/\/schema.org\",\"@graph\":[{\"@type\":\"WebPage\",\"@id\":\"https:\/\/blog.zeit.de\/tontraeger\/2011\/01\/07\/gorillaz-the-fall_7239\",\"url\":\"https:\/\/blog.zeit.de\/tontraeger\/2011\/01\/07\/gorillaz-the-fall_7239\",\"name\":\"2D allein zu Haus - Musikblog\",\"isPartOf\":{\"@id\":\"https:\/\/blog.zeit.de\/tontraeger\/#website\"},\"datePublished\":\"2011-01-07T09:32:28+00:00\",\"dateModified\":\"2011-01-12T09:38:22+00:00\",\"author\":{\"@id\":\"https:\/\/blog.zeit.de\/tontraeger\/#\/schema\/person\/0eed9f9967627fbc4654e2eaee6f9da9\"},\"breadcrumb\":{\"@id\":\"https:\/\/blog.zeit.de\/tontraeger\/2011\/01\/07\/gorillaz-the-fall_7239#breadcrumb\"},\"inLanguage\":\"de\",\"potentialAction\":[{\"@type\":\"ReadAction\",\"target\":[\"https:\/\/blog.zeit.de\/tontraeger\/2011\/01\/07\/gorillaz-the-fall_7239\"]}]},{\"@type\":\"BreadcrumbList\",\"@id\":\"https:\/\/blog.zeit.de\/tontraeger\/2011\/01\/07\/gorillaz-the-fall_7239#breadcrumb\",\"itemListElement\":[{\"@type\":\"ListItem\",\"position\":1,\"name\":\"Startseite\",\"item\":\"https:\/\/blog.zeit.de\/tontraeger\"},{\"@type\":\"ListItem\",\"position\":2,\"name\":\"2D allein zu Haus\"}]},{\"@type\":\"WebSite\",\"@id\":\"https:\/\/blog.zeit.de\/tontraeger\/#website\",\"url\":\"https:\/\/blog.zeit.de\/tontraeger\/\",\"name\":\"Tontr\u00e4ger\",\"description\":\"Zwischen Disko und Diskurs\",\"potentialAction\":[{\"@type\":\"SearchAction\",\"target\":{\"@type\":\"EntryPoint\",\"urlTemplate\":\"https:\/\/blog.zeit.de\/tontraeger\/?s={search_term_string}\"},\"query-input\":\"required name=search_term_string\"}],\"inLanguage\":\"de\"},{\"@type\":\"Person\",\"@id\":\"https:\/\/blog.zeit.de\/tontraeger\/#\/schema\/person\/0eed9f9967627fbc4654e2eaee6f9da9\",\"name\":\"Daniel Erk\",\"image\":{\"@type\":\"ImageObject\",\"inLanguage\":\"de\",\"@id\":\"https:\/\/blog.zeit.de\/tontraeger\/#\/schema\/person\/image\/\",\"url\":\"https:\/\/secure.gravatar.com\/avatar\/f2b815a39d8d35bd9646f9d355159dab959e757c2f7b40ec482392a6bce25305?s=96&d=mm&r=g\",\"contentUrl\":\"https:\/\/secure.gravatar.com\/avatar\/f2b815a39d8d35bd9646f9d355159dab959e757c2f7b40ec482392a6bce25305?s=96&d=mm&r=g\",\"caption\":\"Daniel Erk\"},\"url\":\"https:\/\/blog.zeit.de\/tontraeger\/author\/daniel-erk\"}]}<\/script>\n<!-- \/ Yoast SEO plugin. -->","yoast_head_json":{"title":"2D allein zu Haus - Musikblog","robots":{"index":"index","follow":"follow","max-snippet":"max-snippet:-1","max-image-preview":"max-image-preview:large","max-video-preview":"max-video-preview:-1"},"canonical":"https:\/\/blog.zeit.de\/tontraeger\/2011\/01\/07\/gorillaz-the-fall_7239","og_locale":"de_DE","og_type":"article","og_title":"2D allein zu Haus - Musikblog","og_description":"Damon Albarn hat f\u00fcr die Gorillaz ein neues Album aufgenommen \u2013 allein auf seinem iPad. Angesichts der technischen Beschr\u00e4nkung klingt es \u00fcberraschend gut.","og_url":"https:\/\/blog.zeit.de\/tontraeger\/2011\/01\/07\/gorillaz-the-fall_7239","og_site_name":"Tontr\u00e4ger","article_published_time":"2011-01-07T09:32:28+00:00","article_modified_time":"2011-01-12T09:38:22+00:00","og_image":[{"url":"https:\/\/blog.zeit.de\/tontraeger\/files\/2011\/01\/gorillaz-fall-540x304.jpg"}],"author":"Daniel Erk","twitter_card":"summary_large_image","twitter_creator":"@zeitonline","twitter_site":"@zeitonline","twitter_misc":{"Geschrieben von":"Daniel Erk","Gesch\u00e4tzte Lesezeit":"2\u00a0Minuten"},"schema":{"@context":"https:\/\/schema.org","@graph":[{"@type":"WebPage","@id":"https:\/\/blog.zeit.de\/tontraeger\/2011\/01\/07\/gorillaz-the-fall_7239","url":"https:\/\/blog.zeit.de\/tontraeger\/2011\/01\/07\/gorillaz-the-fall_7239","name":"2D allein zu Haus - Musikblog","isPartOf":{"@id":"https:\/\/blog.zeit.de\/tontraeger\/#website"},"datePublished":"2011-01-07T09:32:28+00:00","dateModified":"2011-01-12T09:38:22+00:00","author":{"@id":"https:\/\/blog.zeit.de\/tontraeger\/#\/schema\/person\/0eed9f9967627fbc4654e2eaee6f9da9"},"breadcrumb":{"@id":"https:\/\/blog.zeit.de\/tontraeger\/2011\/01\/07\/gorillaz-the-fall_7239#breadcrumb"},"inLanguage":"de","potentialAction":[{"@type":"ReadAction","target":["https:\/\/blog.zeit.de\/tontraeger\/2011\/01\/07\/gorillaz-the-fall_7239"]}]},{"@type":"BreadcrumbList","@id":"https:\/\/blog.zeit.de\/tontraeger\/2011\/01\/07\/gorillaz-the-fall_7239#breadcrumb","itemListElement":[{"@type":"ListItem","position":1,"name":"Startseite","item":"https:\/\/blog.zeit.de\/tontraeger"},{"@type":"ListItem","position":2,"name":"2D allein zu Haus"}]},{"@type":"WebSite","@id":"https:\/\/blog.zeit.de\/tontraeger\/#website","url":"https:\/\/blog.zeit.de\/tontraeger\/","name":"Tontr\u00e4ger","description":"Zwischen Disko und Diskurs","potentialAction":[{"@type":"SearchAction","target":{"@type":"EntryPoint","urlTemplate":"https:\/\/blog.zeit.de\/tontraeger\/?s={search_term_string}"},"query-input":"required name=search_term_string"}],"inLanguage":"de"},{"@type":"Person","@id":"https:\/\/blog.zeit.de\/tontraeger\/#\/schema\/person\/0eed9f9967627fbc4654e2eaee6f9da9","name":"Daniel Erk","image":{"@type":"ImageObject","inLanguage":"de","@id":"https:\/\/blog.zeit.de\/tontraeger\/#\/schema\/person\/image\/","url":"https:\/\/secure.gravatar.com\/avatar\/f2b815a39d8d35bd9646f9d355159dab959e757c2f7b40ec482392a6bce25305?s=96&d=mm&r=g","contentUrl":"https:\/\/secure.gravatar.com\/avatar\/f2b815a39d8d35bd9646f9d355159dab959e757c2f7b40ec482392a6bce25305?s=96&d=mm&r=g","caption":"Daniel Erk"},"url":"https:\/\/blog.zeit.de\/tontraeger\/author\/daniel-erk"}]}},"jetpack_featured_media_url":"","jetpack_sharing_enabled":true,"_links":{"self":[{"href":"https:\/\/blog.zeit.de\/tontraeger\/wp-json\/wp\/v2\/posts\/7239","targetHints":{"allow":["GET"]}}],"collection":[{"href":"https:\/\/blog.zeit.de\/tontraeger\/wp-json\/wp\/v2\/posts"}],"about":[{"href":"https:\/\/blog.zeit.de\/tontraeger\/wp-json\/wp\/v2\/types\/post"}],"author":[{"embeddable":true,"href":"https:\/\/blog.zeit.de\/tontraeger\/wp-json\/wp\/v2\/users\/307"}],"replies":[{"embeddable":true,"href":"https:\/\/blog.zeit.de\/tontraeger\/wp-json\/wp\/v2\/comments?post=7239"}],"version-history":[{"count":26,"href":"https:\/\/blog.zeit.de\/tontraeger\/wp-json\/wp\/v2\/posts\/7239\/revisions"}],"predecessor-version":[{"id":7316,"href":"https:\/\/blog.zeit.de\/tontraeger\/wp-json\/wp\/v2\/posts\/7239\/revisions\/7316"}],"wp:attachment":[{"href":"https:\/\/blog.zeit.de\/tontraeger\/wp-json\/wp\/v2\/media?parent=7239"}],"wp:term":[{"taxonomy":"category","embeddable":true,"href":"https:\/\/blog.zeit.de\/tontraeger\/wp-json\/wp\/v2\/categories?post=7239"},{"taxonomy":"post_tag","embeddable":true,"href":"https:\/\/blog.zeit.de\/tontraeger\/wp-json\/wp\/v2\/tags?post=7239"}],"curies":[{"name":"wp","href":"https:\/\/api.w.org\/{rel}","templated":true}]}}