{"id":7418,"date":"2011-01-26T10:20:00","date_gmt":"2011-01-26T09:20:00","guid":{"rendered":"http:\/\/blog.zeit.de\/tontraeger\/?p=7418"},"modified":"2013-04-19T11:51:37","modified_gmt":"2013-04-19T09:51:37","slug":"pop-ambient-kompakt","status":"publish","type":"post","link":"https:\/\/blog.zeit.de\/tontraeger\/2011\/01\/26\/pop-ambient-kompakt_7418","title":{"rendered":"Ambient im Bernsteinzimmer"},"content":{"rendered":"<p><strong>Auf <em>Pop Ambient 2011<\/em> versammelt das K\u00f6lner Label Kompakt unterschiedliche Vorstellungen von atmosph\u00e4rischer Musik. Eine spektakul\u00e4re Kompilation zwischen Techno und Avantgarde!<\/strong><\/p>\n<p><figure id=\"attachment_7449\" aria-describedby=\"caption-attachment-7449\" style=\"width: 540px\" class=\"wp-caption aligncenter\"><img loading=\"lazy\" decoding=\"async\" src=\"https:\/\/blog.zeit.de\/tontraeger\/files\/2011\/01\/pop-ambient-540x304.jpg\" alt=\"\" title=\"pop-ambient-540x304\" width=\"540\" height=\"304\" class=\"size-full wp-image-7449\" srcset=\"https:\/\/blog.zeit.de\/tontraeger\/files\/2011\/01\/pop-ambient-540x304.jpg 540w, https:\/\/blog.zeit.de\/tontraeger\/files\/2011\/01\/pop-ambient-540x304-300x168.jpg 300w\" sizes=\"auto, (max-width: 540px) 100vw, 540px\" \/><figcaption id=\"caption-attachment-7449\" class=\"wp-caption-text\">\u00a9 Kompakt<\/figcaption><\/figure><!--more--><\/p>\n<p>Das Jahr hat gerade erst begonnen und schon die erste Sensation: <a href=\"http:\/\/www.zeit.de\/online\/2009\/03\/blixa-bargeld-50\">Blixa Bargeld<\/a> hat sich im Bernsteinzimmer versteckt. Da helfen kein R\u00fctteln und kein Rufen, der Mann will seine Ruhe. &#8222;In meinem Bernsteinzimmer \/ lasse ich euch allein&#8220;, raunt er wie bet\u00e4ubt unter schweren Kissen. Unheilvolle Streicher und fl\u00fcsternde Stimmen sind zu h\u00f6ren. Die Musik \u00f6ffnet sich wie ein schwerer Vorhang aus Brokat zu einem Zimmer, im dem es dunkel leuchtet. Das St\u00fcck <em>Bernsteinzimmer<\/em> des Duos anbb, das Bargeld mit dem Musiker <a href=\"https:\/\/blog.zeit.de\/tontraeger\/2007\/04\/09\/burogerate-blues_357\">Alva Noto<\/a> bildet, ist die Ouvert\u00fcre zu einer der ersten spektakul\u00e4ren Ver\u00f6ffentlichungen des neuen Jahres. <\/p>\n<div class=\"zol_video aud_narrow aud880670886564\"><\/div>\n<p>Wie kaum einem anderen Label in Deutschland gelingt es der K\u00f6lner Firma Kompakt immer wieder, unterschiedliche musikalische Identit\u00e4ten unter einem Konzept zu vereinen. Eine besonders stilpr\u00e4gende Reihe des Labels ist <em>Pop Ambient<\/em>, eine j\u00e4hrliche Werkschau, kuratiert vom Kompakt-Mitbegr\u00fcnder <a href=\"https:\/\/blog.zeit.de\/tontraeger\/2008\/07\/16\/der-anselm-kiefer-des-techno_794\">Wolfgang Voigt<\/a>. Ambient, das bedeutet Musik, die fernab von Beats und B\u00e4ssen schwingt. <em>Pop Ambient<\/em> ist an der atmosph\u00e4rischen Wirkung von Musik, weniger an ihrer Partytauglichkeit interessiert. <\/p>\n<p>Waren die <em>Pop-Ambient<\/em>-Ausgaben der vergangenen Jahre stets mit dem K\u00f6lner Techno-Sound verbunden, bewegt sich die aktuelle Folge in einer ganz eigenen Sph\u00e4re. Nahezu verschwunden sind die Vierviertelb\u00e4sse und glockenhellen Spielereien der Vorg\u00e4nger. Waren diese so etwas wie Vorboten der D\u00e4mmerung, beginnt mit <em>Pop Ambient 2011<\/em> die Reise ans Ende der Nacht. <\/p>\n<div class=\"zol_video aud_narrow aud501263953027\"><\/div>\n<p>Dass ausgerechnet Blixa Bargeld, der S\u00e4nger der Einst\u00fcrzenden Neubauten, die Werkschau er\u00f6ffnet, erscheint da nur logisch. <em>Pop Ambient 2011<\/em> bewegt sich entlang der Schnittstelle zwischen Industrial, Neuer Musik und abstraktem Techno. Wie schwarze Gletscher schieben sich die zw\u00f6lf Titel ineinander, wobei jedes St\u00fcck als Erweiterung des anderen verstanden werden kann. <\/p>\n<p>Das Herzst\u00fcck der Kompilation bilden die gro\u00dfen Entw\u00fcrfe alter Helden. Das kristallklar funkelnde St\u00fcck <em>R\u00fcckverzauberung<\/em> von Wolfgang Voigt, dessen Kl\u00e4nge sich wie eine r\u00fcckw\u00e4rts laufende Wagner-Ouvert\u00fcre immer wieder aus- und ineinander falten. J\u00fcrgen Paapes\u2019 dramatisches <em>Ein sch\u00f6ner Land<\/em>, in dem sich ferne Waldh\u00f6rner-Fanfaren \u00fcber ein Dickicht aus Stimm-Samples erheben. Die sentimentale Spieluhrmelodie <em>Beginner\u2019s Waltz<\/em> von Bhutan Tiger Rescue und Mikkel Metals\u2019 trauriger Twin-Peaks-Pop in <em>Another Side Of You<\/em> strahlen neben derart schweren Klang(alp)tr\u00e4umen umso heller. <\/p>\n<p>Wie offen der Ambient-Begriff im Hause Kompakt mittlerweile definiert wird, beweisen J\u00f6rg Burgers Triola-Projekt <em>Dunkelraum<\/em> oder Cratos\u2019 geheimnisvolle Klangcollage <em>30.06.1881<\/em>. Es sind ungeheuer dichte musikalische Bilder, die sich nicht in den Hintergrund dr\u00e4ngen lassen. Das eigenst\u00e4ndige Vokabular der Kl\u00e4nge fordert die volle Aufmerksamkeit des H\u00f6rers. Vor allem Cratos Komposition verbreitet mit ihren abstrahierten Horrorfilm-Ger\u00e4uschen einen unterschwelligen Grusel, der so manche Black-Metal-Band vor Neid g\u00e4nzlich erbleichen lie\u00dfe.<\/p>\n<p>Wie am Ende eines tiefen Schlafs findet auch <em>Pop Ambient 2011<\/em> nur langsam in die Wirklichkeit zur\u00fcck. <em>Titan<\/em> hei\u00dft das letzte St\u00fcck von Thomas Fehlmann. Eiskalter Wind weht \u00fcber Fetzen von Orchestermusik, dann schreien digitale V\u00f6gel. Ein St\u00fcck Musik, wie ein blasser Sonnenaufgang. Der Titan blinzelt und stapft in die W\u00e4lder davon. <\/p>\n<p><em>&#8222;Pop Ambient 2011&#8220; ist bei <a href=\"http:\/\/www.kompakt.fm\/\">Kompakt<\/a> erschienen.<\/em><\/p>\n<p><img loading=\"lazy\" decoding=\"async\" src=\"http:\/\/vg05.met.vgwort.de\/na\/095f15f1a75346d9ab282664d083232f\" width=\"1\" height=\"1\" alt=\"\"><\/p>\n","protected":false},"excerpt":{"rendered":"<p>Auf Pop Ambient 2011 versammelt das K\u00f6lner Label Kompakt unterschiedliche Vorstellungen von atmosph\u00e4rischer Musik. Eine spektakul\u00e4re Kompilation zwischen Techno und Avantgarde!<\/p>\n","protected":false},"author":116,"featured_media":0,"comment_status":"open","ping_status":"closed","sticky":false,"template":"","format":"standard","meta":{"_jetpack_memberships_contains_paid_content":false,"footnotes":""},"categories":[856,860],"tags":[],"class_list":["post-7418","post","type-post","status-publish","format-standard","hentry","category-ambient","category-elektronika"],"yoast_head":"<!-- This site is optimized with the Yoast SEO plugin v21.0 - https:\/\/yoast.com\/wordpress\/plugins\/seo\/ -->\n<title>Ambient im Bernsteinzimmer - Musikblog<\/title>\n<meta name=\"robots\" content=\"index, follow, max-snippet:-1, max-image-preview:large, max-video-preview:-1\" \/>\n<link rel=\"canonical\" href=\"https:\/\/blog.zeit.de\/tontraeger\/2011\/01\/26\/pop-ambient-kompakt_7418\" \/>\n<meta property=\"og:locale\" content=\"de_DE\" \/>\n<meta property=\"og:type\" content=\"article\" \/>\n<meta property=\"og:title\" content=\"Ambient im Bernsteinzimmer - Musikblog\" \/>\n<meta property=\"og:description\" content=\"Auf Pop Ambient 2011 versammelt das K\u00f6lner Label Kompakt unterschiedliche Vorstellungen von atmosph\u00e4rischer Musik. Eine spektakul\u00e4re Kompilation zwischen Techno und Avantgarde!\" \/>\n<meta property=\"og:url\" content=\"https:\/\/blog.zeit.de\/tontraeger\/2011\/01\/26\/pop-ambient-kompakt_7418\" \/>\n<meta property=\"og:site_name\" content=\"Tontr\u00e4ger\" \/>\n<meta property=\"article:published_time\" content=\"2011-01-26T09:20:00+00:00\" \/>\n<meta property=\"article:modified_time\" content=\"2013-04-19T09:51:37+00:00\" \/>\n<meta property=\"og:image\" content=\"https:\/\/blog.zeit.de\/tontraeger\/files\/2011\/01\/pop-ambient-540x304.jpg\" \/>\n<meta name=\"author\" content=\"Matthias Sch\u00f6neb\u00e4umer\" \/>\n<meta name=\"twitter:card\" content=\"summary_large_image\" \/>\n<meta name=\"twitter:creator\" content=\"@zeitonline\" \/>\n<meta name=\"twitter:site\" content=\"@zeitonline\" \/>\n<meta name=\"twitter:label1\" content=\"Geschrieben von\" \/>\n\t<meta name=\"twitter:data1\" content=\"Matthias Sch\u00f6neb\u00e4umer\" \/>\n\t<meta name=\"twitter:label2\" content=\"Gesch\u00e4tzte Lesezeit\" \/>\n\t<meta name=\"twitter:data2\" content=\"3\u00a0Minuten\" \/>\n<script type=\"application\/ld+json\" class=\"yoast-schema-graph\">{\"@context\":\"https:\/\/schema.org\",\"@graph\":[{\"@type\":\"WebPage\",\"@id\":\"https:\/\/blog.zeit.de\/tontraeger\/2011\/01\/26\/pop-ambient-kompakt_7418\",\"url\":\"https:\/\/blog.zeit.de\/tontraeger\/2011\/01\/26\/pop-ambient-kompakt_7418\",\"name\":\"Ambient im Bernsteinzimmer - Musikblog\",\"isPartOf\":{\"@id\":\"https:\/\/blog.zeit.de\/tontraeger\/#website\"},\"datePublished\":\"2011-01-26T09:20:00+00:00\",\"dateModified\":\"2013-04-19T09:51:37+00:00\",\"author\":{\"@id\":\"https:\/\/blog.zeit.de\/tontraeger\/#\/schema\/person\/8766a74212a86fa84bf925b1071fb45b\"},\"breadcrumb\":{\"@id\":\"https:\/\/blog.zeit.de\/tontraeger\/2011\/01\/26\/pop-ambient-kompakt_7418#breadcrumb\"},\"inLanguage\":\"de\",\"potentialAction\":[{\"@type\":\"ReadAction\",\"target\":[\"https:\/\/blog.zeit.de\/tontraeger\/2011\/01\/26\/pop-ambient-kompakt_7418\"]}]},{\"@type\":\"BreadcrumbList\",\"@id\":\"https:\/\/blog.zeit.de\/tontraeger\/2011\/01\/26\/pop-ambient-kompakt_7418#breadcrumb\",\"itemListElement\":[{\"@type\":\"ListItem\",\"position\":1,\"name\":\"Startseite\",\"item\":\"https:\/\/blog.zeit.de\/tontraeger\"},{\"@type\":\"ListItem\",\"position\":2,\"name\":\"Ambient im Bernsteinzimmer\"}]},{\"@type\":\"WebSite\",\"@id\":\"https:\/\/blog.zeit.de\/tontraeger\/#website\",\"url\":\"https:\/\/blog.zeit.de\/tontraeger\/\",\"name\":\"Tontr\u00e4ger\",\"description\":\"Zwischen Disko und Diskurs\",\"potentialAction\":[{\"@type\":\"SearchAction\",\"target\":{\"@type\":\"EntryPoint\",\"urlTemplate\":\"https:\/\/blog.zeit.de\/tontraeger\/?s={search_term_string}\"},\"query-input\":\"required name=search_term_string\"}],\"inLanguage\":\"de\"},{\"@type\":\"Person\",\"@id\":\"https:\/\/blog.zeit.de\/tontraeger\/#\/schema\/person\/8766a74212a86fa84bf925b1071fb45b\",\"name\":\"Matthias Sch\u00f6neb\u00e4umer\",\"image\":{\"@type\":\"ImageObject\",\"inLanguage\":\"de\",\"@id\":\"https:\/\/blog.zeit.de\/tontraeger\/#\/schema\/person\/image\/\",\"url\":\"https:\/\/secure.gravatar.com\/avatar\/?s=96&d=mm&r=g\",\"contentUrl\":\"https:\/\/secure.gravatar.com\/avatar\/?s=96&d=mm&r=g\",\"caption\":\"Matthias Sch\u00f6neb\u00e4umer\"},\"url\":\"https:\/\/blog.zeit.de\/tontraeger\/author\/matthias-schoenebaeumer\"}]}<\/script>\n<!-- \/ Yoast SEO plugin. -->","yoast_head_json":{"title":"Ambient im Bernsteinzimmer - Musikblog","robots":{"index":"index","follow":"follow","max-snippet":"max-snippet:-1","max-image-preview":"max-image-preview:large","max-video-preview":"max-video-preview:-1"},"canonical":"https:\/\/blog.zeit.de\/tontraeger\/2011\/01\/26\/pop-ambient-kompakt_7418","og_locale":"de_DE","og_type":"article","og_title":"Ambient im Bernsteinzimmer - Musikblog","og_description":"Auf Pop Ambient 2011 versammelt das K\u00f6lner Label Kompakt unterschiedliche Vorstellungen von atmosph\u00e4rischer Musik. Eine spektakul\u00e4re Kompilation zwischen Techno und Avantgarde!","og_url":"https:\/\/blog.zeit.de\/tontraeger\/2011\/01\/26\/pop-ambient-kompakt_7418","og_site_name":"Tontr\u00e4ger","article_published_time":"2011-01-26T09:20:00+00:00","article_modified_time":"2013-04-19T09:51:37+00:00","og_image":[{"url":"https:\/\/blog.zeit.de\/tontraeger\/files\/2011\/01\/pop-ambient-540x304.jpg"}],"author":"Matthias Sch\u00f6neb\u00e4umer","twitter_card":"summary_large_image","twitter_creator":"@zeitonline","twitter_site":"@zeitonline","twitter_misc":{"Geschrieben von":"Matthias Sch\u00f6neb\u00e4umer","Gesch\u00e4tzte Lesezeit":"3\u00a0Minuten"},"schema":{"@context":"https:\/\/schema.org","@graph":[{"@type":"WebPage","@id":"https:\/\/blog.zeit.de\/tontraeger\/2011\/01\/26\/pop-ambient-kompakt_7418","url":"https:\/\/blog.zeit.de\/tontraeger\/2011\/01\/26\/pop-ambient-kompakt_7418","name":"Ambient im Bernsteinzimmer - Musikblog","isPartOf":{"@id":"https:\/\/blog.zeit.de\/tontraeger\/#website"},"datePublished":"2011-01-26T09:20:00+00:00","dateModified":"2013-04-19T09:51:37+00:00","author":{"@id":"https:\/\/blog.zeit.de\/tontraeger\/#\/schema\/person\/8766a74212a86fa84bf925b1071fb45b"},"breadcrumb":{"@id":"https:\/\/blog.zeit.de\/tontraeger\/2011\/01\/26\/pop-ambient-kompakt_7418#breadcrumb"},"inLanguage":"de","potentialAction":[{"@type":"ReadAction","target":["https:\/\/blog.zeit.de\/tontraeger\/2011\/01\/26\/pop-ambient-kompakt_7418"]}]},{"@type":"BreadcrumbList","@id":"https:\/\/blog.zeit.de\/tontraeger\/2011\/01\/26\/pop-ambient-kompakt_7418#breadcrumb","itemListElement":[{"@type":"ListItem","position":1,"name":"Startseite","item":"https:\/\/blog.zeit.de\/tontraeger"},{"@type":"ListItem","position":2,"name":"Ambient im Bernsteinzimmer"}]},{"@type":"WebSite","@id":"https:\/\/blog.zeit.de\/tontraeger\/#website","url":"https:\/\/blog.zeit.de\/tontraeger\/","name":"Tontr\u00e4ger","description":"Zwischen Disko und Diskurs","potentialAction":[{"@type":"SearchAction","target":{"@type":"EntryPoint","urlTemplate":"https:\/\/blog.zeit.de\/tontraeger\/?s={search_term_string}"},"query-input":"required name=search_term_string"}],"inLanguage":"de"},{"@type":"Person","@id":"https:\/\/blog.zeit.de\/tontraeger\/#\/schema\/person\/8766a74212a86fa84bf925b1071fb45b","name":"Matthias Sch\u00f6neb\u00e4umer","image":{"@type":"ImageObject","inLanguage":"de","@id":"https:\/\/blog.zeit.de\/tontraeger\/#\/schema\/person\/image\/","url":"https:\/\/secure.gravatar.com\/avatar\/?s=96&d=mm&r=g","contentUrl":"https:\/\/secure.gravatar.com\/avatar\/?s=96&d=mm&r=g","caption":"Matthias Sch\u00f6neb\u00e4umer"},"url":"https:\/\/blog.zeit.de\/tontraeger\/author\/matthias-schoenebaeumer"}]}},"jetpack_featured_media_url":"","jetpack_sharing_enabled":true,"_links":{"self":[{"href":"https:\/\/blog.zeit.de\/tontraeger\/wp-json\/wp\/v2\/posts\/7418","targetHints":{"allow":["GET"]}}],"collection":[{"href":"https:\/\/blog.zeit.de\/tontraeger\/wp-json\/wp\/v2\/posts"}],"about":[{"href":"https:\/\/blog.zeit.de\/tontraeger\/wp-json\/wp\/v2\/types\/post"}],"author":[{"embeddable":true,"href":"https:\/\/blog.zeit.de\/tontraeger\/wp-json\/wp\/v2\/users\/116"}],"replies":[{"embeddable":true,"href":"https:\/\/blog.zeit.de\/tontraeger\/wp-json\/wp\/v2\/comments?post=7418"}],"version-history":[{"count":19,"href":"https:\/\/blog.zeit.de\/tontraeger\/wp-json\/wp\/v2\/posts\/7418\/revisions"}],"predecessor-version":[{"id":15666,"href":"https:\/\/blog.zeit.de\/tontraeger\/wp-json\/wp\/v2\/posts\/7418\/revisions\/15666"}],"wp:attachment":[{"href":"https:\/\/blog.zeit.de\/tontraeger\/wp-json\/wp\/v2\/media?parent=7418"}],"wp:term":[{"taxonomy":"category","embeddable":true,"href":"https:\/\/blog.zeit.de\/tontraeger\/wp-json\/wp\/v2\/categories?post=7418"},{"taxonomy":"post_tag","embeddable":true,"href":"https:\/\/blog.zeit.de\/tontraeger\/wp-json\/wp\/v2\/tags?post=7418"}],"curies":[{"name":"wp","href":"https:\/\/api.w.org\/{rel}","templated":true}]}}