{"id":755,"date":"2008-05-30T09:48:31","date_gmt":"2008-05-30T07:48:31","guid":{"rendered":"http:\/\/blog.zeit.de\/tontraeger\/2008\/05\/30\/ist-nicht-alles-gold_755"},"modified":"2012-04-04T12:53:30","modified_gmt":"2012-04-04T10:53:30","slug":"ist-nicht-alles-gold","status":"publish","type":"post","link":"https:\/\/blog.zeit.de\/tontraeger\/2008\/05\/30\/ist-nicht-alles-gold_755","title":{"rendered":"Ist nicht alles Gold"},"content":{"rendered":"<p><strong>Und wieder hat die Musikpresse einen neuen Liebling: Santogold kommt aus Brooklyn, sie ist schwarz und selbstbewusst. Im allgemeinen Hurra h\u00f6rt man kaum, wie unentschlossen ihr Album klingt <\/strong><\/p>\n<div class=\"cover\"><img decoding=\"async\" alt=\"Santogold\" src=\"https:\/\/blog.zeit.de\/tontraeger\/files\/2008\/05\/santogold200.jpg\" \/><\/div>\n<p>Santogold ist in aller Munde. In s\u00e4mtlichen Feuilletons und Musikmagazinen wird ihr Deb\u00fctalbum gefeiert. Denn sie feiern gerne, die Musikjournalisten. F\u00fchlen wir auf die Krone: Ist Santo Gold? Oder gl\u00e4nzt es hier nur?<\/p>\n<p>Santi White \u2013 so der b\u00fcrgerliche Name der goldbehangenen schwarzen K\u00fcnstlerin \u2013 schreibt h\u00fcbsche Refrains. Das Album beginnt mit <em>L.E.S. Artistes<\/em>, man l\u00e4sst sich mitrei\u00dfen von Euphorie und Schwebe, dreht lauter. Sp\u00e4ter bei <em>I\u2019m A Lady<\/em> bastelt sie mit einfachen Mitteln noch ein gutes Poplied. Und Santogold hat noch viel mehr vor, kaum eine moderne Spielart popul\u00e4rer Musik bleibt unangetastet. Ihr Album ist eine Werkschau der Vielseitigkeit.<\/p>\n<p>Nur: Hei\u00dft <em>vielseitig<\/em> automatisch <em>gut<\/em>? Man k\u00f6nnte bem\u00e4ngeln, dass es Santogold an Fokussierung fehlt. Ihr Durcheinander ist zu durcheinander. Aber geht es bei solch hybrider Musik nicht genau um die Uneindeutigkeit von Stilen und Einfl\u00fcssen? Warum sollte man sich auf nur eine musikalische Ausdrucksform reduzieren?<\/p>\n<p>Das Problem liegt woanders. Santogold baut keine Br\u00fccken zwischen den Stilen. Ihrer Musik fehlt es an Herz. So t\u00f6nt das Drama des Adepten \u2013 in zw\u00f6lf Akten. Es wird gekonnt komponiert, gespielt und ausgef\u00fchrt. Ein Bekenntnis aber gibt sie nicht ab, alles klingt beliebig und schwammig, seltsam kalt.<\/p>\n<p>Strebsam und gelehrig ist Santi Whites Musik, st\u00e4ndig zerrt sie am H\u00f6rer und sagt: \u00bbGuck mal, was ich alles kann!\u00ab \u2013 aber Vielseitigkeit allein macht nicht aufregend. Dem H\u00f6ren geht der Inhalt ab, Santogold bedient akustische Abziehbilder. Ihre Stimme ist biegsam und passt sich dem Musikstil an. Wenn es sein muss, klingt sie sogar wie Sheryl Crow. Bei HipHop-St\u00fccken verwechselt man sie schnell mit <a href=\"https:\/\/blog.zeit.de\/tontraeger\/2007\/09\/21\/tanzt-kaputt-was-euch-kaputt-macht_528\">M.I.A.<\/a>, zumal diese auch noch als Gasts\u00e4ngerin auftritt. Bei <em>You\u2019ll Find A Way<\/em> klingt\u2019s nach Sting und seiner unseligen Polizei. Diese Aufz\u00e4hlung von Referenzen lie\u00dfe sich fortsetzen.<\/p>\n<p>Aber warum fliegen nun die Musikjournalisten derma\u00dfen auf Santogold? Ihr Ph\u00e4nomen ist soziologischer Natur: Eine schwarze Frau, die angesagt und nach Ghetto aussieht, sich aber auf wei\u00dfe Rockmusik bezieht. Led Zeppelin und die Talking Heads nennt sie als ihre Einfl\u00fcsse, das verleiht ihr den Nimbus der Aufgekl\u00e4rten. Oder wie es die <a href=\"http:\/\/www.fr-online.de\/in_und_ausland\/kultur_und_medien\/feuilleton\/?em_cnt=1339647\" target=\"_blank\">Frankfurter Rundschau<\/a> ausdr\u00fcckt: \u00bbGhetto war gestern, hier kommt eine kluge schwarze Frau und macht Crossover-Avantgarde in Form mitrei\u00dfender Popsongs.\u00ab Dabei will Santi White eigentlich Schluss machen mit dem musikalischen Rassismus und ihre Lieder f\u00fcr sich sprechen lassen. Wieso verwehrt man ihr das und sortiert sie ins abgegriffene Muster?<\/p>\n<p>Zuviel des Lorbeers schadet der K\u00fcnstlerin. Vom n\u00e4chsten gro\u00dfen Ding kann sie schnell zum n\u00e4chsten grandiosen Opfer der Erwartungshaltungen werden. Entkrampften sich alle Beteiligten ein bisschen, k\u00f6nnten wir uns auf Santogolds kommende Alben richtig freuen.<\/p>\n<p><em>Das Deb\u00fctalbum von <a href=\"http:\/\/www.myspace.com\/santogold\" target=\"_blank\">Santogold<\/a> ist als CD und LP bei Lizard King Records\/Rough Trade erschienen.<\/em><\/p>\n<p><em><strong>Die Popsensation des Jahres?<\/strong> <a href=\"http:\/\/www.zeit.de\/2008\/23\/M-Santogold\">Lesen Sie hier das gro\u00dfe Santogold-Portr\u00e4t von Frank Sawatzki \u00bb<\/a><\/em><br \/>\n&#8230;<\/p>\n<p><strong>Weitere Beitr\u00e4ge aus der Kategorie POP<\/strong><br \/>\n<a href=\"https:\/\/blog.zeit.de\/tontraeger\/2008\/05\/23\/aprilscherz-auf-dunnem-eis_749\">Death Cab For Cutie: \u201eNarrow Stairs\u201c<\/a> (Atlantic\/Warner Music 2008)<br \/>\n<a href=\"https:\/\/blog.zeit.de\/tontraeger\/2008\/05\/21\/der-sittich-profitiert-vom-klimawandel_748\">Bernadette La Hengst: \u201eMachinette\u201c<\/a> (Trikont\/Ritchie Records 2008)<br \/>\n<a href=\"https:\/\/blog.zeit.de\/tontraeger\/2008\/05\/19\/die-zauberkraft-schwindet_741\">JaK\u00f6nigJa: \u201eDie Seilschaft der Verflixten\u201c<\/a> (Buback 2008)<br \/>\n<a href=\"https:\/\/blog.zeit.de\/tontraeger\/2008\/05\/16\/der-rupel-und-die-blasse-frau_737\">Scarlett Johansson: \u201eAnywhere I Lay My Head\u201c<\/a> (Warner Music 2008)<br \/>\n<a href=\"https:\/\/blog.zeit.de\/tontraeger\/2008\/05\/02\/ins-absurde-erhoben_729\">The Notwist: \u201eThe Devil, You + Me\u201c<\/a> (City Slang 2008)<\/p>\n<p>Alle Musikangebote von ZEIT online finden Sie unter <a target=\"_blank\" href=\"http:\/\/www.zeit.de\/musik\">www.zeit.de\/musik<\/a><\/p>\n","protected":false},"excerpt":{"rendered":"<p>Und wieder hat die Musikpresse einen neuen Liebling: Santogold kommt aus Brooklyn, sie ist schwarz und selbstbewusst. Im allgemeinen Hurra h\u00f6rt man kaum, wie unentschlossen ihr Album klingt Santogold ist in aller Munde. In s\u00e4mtlichen Feuilletons und Musikmagazinen wird ihr Deb\u00fctalbum gefeiert. Denn sie feiern gerne, die Musikjournalisten. F\u00fchlen wir auf die Krone: Ist Santo [&hellip;]<\/p>\n","protected":false},"author":106,"featured_media":0,"comment_status":"open","ping_status":"open","sticky":false,"template":"","format":"standard","meta":{"_jetpack_memberships_contains_paid_content":false,"footnotes":""},"categories":[869],"tags":[],"class_list":["post-755","post","type-post","status-publish","format-standard","hentry","category-pop"],"yoast_head":"<!-- This site is optimized with the Yoast SEO plugin v21.0 - https:\/\/yoast.com\/wordpress\/plugins\/seo\/ -->\n<title>Ist nicht alles Gold - Musikblog<\/title>\n<meta name=\"robots\" content=\"index, follow, max-snippet:-1, max-image-preview:large, max-video-preview:-1\" \/>\n<link rel=\"canonical\" href=\"https:\/\/blog.zeit.de\/tontraeger\/2008\/05\/30\/ist-nicht-alles-gold_755\" \/>\n<meta property=\"og:locale\" content=\"de_DE\" \/>\n<meta property=\"og:type\" content=\"article\" \/>\n<meta property=\"og:title\" content=\"Ist nicht alles Gold - Musikblog\" \/>\n<meta property=\"og:description\" content=\"Und wieder hat die Musikpresse einen neuen Liebling: Santogold kommt aus Brooklyn, sie ist schwarz und selbstbewusst. Im allgemeinen Hurra h\u00f6rt man kaum, wie unentschlossen ihr Album klingt Santogold ist in aller Munde. In s\u00e4mtlichen Feuilletons und Musikmagazinen wird ihr Deb\u00fctalbum gefeiert. Denn sie feiern gerne, die Musikjournalisten. F\u00fchlen wir auf die Krone: Ist Santo [&hellip;]\" \/>\n<meta property=\"og:url\" content=\"https:\/\/blog.zeit.de\/tontraeger\/2008\/05\/30\/ist-nicht-alles-gold_755\" \/>\n<meta property=\"og:site_name\" content=\"Tontr\u00e4ger\" \/>\n<meta property=\"article:published_time\" content=\"2008-05-30T07:48:31+00:00\" \/>\n<meta property=\"article:modified_time\" content=\"2012-04-04T10:53:30+00:00\" \/>\n<meta property=\"og:image\" content=\"https:\/\/blog.zeit.de\/tontraeger\/files\/2008\/05\/santogold200.jpg\" \/>\n<meta name=\"author\" content=\"Sebastian Reier\" \/>\n<meta name=\"twitter:card\" content=\"summary_large_image\" \/>\n<meta name=\"twitter:creator\" content=\"@zeitonline\" \/>\n<meta name=\"twitter:site\" content=\"@zeitonline\" \/>\n<meta name=\"twitter:label1\" content=\"Geschrieben von\" \/>\n\t<meta name=\"twitter:data1\" content=\"Sebastian Reier\" \/>\n\t<meta name=\"twitter:label2\" content=\"Gesch\u00e4tzte Lesezeit\" \/>\n\t<meta name=\"twitter:data2\" content=\"3\u00a0Minuten\" \/>\n<script type=\"application\/ld+json\" class=\"yoast-schema-graph\">{\"@context\":\"https:\/\/schema.org\",\"@graph\":[{\"@type\":\"WebPage\",\"@id\":\"https:\/\/blog.zeit.de\/tontraeger\/2008\/05\/30\/ist-nicht-alles-gold_755\",\"url\":\"https:\/\/blog.zeit.de\/tontraeger\/2008\/05\/30\/ist-nicht-alles-gold_755\",\"name\":\"Ist nicht alles Gold - Musikblog\",\"isPartOf\":{\"@id\":\"https:\/\/blog.zeit.de\/tontraeger\/#website\"},\"datePublished\":\"2008-05-30T07:48:31+00:00\",\"dateModified\":\"2012-04-04T10:53:30+00:00\",\"author\":{\"@id\":\"https:\/\/blog.zeit.de\/tontraeger\/#\/schema\/person\/f8485138cb2e012613a1c0f835997137\"},\"breadcrumb\":{\"@id\":\"https:\/\/blog.zeit.de\/tontraeger\/2008\/05\/30\/ist-nicht-alles-gold_755#breadcrumb\"},\"inLanguage\":\"de\",\"potentialAction\":[{\"@type\":\"ReadAction\",\"target\":[\"https:\/\/blog.zeit.de\/tontraeger\/2008\/05\/30\/ist-nicht-alles-gold_755\"]}]},{\"@type\":\"BreadcrumbList\",\"@id\":\"https:\/\/blog.zeit.de\/tontraeger\/2008\/05\/30\/ist-nicht-alles-gold_755#breadcrumb\",\"itemListElement\":[{\"@type\":\"ListItem\",\"position\":1,\"name\":\"Startseite\",\"item\":\"https:\/\/blog.zeit.de\/tontraeger\"},{\"@type\":\"ListItem\",\"position\":2,\"name\":\"Ist nicht alles Gold\"}]},{\"@type\":\"WebSite\",\"@id\":\"https:\/\/blog.zeit.de\/tontraeger\/#website\",\"url\":\"https:\/\/blog.zeit.de\/tontraeger\/\",\"name\":\"Tontr\u00e4ger\",\"description\":\"Zwischen Disko und Diskurs\",\"potentialAction\":[{\"@type\":\"SearchAction\",\"target\":{\"@type\":\"EntryPoint\",\"urlTemplate\":\"https:\/\/blog.zeit.de\/tontraeger\/?s={search_term_string}\"},\"query-input\":\"required name=search_term_string\"}],\"inLanguage\":\"de\"},{\"@type\":\"Person\",\"@id\":\"https:\/\/blog.zeit.de\/tontraeger\/#\/schema\/person\/f8485138cb2e012613a1c0f835997137\",\"name\":\"Sebastian Reier\",\"image\":{\"@type\":\"ImageObject\",\"inLanguage\":\"de\",\"@id\":\"https:\/\/blog.zeit.de\/tontraeger\/#\/schema\/person\/image\/\",\"url\":\"https:\/\/secure.gravatar.com\/avatar\/?s=96&d=mm&r=g\",\"contentUrl\":\"https:\/\/secure.gravatar.com\/avatar\/?s=96&d=mm&r=g\",\"caption\":\"Sebastian Reier\"},\"url\":\"https:\/\/blog.zeit.de\/tontraeger\/author\/sebastian-reier\"}]}<\/script>\n<!-- \/ Yoast SEO plugin. -->","yoast_head_json":{"title":"Ist nicht alles Gold - Musikblog","robots":{"index":"index","follow":"follow","max-snippet":"max-snippet:-1","max-image-preview":"max-image-preview:large","max-video-preview":"max-video-preview:-1"},"canonical":"https:\/\/blog.zeit.de\/tontraeger\/2008\/05\/30\/ist-nicht-alles-gold_755","og_locale":"de_DE","og_type":"article","og_title":"Ist nicht alles Gold - Musikblog","og_description":"Und wieder hat die Musikpresse einen neuen Liebling: Santogold kommt aus Brooklyn, sie ist schwarz und selbstbewusst. Im allgemeinen Hurra h\u00f6rt man kaum, wie unentschlossen ihr Album klingt Santogold ist in aller Munde. In s\u00e4mtlichen Feuilletons und Musikmagazinen wird ihr Deb\u00fctalbum gefeiert. Denn sie feiern gerne, die Musikjournalisten. F\u00fchlen wir auf die Krone: Ist Santo [&hellip;]","og_url":"https:\/\/blog.zeit.de\/tontraeger\/2008\/05\/30\/ist-nicht-alles-gold_755","og_site_name":"Tontr\u00e4ger","article_published_time":"2008-05-30T07:48:31+00:00","article_modified_time":"2012-04-04T10:53:30+00:00","og_image":[{"url":"https:\/\/blog.zeit.de\/tontraeger\/files\/2008\/05\/santogold200.jpg"}],"author":"Sebastian Reier","twitter_card":"summary_large_image","twitter_creator":"@zeitonline","twitter_site":"@zeitonline","twitter_misc":{"Geschrieben von":"Sebastian Reier","Gesch\u00e4tzte Lesezeit":"3\u00a0Minuten"},"schema":{"@context":"https:\/\/schema.org","@graph":[{"@type":"WebPage","@id":"https:\/\/blog.zeit.de\/tontraeger\/2008\/05\/30\/ist-nicht-alles-gold_755","url":"https:\/\/blog.zeit.de\/tontraeger\/2008\/05\/30\/ist-nicht-alles-gold_755","name":"Ist nicht alles Gold - Musikblog","isPartOf":{"@id":"https:\/\/blog.zeit.de\/tontraeger\/#website"},"datePublished":"2008-05-30T07:48:31+00:00","dateModified":"2012-04-04T10:53:30+00:00","author":{"@id":"https:\/\/blog.zeit.de\/tontraeger\/#\/schema\/person\/f8485138cb2e012613a1c0f835997137"},"breadcrumb":{"@id":"https:\/\/blog.zeit.de\/tontraeger\/2008\/05\/30\/ist-nicht-alles-gold_755#breadcrumb"},"inLanguage":"de","potentialAction":[{"@type":"ReadAction","target":["https:\/\/blog.zeit.de\/tontraeger\/2008\/05\/30\/ist-nicht-alles-gold_755"]}]},{"@type":"BreadcrumbList","@id":"https:\/\/blog.zeit.de\/tontraeger\/2008\/05\/30\/ist-nicht-alles-gold_755#breadcrumb","itemListElement":[{"@type":"ListItem","position":1,"name":"Startseite","item":"https:\/\/blog.zeit.de\/tontraeger"},{"@type":"ListItem","position":2,"name":"Ist nicht alles Gold"}]},{"@type":"WebSite","@id":"https:\/\/blog.zeit.de\/tontraeger\/#website","url":"https:\/\/blog.zeit.de\/tontraeger\/","name":"Tontr\u00e4ger","description":"Zwischen Disko und Diskurs","potentialAction":[{"@type":"SearchAction","target":{"@type":"EntryPoint","urlTemplate":"https:\/\/blog.zeit.de\/tontraeger\/?s={search_term_string}"},"query-input":"required name=search_term_string"}],"inLanguage":"de"},{"@type":"Person","@id":"https:\/\/blog.zeit.de\/tontraeger\/#\/schema\/person\/f8485138cb2e012613a1c0f835997137","name":"Sebastian Reier","image":{"@type":"ImageObject","inLanguage":"de","@id":"https:\/\/blog.zeit.de\/tontraeger\/#\/schema\/person\/image\/","url":"https:\/\/secure.gravatar.com\/avatar\/?s=96&d=mm&r=g","contentUrl":"https:\/\/secure.gravatar.com\/avatar\/?s=96&d=mm&r=g","caption":"Sebastian Reier"},"url":"https:\/\/blog.zeit.de\/tontraeger\/author\/sebastian-reier"}]}},"jetpack_featured_media_url":"","jetpack_sharing_enabled":true,"_links":{"self":[{"href":"https:\/\/blog.zeit.de\/tontraeger\/wp-json\/wp\/v2\/posts\/755","targetHints":{"allow":["GET"]}}],"collection":[{"href":"https:\/\/blog.zeit.de\/tontraeger\/wp-json\/wp\/v2\/posts"}],"about":[{"href":"https:\/\/blog.zeit.de\/tontraeger\/wp-json\/wp\/v2\/types\/post"}],"author":[{"embeddable":true,"href":"https:\/\/blog.zeit.de\/tontraeger\/wp-json\/wp\/v2\/users\/106"}],"replies":[{"embeddable":true,"href":"https:\/\/blog.zeit.de\/tontraeger\/wp-json\/wp\/v2\/comments?post=755"}],"version-history":[{"count":2,"href":"https:\/\/blog.zeit.de\/tontraeger\/wp-json\/wp\/v2\/posts\/755\/revisions"}],"predecessor-version":[{"id":12459,"href":"https:\/\/blog.zeit.de\/tontraeger\/wp-json\/wp\/v2\/posts\/755\/revisions\/12459"}],"wp:attachment":[{"href":"https:\/\/blog.zeit.de\/tontraeger\/wp-json\/wp\/v2\/media?parent=755"}],"wp:term":[{"taxonomy":"category","embeddable":true,"href":"https:\/\/blog.zeit.de\/tontraeger\/wp-json\/wp\/v2\/categories?post=755"},{"taxonomy":"post_tag","embeddable":true,"href":"https:\/\/blog.zeit.de\/tontraeger\/wp-json\/wp\/v2\/tags?post=755"}],"curies":[{"name":"wp","href":"https:\/\/api.w.org\/{rel}","templated":true}]}}