{"id":7926,"date":"2011-02-28T16:43:35","date_gmt":"2011-02-28T15:43:35","guid":{"rendered":"http:\/\/blog.zeit.de\/tontraeger\/?p=7926"},"modified":"2011-03-01T15:56:48","modified_gmt":"2011-03-01T14:56:48","slug":"band-206-republik","status":"publish","type":"post","link":"https:\/\/blog.zeit.de\/tontraeger\/2011\/02\/28\/band-206-republik_7926","title":{"rendered":"Der Jugend ist zum Kotzen"},"content":{"rendered":"<p><strong>Auf ihrem Deb\u00fctalbum ruft die Band 206 eine &#8222;Republik der Heiserkeit&#8220; aus. Grimmig und doch hoffnungsvoll macht das Trio aus Halle seiner sozialen Unzufriedenheit Luft.<\/strong><\/p>\n<p><figure id=\"attachment_7935\" aria-describedby=\"caption-attachment-7935\" style=\"width: 540px\" class=\"wp-caption aligncenter\"><img loading=\"lazy\" decoding=\"async\" src=\"https:\/\/blog.zeit.de\/tontraeger\/files\/2011\/02\/206-band-540x304.jpg\" alt=\"\" title=\"206-band-540x304\" width=\"540\" height=\"304\" class=\"size-full wp-image-7935\" srcset=\"https:\/\/blog.zeit.de\/tontraeger\/files\/2011\/02\/206-band-540x304.jpg 540w, https:\/\/blog.zeit.de\/tontraeger\/files\/2011\/02\/206-band-540x304-300x168.jpg 300w\" sizes=\"auto, (max-width: 540px) 100vw, 540px\" \/><figcaption id=\"caption-attachment-7935\" class=\"wp-caption-text\">\u00a9 Ralf Kornmann<\/figcaption><\/figure><!--more--><\/p>\n<p>F\u00fcr ein Gef\u00fchl der Melancholie, eine Ahnung von Perspektivlosigkeit, f\u00fcr einen tragf\u00e4higen Mix aus Weltschmerz, Wut und Rebellion braucht es manchmal nicht mehr als einen kleinen Basslauf. Da reichen schon drei Noten, ganz monoton zum aufgebrachten, gar nicht mal tobs\u00fcchtigen Gesang heruntergezupft, um den Gem\u00fctszustand einer Avantgarde des Aufbegehrens zu verstehen. Und die ist alles andere als gut gelaunt.<\/p>\n<div class=\"zol_video aud_narrow aud453162295727\"><\/div>\n<p>Denn w\u00e4hrend drei Viertel, vier F\u00fcnftel, ach, fast alle, die so gern unter &#8222;musikalischer Jugend&#8220; subsumiert werden, fr\u00f6hlich konsumierend dem Niedergang entgegentr\u00e4llern, greift der kleine Rest zum Saiteninstrument und verwandelt zornigen Schwermut in grimmige Hoffnung auf etwas v\u00f6llig Anderes. <\/p>\n<p>&#8222;Einen neuen Zusammenschluss&#8220;, schl\u00e4gt Timm V\u00f6lker vor, &#8222;die Idee einer Republik&#8220;. Nicht mehr und nicht weniger sei das Konzept des Deb\u00fctalbums seiner Post-Punk-Formation 206. Und weil das doch ein wenig altbacken klingt, akademisch, popuntauglich jedenfalls, hat sie die Staatsform ihrer Platte kryptisch erg\u00e4nzt. <em>Republik der Heiserkeit<\/em> hei\u00dft sie und will zusammenf\u00fchren, was zusammengeh\u00f6rt: Die Unzufriedenheit der Menschen im Ist-Zustand n\u00e4mlich, wie es der singende Gitarrist nennt, mit der zugeh\u00f6rigen Tonlage. Kein Wunder, dass die nicht gef\u00e4llig daherkommt.<\/p>\n<div class=\"zol_video aud_narrow aud837319781910\"><\/div>\n<p><em>Republik der Heiserkeit<\/em> ist das derzeit wohl nachdenklichste all der kampfeslustigen Angebote im deutschsprachigen Gitarrenrock: 14 analoge St\u00fccke in Moll, 14 basslastige Bestandsaufnahmen gesellschaftlicher Zust\u00e4nde, 14 Mal viel Text gegen Lounges, Nazis, Geschichtsvergessenheit, all so was. <\/p>\n<p>Musikalisch irgendwo zwischen <a href=\"https:\/\/blog.zeit.de\/tontraeger\/2010\/05\/21\/von-spar-foreigner_5495\">Von Spar<\/a> und <a href=\"https:\/\/blog.zeit.de\/tontraeger\/2010\/09\/08\/1000-robota-ufo_6301\">1000 Robota<\/a>, Palais Schaumburg und den <a href=\"http:\/\/www.zeit.de\/2009\/42\/M-Goldene-Zitronen\">Goldenen Zitronen<\/a>, teilt sich das Trio aus Halle auch deren inhaltliche Ausrichtung entlang von Konsumkritik und Klassenkampf, ergeht sich dabei aber nie in Lyrik, Pathos oder Parolengebr\u00fclle. &#8222;Was bleibt mir anderes \u00fcbrig als mit meiner Armut anzugeben&#8220;, singt Timm V\u00f6lker in <em>Goldjunge<\/em> und meint damit sicherlich keinen Arbeiterstolz.<\/p>\n\n<div class=\"embed-wrapper embed-wrapper--blocked js-embed-consent\" data-method=\"iframe\">\n<script class=\"raw__source\" type=\"text\/template\"><iframe loading=\"lazy\" src=\"http:\/\/player.vimeo.com\/video\/19303524\" width=\"540\" height=\"304\" frameborder=\"0\"><\/iframe><\/script>\n<div class=\"embed-wrapper__inner\">\n<div class=\"embed-wrapper__text\">\n<h3>Empfohlener redaktioneller Inhalt<\/h3>\n<p data-replace=\"no\">An dieser Stelle finden Sie externen Inhalt, der den Artikel erg\u00e4nzt. Sie k\u00f6nnen sich externe Inhalte mit einem Klick anzeigen lassen und wieder ausblenden.<noscript>Bitte aktivieren Sie JavaScript damit Sie diesen Inhalt anzeigen k\u00f6nnen.<\/noscript><\/p>\n<\/div>\n<div class=\"embed-consent\">\n<label class=\"embed-consent__toggle\">\n<input class=\"js-embed-consent__toggle\" type=\"checkbox\" autocomplete=\"off\">\n<span><\/span>\nExterner Inhalt\n<\/label>\n<a href=\"https:\/\/www.zeit.de\/hilfe\/datenschutz\" target=\"_blank\" class=\"embed-consent__datalink-when-active\">Datenschutzerkl\u00e4rung<\/a>\n<\/div>\n<div class=\"embed-wrapper__footer\">\n<p data-replace=\"no\">\nIch bin damit einverstanden, dass mir externe Inhalte angezeigt werden. Damit k\u00f6nnen personenbezogene Daten an Drittplattformen \u00fcbermittelt werden. <a href=\"https:\/\/www.zeit.de\/hilfe\/datenschutz\" target=\"_blank\">Mehr dazu in unserer Datenschutzerkl\u00e4rung.<\/a>\n<\/p>\n<\/div>\n<\/div>\n<\/div>\n<p>Es ist der Gestus einer Jugend, die schnell, zu schnell erwachsen geworden ist. Die mit Anfang 20 dunkle Pullover und schwarze Krawatten tr\u00e4gt, nicht nur, weil es cool ist, sondern angemessen. Deren Gesichter selten von Ausgelassenheit und \u00dcbermut zeugen, sondern von Gr\u00fcbelei und Trotz. Das nimmt ihrer Musik jede Leichtigkeit, jeden Leichtsinn, aber auch die Beliebigkeit. <\/p>\n<p>206 machen Gedankenpunk, nur dass V\u00f6lker, sein Bassist Leif Ziemann und ihr pr\u00e4ziser Schlagzeuger Florian Funke nicht wirken wie 1,2,3,4-Rock&#8217;n&#8217;Roller, geschweige denn wie Trendrevolution\u00e4re der Marke <a href=\"http:\/\/www.mediengruppe-telekommander.de\/\">Telekommander<\/a>. Sie finden das alles hier tief im Inneren zum Kotzen, wischen danach aber auf. <\/p>\n<p>Sie sind die J\u00e4ger, Sammler und \u00dcbersetzer einer aufgestauten Depressivit\u00e4t. Das hyperaggressive <em>Kratzer to the Top<\/em> zu Beginn gleichberechtigt neben dem Titelst\u00fcck am Schluss, ein einzelner Basslauf nur. Mehr braucht es nicht. Nicht an dieser Stelle.<\/p>\n<p><em>&#8222;Republik der Heiserkeit&#8220; von <a href=\"http:\/\/wsfa.de\/infos\/206.htm\">206<\/a> ist erschienen bei ZickZack.<\/em><\/p>\n","protected":false},"excerpt":{"rendered":"<p>Auf ihrem Deb\u00fctalbum ruft die Band 206 eine &#8222;Republik der Heiserkeit&#8220; aus. Grimmig und doch hoffnungsvoll macht das Trio aus Halle seiner sozialen Unzufriedenheit Luft.<\/p>\n","protected":false},"author":118,"featured_media":0,"comment_status":"open","ping_status":"closed","sticky":false,"template":"","format":"standard","meta":{"_jetpack_memberships_contains_paid_content":false,"footnotes":""},"categories":[870,872],"tags":[],"class_list":["post-7926","post","type-post","status-publish","format-standard","hentry","category-punk","category-rock"],"yoast_head":"<!-- This site is optimized with the Yoast SEO plugin v21.0 - https:\/\/yoast.com\/wordpress\/plugins\/seo\/ -->\n<title>Der Jugend ist zum Kotzen - Musikblog<\/title>\n<meta name=\"robots\" content=\"index, follow, max-snippet:-1, max-image-preview:large, max-video-preview:-1\" \/>\n<link rel=\"canonical\" href=\"https:\/\/blog.zeit.de\/tontraeger\/2011\/02\/28\/band-206-republik_7926\" \/>\n<meta property=\"og:locale\" content=\"de_DE\" \/>\n<meta property=\"og:type\" content=\"article\" \/>\n<meta property=\"og:title\" content=\"Der Jugend ist zum Kotzen - Musikblog\" \/>\n<meta property=\"og:description\" content=\"Auf ihrem Deb\u00fctalbum ruft die Band 206 eine &#8222;Republik der Heiserkeit&#8220; aus. Grimmig und doch hoffnungsvoll macht das Trio aus Halle seiner sozialen Unzufriedenheit Luft.\" \/>\n<meta property=\"og:url\" content=\"https:\/\/blog.zeit.de\/tontraeger\/2011\/02\/28\/band-206-republik_7926\" \/>\n<meta property=\"og:site_name\" content=\"Tontr\u00e4ger\" \/>\n<meta property=\"article:published_time\" content=\"2011-02-28T15:43:35+00:00\" \/>\n<meta property=\"article:modified_time\" content=\"2011-03-01T14:56:48+00:00\" \/>\n<meta property=\"og:image\" content=\"https:\/\/blog.zeit.de\/tontraeger\/files\/2011\/02\/206-band-540x304.jpg\" \/>\n<meta name=\"author\" content=\"Jan Freitag\" \/>\n<meta name=\"twitter:card\" content=\"summary_large_image\" \/>\n<meta name=\"twitter:creator\" content=\"@zeitonline\" \/>\n<meta name=\"twitter:site\" content=\"@zeitonline\" \/>\n<meta name=\"twitter:label1\" content=\"Geschrieben von\" \/>\n\t<meta name=\"twitter:data1\" content=\"Jan Freitag\" \/>\n\t<meta name=\"twitter:label2\" content=\"Gesch\u00e4tzte Lesezeit\" \/>\n\t<meta name=\"twitter:data2\" content=\"2\u00a0Minuten\" \/>\n<script type=\"application\/ld+json\" class=\"yoast-schema-graph\">{\"@context\":\"https:\/\/schema.org\",\"@graph\":[{\"@type\":\"WebPage\",\"@id\":\"https:\/\/blog.zeit.de\/tontraeger\/2011\/02\/28\/band-206-republik_7926\",\"url\":\"https:\/\/blog.zeit.de\/tontraeger\/2011\/02\/28\/band-206-republik_7926\",\"name\":\"Der Jugend ist zum Kotzen - Musikblog\",\"isPartOf\":{\"@id\":\"https:\/\/blog.zeit.de\/tontraeger\/#website\"},\"datePublished\":\"2011-02-28T15:43:35+00:00\",\"dateModified\":\"2011-03-01T14:56:48+00:00\",\"author\":{\"@id\":\"https:\/\/blog.zeit.de\/tontraeger\/#\/schema\/person\/c8ae38c87080d26cfcf3b6d9126637c1\"},\"breadcrumb\":{\"@id\":\"https:\/\/blog.zeit.de\/tontraeger\/2011\/02\/28\/band-206-republik_7926#breadcrumb\"},\"inLanguage\":\"de\",\"potentialAction\":[{\"@type\":\"ReadAction\",\"target\":[\"https:\/\/blog.zeit.de\/tontraeger\/2011\/02\/28\/band-206-republik_7926\"]}]},{\"@type\":\"BreadcrumbList\",\"@id\":\"https:\/\/blog.zeit.de\/tontraeger\/2011\/02\/28\/band-206-republik_7926#breadcrumb\",\"itemListElement\":[{\"@type\":\"ListItem\",\"position\":1,\"name\":\"Startseite\",\"item\":\"https:\/\/blog.zeit.de\/tontraeger\"},{\"@type\":\"ListItem\",\"position\":2,\"name\":\"Der Jugend ist zum Kotzen\"}]},{\"@type\":\"WebSite\",\"@id\":\"https:\/\/blog.zeit.de\/tontraeger\/#website\",\"url\":\"https:\/\/blog.zeit.de\/tontraeger\/\",\"name\":\"Tontr\u00e4ger\",\"description\":\"Zwischen Disko und Diskurs\",\"potentialAction\":[{\"@type\":\"SearchAction\",\"target\":{\"@type\":\"EntryPoint\",\"urlTemplate\":\"https:\/\/blog.zeit.de\/tontraeger\/?s={search_term_string}\"},\"query-input\":\"required name=search_term_string\"}],\"inLanguage\":\"de\"},{\"@type\":\"Person\",\"@id\":\"https:\/\/blog.zeit.de\/tontraeger\/#\/schema\/person\/c8ae38c87080d26cfcf3b6d9126637c1\",\"name\":\"Jan Freitag\",\"image\":{\"@type\":\"ImageObject\",\"inLanguage\":\"de\",\"@id\":\"https:\/\/blog.zeit.de\/tontraeger\/#\/schema\/person\/image\/\",\"url\":\"https:\/\/secure.gravatar.com\/avatar\/40eb562c55a5ee8def5c5e7a682c0582f7a017504454f7c2e24a052e01de36a2?s=96&d=mm&r=g\",\"contentUrl\":\"https:\/\/secure.gravatar.com\/avatar\/40eb562c55a5ee8def5c5e7a682c0582f7a017504454f7c2e24a052e01de36a2?s=96&d=mm&r=g\",\"caption\":\"Jan Freitag\"},\"url\":\"https:\/\/blog.zeit.de\/tontraeger\/author\/jan-freitag\"}]}<\/script>\n<!-- \/ Yoast SEO plugin. -->","yoast_head_json":{"title":"Der Jugend ist zum Kotzen - Musikblog","robots":{"index":"index","follow":"follow","max-snippet":"max-snippet:-1","max-image-preview":"max-image-preview:large","max-video-preview":"max-video-preview:-1"},"canonical":"https:\/\/blog.zeit.de\/tontraeger\/2011\/02\/28\/band-206-republik_7926","og_locale":"de_DE","og_type":"article","og_title":"Der Jugend ist zum Kotzen - Musikblog","og_description":"Auf ihrem Deb\u00fctalbum ruft die Band 206 eine &#8222;Republik der Heiserkeit&#8220; aus. Grimmig und doch hoffnungsvoll macht das Trio aus Halle seiner sozialen Unzufriedenheit Luft.","og_url":"https:\/\/blog.zeit.de\/tontraeger\/2011\/02\/28\/band-206-republik_7926","og_site_name":"Tontr\u00e4ger","article_published_time":"2011-02-28T15:43:35+00:00","article_modified_time":"2011-03-01T14:56:48+00:00","og_image":[{"url":"https:\/\/blog.zeit.de\/tontraeger\/files\/2011\/02\/206-band-540x304.jpg"}],"author":"Jan Freitag","twitter_card":"summary_large_image","twitter_creator":"@zeitonline","twitter_site":"@zeitonline","twitter_misc":{"Geschrieben von":"Jan Freitag","Gesch\u00e4tzte Lesezeit":"2\u00a0Minuten"},"schema":{"@context":"https:\/\/schema.org","@graph":[{"@type":"WebPage","@id":"https:\/\/blog.zeit.de\/tontraeger\/2011\/02\/28\/band-206-republik_7926","url":"https:\/\/blog.zeit.de\/tontraeger\/2011\/02\/28\/band-206-republik_7926","name":"Der Jugend ist zum Kotzen - Musikblog","isPartOf":{"@id":"https:\/\/blog.zeit.de\/tontraeger\/#website"},"datePublished":"2011-02-28T15:43:35+00:00","dateModified":"2011-03-01T14:56:48+00:00","author":{"@id":"https:\/\/blog.zeit.de\/tontraeger\/#\/schema\/person\/c8ae38c87080d26cfcf3b6d9126637c1"},"breadcrumb":{"@id":"https:\/\/blog.zeit.de\/tontraeger\/2011\/02\/28\/band-206-republik_7926#breadcrumb"},"inLanguage":"de","potentialAction":[{"@type":"ReadAction","target":["https:\/\/blog.zeit.de\/tontraeger\/2011\/02\/28\/band-206-republik_7926"]}]},{"@type":"BreadcrumbList","@id":"https:\/\/blog.zeit.de\/tontraeger\/2011\/02\/28\/band-206-republik_7926#breadcrumb","itemListElement":[{"@type":"ListItem","position":1,"name":"Startseite","item":"https:\/\/blog.zeit.de\/tontraeger"},{"@type":"ListItem","position":2,"name":"Der Jugend ist zum Kotzen"}]},{"@type":"WebSite","@id":"https:\/\/blog.zeit.de\/tontraeger\/#website","url":"https:\/\/blog.zeit.de\/tontraeger\/","name":"Tontr\u00e4ger","description":"Zwischen Disko und Diskurs","potentialAction":[{"@type":"SearchAction","target":{"@type":"EntryPoint","urlTemplate":"https:\/\/blog.zeit.de\/tontraeger\/?s={search_term_string}"},"query-input":"required name=search_term_string"}],"inLanguage":"de"},{"@type":"Person","@id":"https:\/\/blog.zeit.de\/tontraeger\/#\/schema\/person\/c8ae38c87080d26cfcf3b6d9126637c1","name":"Jan Freitag","image":{"@type":"ImageObject","inLanguage":"de","@id":"https:\/\/blog.zeit.de\/tontraeger\/#\/schema\/person\/image\/","url":"https:\/\/secure.gravatar.com\/avatar\/40eb562c55a5ee8def5c5e7a682c0582f7a017504454f7c2e24a052e01de36a2?s=96&d=mm&r=g","contentUrl":"https:\/\/secure.gravatar.com\/avatar\/40eb562c55a5ee8def5c5e7a682c0582f7a017504454f7c2e24a052e01de36a2?s=96&d=mm&r=g","caption":"Jan Freitag"},"url":"https:\/\/blog.zeit.de\/tontraeger\/author\/jan-freitag"}]}},"jetpack_featured_media_url":"","jetpack_sharing_enabled":true,"_links":{"self":[{"href":"https:\/\/blog.zeit.de\/tontraeger\/wp-json\/wp\/v2\/posts\/7926","targetHints":{"allow":["GET"]}}],"collection":[{"href":"https:\/\/blog.zeit.de\/tontraeger\/wp-json\/wp\/v2\/posts"}],"about":[{"href":"https:\/\/blog.zeit.de\/tontraeger\/wp-json\/wp\/v2\/types\/post"}],"author":[{"embeddable":true,"href":"https:\/\/blog.zeit.de\/tontraeger\/wp-json\/wp\/v2\/users\/118"}],"replies":[{"embeddable":true,"href":"https:\/\/blog.zeit.de\/tontraeger\/wp-json\/wp\/v2\/comments?post=7926"}],"version-history":[{"count":22,"href":"https:\/\/blog.zeit.de\/tontraeger\/wp-json\/wp\/v2\/posts\/7926\/revisions"}],"predecessor-version":[{"id":7977,"href":"https:\/\/blog.zeit.de\/tontraeger\/wp-json\/wp\/v2\/posts\/7926\/revisions\/7977"}],"wp:attachment":[{"href":"https:\/\/blog.zeit.de\/tontraeger\/wp-json\/wp\/v2\/media?parent=7926"}],"wp:term":[{"taxonomy":"category","embeddable":true,"href":"https:\/\/blog.zeit.de\/tontraeger\/wp-json\/wp\/v2\/categories?post=7926"},{"taxonomy":"post_tag","embeddable":true,"href":"https:\/\/blog.zeit.de\/tontraeger\/wp-json\/wp\/v2\/tags?post=7926"}],"curies":[{"name":"wp","href":"https:\/\/api.w.org\/{rel}","templated":true}]}}