{"id":10129,"date":"2012-06-28T12:00:17","date_gmt":"2012-06-28T10:00:17","guid":{"rendered":"http:\/\/blog.zeit.de\/zeit-der-leser\/?p=10129"},"modified":"2012-06-20T14:50:46","modified_gmt":"2012-06-20T12:50:46","slug":"zeitsprung-63","status":"publish","type":"post","link":"https:\/\/blog.zeit.de\/zeit-der-leser\/2012\/06\/28\/zeitsprung-63\/","title":{"rendered":"Zeitsprung"},"content":{"rendered":"<p><a href=\"https:\/\/blog.zeit.de\/zeit-der-leser\/files\/2012\/06\/s86-zeitsprung-1-1801.jpg\"><img loading=\"lazy\" decoding=\"async\" class=\"alignnone size-full wp-image-10134\" src=\"https:\/\/blog.zeit.de\/zeit-der-leser\/files\/2012\/06\/s86-zeitsprung-1-1801.jpg\" alt=\"\" width=\"180\" height=\"223\" \/><\/a>\u00a0 \u00a0\u00a0<a href=\"https:\/\/blog.zeit.de\/zeit-der-leser\/files\/2012\/06\/s86-zeitsprung-2-1801.jpg\"><img loading=\"lazy\" decoding=\"async\" class=\"alignnone size-full wp-image-10135\" src=\"https:\/\/blog.zeit.de\/zeit-der-leser\/files\/2012\/06\/s86-zeitsprung-2-1801.jpg\" alt=\"\" width=\"180\" height=\"223\" \/><\/a><\/p>\n<p>Da es in dicht bebauten Innenst\u00e4dten wenig freies Schussfeld f\u00fcr Flugabwehrkanonen gab, lie\u00df das Reichsluftfahrtministerium im Zweiten Weltkrieg riesige Bunker mit Abschussrampen f\u00fcr diese Gesch\u00fctze errichten. In Wien entstand so etwa der Flakturm im Esterhazypark. Vier Jahre nach Kriegsende wurde mein Bruder Dominik am 5. September 1949, an seinem ersten Schultag, vor diesem Turm fotografiert. Nun, 63 Jahre sp\u00e4ter, ist mein Bruder nach einem langen, erfolgreichen Berufsleben als Vermessungsingenieur bereits in Pension. Der Turm wird heute vom Haus des Meeres gen\u00fctzt, von einem Aqua-Terra-Zoo mit Tropenhaus auf einer der L\u00e4ngsseiten der Fassade. An einer der Schmalseiten hat der \u00d6sterreichische Alpenverein eine Kletterwand eingerichtet. Und seit einiger Zeit darf auch die Aussichtsplattform wieder betreten werden, die einen gro\u00dfartigen Blick \u00fcber Wien erm\u00f6glicht.<\/p>\n<p><strong>Anneliese Ehrlich<\/strong>, Wien<\/p>\n","protected":false},"excerpt":{"rendered":"<p>\u00a0 \u00a0\u00a0 Da es in dicht bebauten Innenst\u00e4dten wenig freies Schussfeld f\u00fcr Flugabwehrkanonen gab, lie\u00df das Reichsluftfahrtministerium im Zweiten Weltkrieg riesige Bunker mit Abschussrampen f\u00fcr diese Gesch\u00fctze errichten. In Wien entstand so etwa der Flakturm im Esterhazypark. Vier Jahre nach Kriegsende wurde mein Bruder Dominik am 5. September 1949, an seinem ersten Schultag, vor diesem [&hellip;]<\/p>\n","protected":false},"author":265,"featured_media":0,"comment_status":"open","ping_status":"open","sticky":false,"template":"","format":"standard","meta":{"_jetpack_memberships_contains_paid_content":false,"footnotes":""},"categories":[1878],"tags":[],"class_list":["post-10129","post","type-post","status-publish","format-standard","hentry","category-zeitsprung"],"yoast_head":"<!-- This site is optimized with the Yoast SEO plugin v21.0 - https:\/\/yoast.com\/wordpress\/plugins\/seo\/ -->\n<title>Zeitsprung - ZEIT der Leser<\/title>\n<meta name=\"robots\" content=\"index, follow, max-snippet:-1, max-image-preview:large, max-video-preview:-1\" \/>\n<link rel=\"canonical\" href=\"https:\/\/blog.zeit.de\/zeit-der-leser\/2012\/06\/28\/zeitsprung-63\/\" \/>\n<meta property=\"og:locale\" content=\"de_DE\" \/>\n<meta property=\"og:type\" content=\"article\" \/>\n<meta property=\"og:title\" content=\"Zeitsprung - ZEIT der Leser\" \/>\n<meta property=\"og:description\" content=\"\u00a0 \u00a0\u00a0 Da es in dicht bebauten Innenst\u00e4dten wenig freies Schussfeld f\u00fcr Flugabwehrkanonen gab, lie\u00df das Reichsluftfahrtministerium im Zweiten Weltkrieg riesige Bunker mit Abschussrampen f\u00fcr diese Gesch\u00fctze errichten. In Wien entstand so etwa der Flakturm im Esterhazypark. Vier Jahre nach Kriegsende wurde mein Bruder Dominik am 5. September 1949, an seinem ersten Schultag, vor diesem [&hellip;]\" \/>\n<meta property=\"og:url\" content=\"https:\/\/blog.zeit.de\/zeit-der-leser\/2012\/06\/28\/zeitsprung-63\/\" \/>\n<meta property=\"og:site_name\" content=\"ZEIT der Leser\" \/>\n<meta property=\"article:published_time\" content=\"2012-06-28T10:00:17+00:00\" \/>\n<meta property=\"article:modified_time\" content=\"2012-06-20T12:50:46+00:00\" \/>\n<meta property=\"og:image\" content=\"https:\/\/blog.zeit.de\/zeit-der-leser\/files\/2012\/06\/s86-zeitsprung-1-1801.jpg\" \/>\n<meta name=\"author\" content=\"&quot;Zeit der Leser&quot;-Redaktion\" \/>\n<meta name=\"twitter:card\" content=\"summary_large_image\" \/>\n<meta name=\"twitter:label1\" content=\"Geschrieben von\" \/>\n\t<meta name=\"twitter:data1\" content=\"\"Zeit der Leser\"-Redaktion\" \/>\n\t<meta name=\"twitter:label2\" content=\"Gesch\u00e4tzte Lesezeit\" \/>\n\t<meta name=\"twitter:data2\" content=\"1\u00a0Minute\" \/>\n<script type=\"application\/ld+json\" class=\"yoast-schema-graph\">{\"@context\":\"https:\/\/schema.org\",\"@graph\":[{\"@type\":\"WebPage\",\"@id\":\"https:\/\/blog.zeit.de\/zeit-der-leser\/2012\/06\/28\/zeitsprung-63\/\",\"url\":\"https:\/\/blog.zeit.de\/zeit-der-leser\/2012\/06\/28\/zeitsprung-63\/\",\"name\":\"Zeitsprung - ZEIT der Leser\",\"isPartOf\":{\"@id\":\"https:\/\/blog.zeit.de\/zeit-der-leser\/#website\"},\"datePublished\":\"2012-06-28T10:00:17+00:00\",\"dateModified\":\"2012-06-20T12:50:46+00:00\",\"author\":{\"@id\":\"https:\/\/blog.zeit.de\/zeit-der-leser\/#\/schema\/person\/583b14e5ad6368c23af846ecbde9f20f\"},\"breadcrumb\":{\"@id\":\"https:\/\/blog.zeit.de\/zeit-der-leser\/2012\/06\/28\/zeitsprung-63\/#breadcrumb\"},\"inLanguage\":\"de\",\"potentialAction\":[{\"@type\":\"ReadAction\",\"target\":[\"https:\/\/blog.zeit.de\/zeit-der-leser\/2012\/06\/28\/zeitsprung-63\/\"]}]},{\"@type\":\"BreadcrumbList\",\"@id\":\"https:\/\/blog.zeit.de\/zeit-der-leser\/2012\/06\/28\/zeitsprung-63\/#breadcrumb\",\"itemListElement\":[{\"@type\":\"ListItem\",\"position\":1,\"name\":\"Startseite\",\"item\":\"https:\/\/blog.zeit.de\/zeit-der-leser\/\"},{\"@type\":\"ListItem\",\"position\":2,\"name\":\"Zeitsprung\"}]},{\"@type\":\"WebSite\",\"@id\":\"https:\/\/blog.zeit.de\/zeit-der-leser\/#website\",\"url\":\"https:\/\/blog.zeit.de\/zeit-der-leser\/\",\"name\":\"ZEIT der Leser\",\"description\":\"Ein Blog mit Ihren Notizen, Gedichten und Bildern f\u00fcr die gedruckte ZEIT\",\"potentialAction\":[{\"@type\":\"SearchAction\",\"target\":{\"@type\":\"EntryPoint\",\"urlTemplate\":\"https:\/\/blog.zeit.de\/zeit-der-leser\/?s={search_term_string}\"},\"query-input\":\"required name=search_term_string\"}],\"inLanguage\":\"de\"},{\"@type\":\"Person\",\"@id\":\"https:\/\/blog.zeit.de\/zeit-der-leser\/#\/schema\/person\/583b14e5ad6368c23af846ecbde9f20f\",\"name\":\"\\\"Zeit der Leser\\\"-Redaktion\",\"image\":{\"@type\":\"ImageObject\",\"inLanguage\":\"de\",\"@id\":\"https:\/\/blog.zeit.de\/zeit-der-leser\/#\/schema\/person\/image\/\",\"url\":\"https:\/\/secure.gravatar.com\/avatar\/e801a681bd3bbf2345131a815930b48d9f8e0a94de1346b624840dc850f67ad0?s=96&d=mm&r=g\",\"contentUrl\":\"https:\/\/secure.gravatar.com\/avatar\/e801a681bd3bbf2345131a815930b48d9f8e0a94de1346b624840dc850f67ad0?s=96&d=mm&r=g\",\"caption\":\"\\\"Zeit der Leser\\\"-Redaktion\"},\"url\":\"https:\/\/blog.zeit.de\/zeit-der-leser\/author\/zeit-der-leser-redaktion\/\"}]}<\/script>\n<!-- \/ Yoast SEO plugin. -->","yoast_head_json":{"title":"Zeitsprung - ZEIT der Leser","robots":{"index":"index","follow":"follow","max-snippet":"max-snippet:-1","max-image-preview":"max-image-preview:large","max-video-preview":"max-video-preview:-1"},"canonical":"https:\/\/blog.zeit.de\/zeit-der-leser\/2012\/06\/28\/zeitsprung-63\/","og_locale":"de_DE","og_type":"article","og_title":"Zeitsprung - ZEIT der Leser","og_description":"\u00a0 \u00a0\u00a0 Da es in dicht bebauten Innenst\u00e4dten wenig freies Schussfeld f\u00fcr Flugabwehrkanonen gab, lie\u00df das Reichsluftfahrtministerium im Zweiten Weltkrieg riesige Bunker mit Abschussrampen f\u00fcr diese Gesch\u00fctze errichten. In Wien entstand so etwa der Flakturm im Esterhazypark. Vier Jahre nach Kriegsende wurde mein Bruder Dominik am 5. September 1949, an seinem ersten Schultag, vor diesem [&hellip;]","og_url":"https:\/\/blog.zeit.de\/zeit-der-leser\/2012\/06\/28\/zeitsprung-63\/","og_site_name":"ZEIT der Leser","article_published_time":"2012-06-28T10:00:17+00:00","article_modified_time":"2012-06-20T12:50:46+00:00","og_image":[{"url":"https:\/\/blog.zeit.de\/zeit-der-leser\/files\/2012\/06\/s86-zeitsprung-1-1801.jpg"}],"author":"\"Zeit der Leser\"-Redaktion","twitter_card":"summary_large_image","twitter_misc":{"Geschrieben von":"\"Zeit der Leser\"-Redaktion","Gesch\u00e4tzte Lesezeit":"1\u00a0Minute"},"schema":{"@context":"https:\/\/schema.org","@graph":[{"@type":"WebPage","@id":"https:\/\/blog.zeit.de\/zeit-der-leser\/2012\/06\/28\/zeitsprung-63\/","url":"https:\/\/blog.zeit.de\/zeit-der-leser\/2012\/06\/28\/zeitsprung-63\/","name":"Zeitsprung - ZEIT der Leser","isPartOf":{"@id":"https:\/\/blog.zeit.de\/zeit-der-leser\/#website"},"datePublished":"2012-06-28T10:00:17+00:00","dateModified":"2012-06-20T12:50:46+00:00","author":{"@id":"https:\/\/blog.zeit.de\/zeit-der-leser\/#\/schema\/person\/583b14e5ad6368c23af846ecbde9f20f"},"breadcrumb":{"@id":"https:\/\/blog.zeit.de\/zeit-der-leser\/2012\/06\/28\/zeitsprung-63\/#breadcrumb"},"inLanguage":"de","potentialAction":[{"@type":"ReadAction","target":["https:\/\/blog.zeit.de\/zeit-der-leser\/2012\/06\/28\/zeitsprung-63\/"]}]},{"@type":"BreadcrumbList","@id":"https:\/\/blog.zeit.de\/zeit-der-leser\/2012\/06\/28\/zeitsprung-63\/#breadcrumb","itemListElement":[{"@type":"ListItem","position":1,"name":"Startseite","item":"https:\/\/blog.zeit.de\/zeit-der-leser\/"},{"@type":"ListItem","position":2,"name":"Zeitsprung"}]},{"@type":"WebSite","@id":"https:\/\/blog.zeit.de\/zeit-der-leser\/#website","url":"https:\/\/blog.zeit.de\/zeit-der-leser\/","name":"ZEIT der Leser","description":"Ein Blog mit Ihren Notizen, Gedichten und Bildern f\u00fcr die gedruckte ZEIT","potentialAction":[{"@type":"SearchAction","target":{"@type":"EntryPoint","urlTemplate":"https:\/\/blog.zeit.de\/zeit-der-leser\/?s={search_term_string}"},"query-input":"required name=search_term_string"}],"inLanguage":"de"},{"@type":"Person","@id":"https:\/\/blog.zeit.de\/zeit-der-leser\/#\/schema\/person\/583b14e5ad6368c23af846ecbde9f20f","name":"\"Zeit der Leser\"-Redaktion","image":{"@type":"ImageObject","inLanguage":"de","@id":"https:\/\/blog.zeit.de\/zeit-der-leser\/#\/schema\/person\/image\/","url":"https:\/\/secure.gravatar.com\/avatar\/e801a681bd3bbf2345131a815930b48d9f8e0a94de1346b624840dc850f67ad0?s=96&d=mm&r=g","contentUrl":"https:\/\/secure.gravatar.com\/avatar\/e801a681bd3bbf2345131a815930b48d9f8e0a94de1346b624840dc850f67ad0?s=96&d=mm&r=g","caption":"\"Zeit der Leser\"-Redaktion"},"url":"https:\/\/blog.zeit.de\/zeit-der-leser\/author\/zeit-der-leser-redaktion\/"}]}},"jetpack_featured_media_url":"","jetpack_sharing_enabled":true,"_links":{"self":[{"href":"https:\/\/blog.zeit.de\/zeit-der-leser\/wp-json\/wp\/v2\/posts\/10129","targetHints":{"allow":["GET"]}}],"collection":[{"href":"https:\/\/blog.zeit.de\/zeit-der-leser\/wp-json\/wp\/v2\/posts"}],"about":[{"href":"https:\/\/blog.zeit.de\/zeit-der-leser\/wp-json\/wp\/v2\/types\/post"}],"author":[{"embeddable":true,"href":"https:\/\/blog.zeit.de\/zeit-der-leser\/wp-json\/wp\/v2\/users\/265"}],"replies":[{"embeddable":true,"href":"https:\/\/blog.zeit.de\/zeit-der-leser\/wp-json\/wp\/v2\/comments?post=10129"}],"version-history":[{"count":6,"href":"https:\/\/blog.zeit.de\/zeit-der-leser\/wp-json\/wp\/v2\/posts\/10129\/revisions"}],"predecessor-version":[{"id":10153,"href":"https:\/\/blog.zeit.de\/zeit-der-leser\/wp-json\/wp\/v2\/posts\/10129\/revisions\/10153"}],"wp:attachment":[{"href":"https:\/\/blog.zeit.de\/zeit-der-leser\/wp-json\/wp\/v2\/media?parent=10129"}],"wp:term":[{"taxonomy":"category","embeddable":true,"href":"https:\/\/blog.zeit.de\/zeit-der-leser\/wp-json\/wp\/v2\/categories?post=10129"},{"taxonomy":"post_tag","embeddable":true,"href":"https:\/\/blog.zeit.de\/zeit-der-leser\/wp-json\/wp\/v2\/tags?post=10129"}],"curies":[{"name":"wp","href":"https:\/\/api.w.org\/{rel}","templated":true}]}}