{"id":10181,"date":"2012-07-02T15:00:17","date_gmt":"2012-07-02T13:00:17","guid":{"rendered":"http:\/\/blog.zeit.de\/zeit-der-leser\/?p=10181"},"modified":"2015-02-23T14:25:22","modified_gmt":"2015-02-23T13:25:22","slug":"mein-wort-schatz-herzallerliebst","status":"publish","type":"post","link":"https:\/\/blog.zeit.de\/zeit-der-leser\/2012\/07\/02\/mein-wort-schatz-herzallerliebst\/","title":{"rendered":"Herzallerliebst: Mein Wort-Schatz"},"content":{"rendered":"<p>Neulich suchte ich vergeblich nach einem Begriff f\u00fcr das Bild eines neugeborenen Familienmitgliedes. S\u00fc\u00df erschien mir zu abgegriffen und platt. Da kam ich auf das Wort <strong>herzallerliebst<\/strong>, ein Adjektiv, das ich fr\u00fcher als ziemlich schw\u00fclstig und gef\u00fchls\u00fcberladen in Erinnerung hatte. In diesem Fall passte es aber haargenau.<\/p>\n<p><strong>Ursula Bechtle<\/strong>,\u00a0Besigheim, Baden-W\u00fcrttemberg<\/p>\n","protected":false},"excerpt":{"rendered":"<p>Neulich suchte ich vergeblich nach einem Begriff f\u00fcr das Bild eines neugeborenen Familienmitgliedes. S\u00fc\u00df erschien mir zu abgegriffen und platt. Da kam ich auf das Wort herzallerliebst, ein Adjektiv, das ich fr\u00fcher als ziemlich schw\u00fclstig und gef\u00fchls\u00fcberladen in Erinnerung hatte. In diesem Fall passte es aber haargenau. Ursula Bechtle,\u00a0Besigheim, Baden-W\u00fcrttemberg<\/p>\n","protected":false},"author":265,"featured_media":0,"comment_status":"open","ping_status":"open","sticky":false,"template":"","format":"standard","meta":{"_jetpack_memberships_contains_paid_content":false,"footnotes":""},"categories":[5687],"tags":[],"class_list":["post-10181","post","type-post","status-publish","format-standard","hentry","category-mein-wort-schatz"],"yoast_head":"<!-- This site is optimized with the Yoast SEO plugin v21.0 - https:\/\/yoast.com\/wordpress\/plugins\/seo\/ -->\n<title>Herzallerliebst: Mein Wort-Schatz - ZEIT der Leser<\/title>\n<meta name=\"robots\" content=\"index, follow, max-snippet:-1, max-image-preview:large, max-video-preview:-1\" \/>\n<link rel=\"canonical\" href=\"https:\/\/blog.zeit.de\/zeit-der-leser\/2012\/07\/02\/mein-wort-schatz-herzallerliebst\/\" \/>\n<meta property=\"og:locale\" content=\"de_DE\" \/>\n<meta property=\"og:type\" content=\"article\" \/>\n<meta property=\"og:title\" content=\"Herzallerliebst: Mein Wort-Schatz - ZEIT der Leser\" \/>\n<meta property=\"og:description\" content=\"Neulich suchte ich vergeblich nach einem Begriff f\u00fcr das Bild eines neugeborenen Familienmitgliedes. S\u00fc\u00df erschien mir zu abgegriffen und platt. Da kam ich auf das Wort herzallerliebst, ein Adjektiv, das ich fr\u00fcher als ziemlich schw\u00fclstig und gef\u00fchls\u00fcberladen in Erinnerung hatte. In diesem Fall passte es aber haargenau. Ursula Bechtle,\u00a0Besigheim, Baden-W\u00fcrttemberg\" \/>\n<meta property=\"og:url\" content=\"https:\/\/blog.zeit.de\/zeit-der-leser\/2012\/07\/02\/mein-wort-schatz-herzallerliebst\/\" \/>\n<meta property=\"og:site_name\" content=\"ZEIT der Leser\" \/>\n<meta property=\"article:published_time\" content=\"2012-07-02T13:00:17+00:00\" \/>\n<meta property=\"article:modified_time\" content=\"2015-02-23T13:25:22+00:00\" \/>\n<meta name=\"author\" content=\"&quot;Zeit der Leser&quot;-Redaktion\" \/>\n<meta name=\"twitter:card\" content=\"summary_large_image\" \/>\n<meta name=\"twitter:label1\" content=\"Geschrieben von\" \/>\n\t<meta name=\"twitter:data1\" content=\"\"Zeit der Leser\"-Redaktion\" \/>\n<script type=\"application\/ld+json\" class=\"yoast-schema-graph\">{\"@context\":\"https:\/\/schema.org\",\"@graph\":[{\"@type\":\"WebPage\",\"@id\":\"https:\/\/blog.zeit.de\/zeit-der-leser\/2012\/07\/02\/mein-wort-schatz-herzallerliebst\/\",\"url\":\"https:\/\/blog.zeit.de\/zeit-der-leser\/2012\/07\/02\/mein-wort-schatz-herzallerliebst\/\",\"name\":\"Herzallerliebst: Mein Wort-Schatz - ZEIT der Leser\",\"isPartOf\":{\"@id\":\"https:\/\/blog.zeit.de\/zeit-der-leser\/#website\"},\"datePublished\":\"2012-07-02T13:00:17+00:00\",\"dateModified\":\"2015-02-23T13:25:22+00:00\",\"author\":{\"@id\":\"https:\/\/blog.zeit.de\/zeit-der-leser\/#\/schema\/person\/583b14e5ad6368c23af846ecbde9f20f\"},\"breadcrumb\":{\"@id\":\"https:\/\/blog.zeit.de\/zeit-der-leser\/2012\/07\/02\/mein-wort-schatz-herzallerliebst\/#breadcrumb\"},\"inLanguage\":\"de\",\"potentialAction\":[{\"@type\":\"ReadAction\",\"target\":[\"https:\/\/blog.zeit.de\/zeit-der-leser\/2012\/07\/02\/mein-wort-schatz-herzallerliebst\/\"]}]},{\"@type\":\"BreadcrumbList\",\"@id\":\"https:\/\/blog.zeit.de\/zeit-der-leser\/2012\/07\/02\/mein-wort-schatz-herzallerliebst\/#breadcrumb\",\"itemListElement\":[{\"@type\":\"ListItem\",\"position\":1,\"name\":\"Startseite\",\"item\":\"https:\/\/blog.zeit.de\/zeit-der-leser\/\"},{\"@type\":\"ListItem\",\"position\":2,\"name\":\"Herzallerliebst: Mein Wort-Schatz\"}]},{\"@type\":\"WebSite\",\"@id\":\"https:\/\/blog.zeit.de\/zeit-der-leser\/#website\",\"url\":\"https:\/\/blog.zeit.de\/zeit-der-leser\/\",\"name\":\"ZEIT der Leser\",\"description\":\"Ein Blog mit Ihren Notizen, Gedichten und Bildern f\u00fcr die gedruckte ZEIT\",\"potentialAction\":[{\"@type\":\"SearchAction\",\"target\":{\"@type\":\"EntryPoint\",\"urlTemplate\":\"https:\/\/blog.zeit.de\/zeit-der-leser\/?s={search_term_string}\"},\"query-input\":\"required name=search_term_string\"}],\"inLanguage\":\"de\"},{\"@type\":\"Person\",\"@id\":\"https:\/\/blog.zeit.de\/zeit-der-leser\/#\/schema\/person\/583b14e5ad6368c23af846ecbde9f20f\",\"name\":\"\\\"Zeit der Leser\\\"-Redaktion\",\"image\":{\"@type\":\"ImageObject\",\"inLanguage\":\"de\",\"@id\":\"https:\/\/blog.zeit.de\/zeit-der-leser\/#\/schema\/person\/image\/\",\"url\":\"https:\/\/secure.gravatar.com\/avatar\/e801a681bd3bbf2345131a815930b48d9f8e0a94de1346b624840dc850f67ad0?s=96&d=mm&r=g\",\"contentUrl\":\"https:\/\/secure.gravatar.com\/avatar\/e801a681bd3bbf2345131a815930b48d9f8e0a94de1346b624840dc850f67ad0?s=96&d=mm&r=g\",\"caption\":\"\\\"Zeit der Leser\\\"-Redaktion\"},\"url\":\"https:\/\/blog.zeit.de\/zeit-der-leser\/author\/zeit-der-leser-redaktion\/\"}]}<\/script>\n<!-- \/ Yoast SEO plugin. -->","yoast_head_json":{"title":"Herzallerliebst: Mein Wort-Schatz - ZEIT der Leser","robots":{"index":"index","follow":"follow","max-snippet":"max-snippet:-1","max-image-preview":"max-image-preview:large","max-video-preview":"max-video-preview:-1"},"canonical":"https:\/\/blog.zeit.de\/zeit-der-leser\/2012\/07\/02\/mein-wort-schatz-herzallerliebst\/","og_locale":"de_DE","og_type":"article","og_title":"Herzallerliebst: Mein Wort-Schatz - ZEIT der Leser","og_description":"Neulich suchte ich vergeblich nach einem Begriff f\u00fcr das Bild eines neugeborenen Familienmitgliedes. S\u00fc\u00df erschien mir zu abgegriffen und platt. Da kam ich auf das Wort herzallerliebst, ein Adjektiv, das ich fr\u00fcher als ziemlich schw\u00fclstig und gef\u00fchls\u00fcberladen in Erinnerung hatte. In diesem Fall passte es aber haargenau. Ursula Bechtle,\u00a0Besigheim, Baden-W\u00fcrttemberg","og_url":"https:\/\/blog.zeit.de\/zeit-der-leser\/2012\/07\/02\/mein-wort-schatz-herzallerliebst\/","og_site_name":"ZEIT der Leser","article_published_time":"2012-07-02T13:00:17+00:00","article_modified_time":"2015-02-23T13:25:22+00:00","author":"\"Zeit der Leser\"-Redaktion","twitter_card":"summary_large_image","twitter_misc":{"Geschrieben von":"\"Zeit der Leser\"-Redaktion"},"schema":{"@context":"https:\/\/schema.org","@graph":[{"@type":"WebPage","@id":"https:\/\/blog.zeit.de\/zeit-der-leser\/2012\/07\/02\/mein-wort-schatz-herzallerliebst\/","url":"https:\/\/blog.zeit.de\/zeit-der-leser\/2012\/07\/02\/mein-wort-schatz-herzallerliebst\/","name":"Herzallerliebst: Mein Wort-Schatz - ZEIT der Leser","isPartOf":{"@id":"https:\/\/blog.zeit.de\/zeit-der-leser\/#website"},"datePublished":"2012-07-02T13:00:17+00:00","dateModified":"2015-02-23T13:25:22+00:00","author":{"@id":"https:\/\/blog.zeit.de\/zeit-der-leser\/#\/schema\/person\/583b14e5ad6368c23af846ecbde9f20f"},"breadcrumb":{"@id":"https:\/\/blog.zeit.de\/zeit-der-leser\/2012\/07\/02\/mein-wort-schatz-herzallerliebst\/#breadcrumb"},"inLanguage":"de","potentialAction":[{"@type":"ReadAction","target":["https:\/\/blog.zeit.de\/zeit-der-leser\/2012\/07\/02\/mein-wort-schatz-herzallerliebst\/"]}]},{"@type":"BreadcrumbList","@id":"https:\/\/blog.zeit.de\/zeit-der-leser\/2012\/07\/02\/mein-wort-schatz-herzallerliebst\/#breadcrumb","itemListElement":[{"@type":"ListItem","position":1,"name":"Startseite","item":"https:\/\/blog.zeit.de\/zeit-der-leser\/"},{"@type":"ListItem","position":2,"name":"Herzallerliebst: Mein Wort-Schatz"}]},{"@type":"WebSite","@id":"https:\/\/blog.zeit.de\/zeit-der-leser\/#website","url":"https:\/\/blog.zeit.de\/zeit-der-leser\/","name":"ZEIT der Leser","description":"Ein Blog mit Ihren Notizen, Gedichten und Bildern f\u00fcr die gedruckte ZEIT","potentialAction":[{"@type":"SearchAction","target":{"@type":"EntryPoint","urlTemplate":"https:\/\/blog.zeit.de\/zeit-der-leser\/?s={search_term_string}"},"query-input":"required name=search_term_string"}],"inLanguage":"de"},{"@type":"Person","@id":"https:\/\/blog.zeit.de\/zeit-der-leser\/#\/schema\/person\/583b14e5ad6368c23af846ecbde9f20f","name":"\"Zeit der Leser\"-Redaktion","image":{"@type":"ImageObject","inLanguage":"de","@id":"https:\/\/blog.zeit.de\/zeit-der-leser\/#\/schema\/person\/image\/","url":"https:\/\/secure.gravatar.com\/avatar\/e801a681bd3bbf2345131a815930b48d9f8e0a94de1346b624840dc850f67ad0?s=96&d=mm&r=g","contentUrl":"https:\/\/secure.gravatar.com\/avatar\/e801a681bd3bbf2345131a815930b48d9f8e0a94de1346b624840dc850f67ad0?s=96&d=mm&r=g","caption":"\"Zeit der Leser\"-Redaktion"},"url":"https:\/\/blog.zeit.de\/zeit-der-leser\/author\/zeit-der-leser-redaktion\/"}]}},"jetpack_featured_media_url":"","jetpack_sharing_enabled":true,"_links":{"self":[{"href":"https:\/\/blog.zeit.de\/zeit-der-leser\/wp-json\/wp\/v2\/posts\/10181","targetHints":{"allow":["GET"]}}],"collection":[{"href":"https:\/\/blog.zeit.de\/zeit-der-leser\/wp-json\/wp\/v2\/posts"}],"about":[{"href":"https:\/\/blog.zeit.de\/zeit-der-leser\/wp-json\/wp\/v2\/types\/post"}],"author":[{"embeddable":true,"href":"https:\/\/blog.zeit.de\/zeit-der-leser\/wp-json\/wp\/v2\/users\/265"}],"replies":[{"embeddable":true,"href":"https:\/\/blog.zeit.de\/zeit-der-leser\/wp-json\/wp\/v2\/comments?post=10181"}],"version-history":[{"count":4,"href":"https:\/\/blog.zeit.de\/zeit-der-leser\/wp-json\/wp\/v2\/posts\/10181\/revisions"}],"predecessor-version":[{"id":17519,"href":"https:\/\/blog.zeit.de\/zeit-der-leser\/wp-json\/wp\/v2\/posts\/10181\/revisions\/17519"}],"wp:attachment":[{"href":"https:\/\/blog.zeit.de\/zeit-der-leser\/wp-json\/wp\/v2\/media?parent=10181"}],"wp:term":[{"taxonomy":"category","embeddable":true,"href":"https:\/\/blog.zeit.de\/zeit-der-leser\/wp-json\/wp\/v2\/categories?post=10181"},{"taxonomy":"post_tag","embeddable":true,"href":"https:\/\/blog.zeit.de\/zeit-der-leser\/wp-json\/wp\/v2\/tags?post=10181"}],"curies":[{"name":"wp","href":"https:\/\/api.w.org\/{rel}","templated":true}]}}