{"id":10290,"date":"2012-07-12T15:00:48","date_gmt":"2012-07-12T13:00:48","guid":{"rendered":"http:\/\/blog.zeit.de\/zeit-der-leser\/?p=10290"},"modified":"2012-07-11T11:15:48","modified_gmt":"2012-07-11T09:15:48","slug":"10290","status":"publish","type":"post","link":"https:\/\/blog.zeit.de\/zeit-der-leser\/2012\/07\/12\/10290\/","title":{"rendered":"Zeitsprung"},"content":{"rendered":"<p><a href=\"https:\/\/blog.zeit.de\/zeit-der-leser\/files\/2012\/07\/s82-zeitsprung-1.jpg\"><img loading=\"lazy\" decoding=\"async\" class=\"alignleft size-full wp-image-10291\" src=\"https:\/\/blog.zeit.de\/zeit-der-leser\/files\/2012\/07\/s82-zeitsprung-1.jpg\" alt=\"\" width=\"540\" height=\"405\" srcset=\"https:\/\/blog.zeit.de\/zeit-der-leser\/files\/2012\/07\/s82-zeitsprung-1.jpg 540w, https:\/\/blog.zeit.de\/zeit-der-leser\/files\/2012\/07\/s82-zeitsprung-1-300x225.jpg 300w\" sizes=\"auto, (max-width: 540px) 100vw, 540px\" \/><\/a>\u00a0<a href=\"https:\/\/blog.zeit.de\/zeit-der-leser\/files\/2012\/07\/s82-zeitsprung-2.jpg\"><img loading=\"lazy\" decoding=\"async\" class=\"alignleft size-full wp-image-10292\" src=\"https:\/\/blog.zeit.de\/zeit-der-leser\/files\/2012\/07\/s82-zeitsprung-2.jpg\" alt=\"\" width=\"540\" height=\"405\" srcset=\"https:\/\/blog.zeit.de\/zeit-der-leser\/files\/2012\/07\/s82-zeitsprung-2.jpg 540w, https:\/\/blog.zeit.de\/zeit-der-leser\/files\/2012\/07\/s82-zeitsprung-2-300x225.jpg 300w\" sizes=\"auto, (max-width: 540px) 100vw, 540px\" \/><\/a><\/p>\n<p>Im Mai dieses Jahres machte ich mich auf den Weg zu einer Wanderreise ins Riesengebirge. Im Rucksack hatte ich das Foto meiner Gro\u00dfmutter (oben). Ich trage ihren Vornamen, wei\u00df allerdings wenig \u00fcber sie. Sie starb nur wenige Jahre nach der Flucht aus Breslau in Norddeutschland. Ich habe sie nie kennengelernt. Auf meiner Reise hoffte ich, den Ort zu finden, an dem mein Vater etwa im Jahr 1935 das Foto seiner Mutter machte, das bis zu seinem Tode in seinem Schlafzimmer hing. Bei meiner Tour zeigte ich das Foto der polnischen Wanderf\u00fchrerin, und sie identifizierte die Stelle sofort: bei der Burg Kynast, von der wir eben herabgestiegen waren! Spontan entschloss ich mich, mit meinem Mann den Aufstieg gleich noch einmal zu machen! So kam es zu dem Bild unten: die Enkelin gleichen Namens, jetzt ungef\u00e4hr im gleichen Alter wie die Gro\u00dfmutter damals, gl\u00fccklich, endlich eine Spur der \u00bbRose\u00ab gefunden zu haben.<\/p>\n<p><strong>Rose-Marie Scheper<\/strong>, Oldenburg<\/p>\n","protected":false},"excerpt":{"rendered":"<p>\u00a0 Im Mai dieses Jahres machte ich mich auf den Weg zu einer Wanderreise ins Riesengebirge. Im Rucksack hatte ich das Foto meiner Gro\u00dfmutter (oben). Ich trage ihren Vornamen, wei\u00df allerdings wenig \u00fcber sie. Sie starb nur wenige Jahre nach der Flucht aus Breslau in Norddeutschland. Ich habe sie nie kennengelernt. Auf meiner Reise hoffte [&hellip;]<\/p>\n","protected":false},"author":265,"featured_media":0,"comment_status":"open","ping_status":"open","sticky":false,"template":"","format":"standard","meta":{"_jetpack_memberships_contains_paid_content":false,"footnotes":""},"categories":[1878],"tags":[],"class_list":["post-10290","post","type-post","status-publish","format-standard","hentry","category-zeitsprung"],"yoast_head":"<!-- This site is optimized with the Yoast SEO plugin v21.0 - https:\/\/yoast.com\/wordpress\/plugins\/seo\/ -->\n<title>Zeitsprung - ZEIT der Leser<\/title>\n<meta name=\"robots\" content=\"index, follow, max-snippet:-1, max-image-preview:large, max-video-preview:-1\" \/>\n<link rel=\"canonical\" href=\"https:\/\/blog.zeit.de\/zeit-der-leser\/2012\/07\/12\/10290\/\" \/>\n<meta property=\"og:locale\" content=\"de_DE\" \/>\n<meta property=\"og:type\" content=\"article\" \/>\n<meta property=\"og:title\" content=\"Zeitsprung - ZEIT der Leser\" \/>\n<meta property=\"og:description\" content=\"\u00a0 Im Mai dieses Jahres machte ich mich auf den Weg zu einer Wanderreise ins Riesengebirge. Im Rucksack hatte ich das Foto meiner Gro\u00dfmutter (oben). Ich trage ihren Vornamen, wei\u00df allerdings wenig \u00fcber sie. Sie starb nur wenige Jahre nach der Flucht aus Breslau in Norddeutschland. Ich habe sie nie kennengelernt. Auf meiner Reise hoffte [&hellip;]\" \/>\n<meta property=\"og:url\" content=\"https:\/\/blog.zeit.de\/zeit-der-leser\/2012\/07\/12\/10290\/\" \/>\n<meta property=\"og:site_name\" content=\"ZEIT der Leser\" \/>\n<meta property=\"article:published_time\" content=\"2012-07-12T13:00:48+00:00\" \/>\n<meta property=\"article:modified_time\" content=\"2012-07-11T09:15:48+00:00\" \/>\n<meta property=\"og:image\" content=\"https:\/\/blog.zeit.de\/zeit-der-leser\/files\/2012\/07\/s82-zeitsprung-1.jpg\" \/>\n<meta name=\"author\" content=\"&quot;Zeit der Leser&quot;-Redaktion\" \/>\n<meta name=\"twitter:card\" content=\"summary_large_image\" \/>\n<meta name=\"twitter:label1\" content=\"Geschrieben von\" \/>\n\t<meta name=\"twitter:data1\" content=\"\"Zeit der Leser\"-Redaktion\" \/>\n\t<meta name=\"twitter:label2\" content=\"Gesch\u00e4tzte Lesezeit\" \/>\n\t<meta name=\"twitter:data2\" content=\"1\u00a0Minute\" \/>\n<script type=\"application\/ld+json\" class=\"yoast-schema-graph\">{\"@context\":\"https:\/\/schema.org\",\"@graph\":[{\"@type\":\"WebPage\",\"@id\":\"https:\/\/blog.zeit.de\/zeit-der-leser\/2012\/07\/12\/10290\/\",\"url\":\"https:\/\/blog.zeit.de\/zeit-der-leser\/2012\/07\/12\/10290\/\",\"name\":\"Zeitsprung - ZEIT der Leser\",\"isPartOf\":{\"@id\":\"https:\/\/blog.zeit.de\/zeit-der-leser\/#website\"},\"datePublished\":\"2012-07-12T13:00:48+00:00\",\"dateModified\":\"2012-07-11T09:15:48+00:00\",\"author\":{\"@id\":\"https:\/\/blog.zeit.de\/zeit-der-leser\/#\/schema\/person\/583b14e5ad6368c23af846ecbde9f20f\"},\"breadcrumb\":{\"@id\":\"https:\/\/blog.zeit.de\/zeit-der-leser\/2012\/07\/12\/10290\/#breadcrumb\"},\"inLanguage\":\"de\",\"potentialAction\":[{\"@type\":\"ReadAction\",\"target\":[\"https:\/\/blog.zeit.de\/zeit-der-leser\/2012\/07\/12\/10290\/\"]}]},{\"@type\":\"BreadcrumbList\",\"@id\":\"https:\/\/blog.zeit.de\/zeit-der-leser\/2012\/07\/12\/10290\/#breadcrumb\",\"itemListElement\":[{\"@type\":\"ListItem\",\"position\":1,\"name\":\"Startseite\",\"item\":\"https:\/\/blog.zeit.de\/zeit-der-leser\/\"},{\"@type\":\"ListItem\",\"position\":2,\"name\":\"Zeitsprung\"}]},{\"@type\":\"WebSite\",\"@id\":\"https:\/\/blog.zeit.de\/zeit-der-leser\/#website\",\"url\":\"https:\/\/blog.zeit.de\/zeit-der-leser\/\",\"name\":\"ZEIT der Leser\",\"description\":\"Ein Blog mit Ihren Notizen, Gedichten und Bildern f\u00fcr die gedruckte ZEIT\",\"potentialAction\":[{\"@type\":\"SearchAction\",\"target\":{\"@type\":\"EntryPoint\",\"urlTemplate\":\"https:\/\/blog.zeit.de\/zeit-der-leser\/?s={search_term_string}\"},\"query-input\":\"required name=search_term_string\"}],\"inLanguage\":\"de\"},{\"@type\":\"Person\",\"@id\":\"https:\/\/blog.zeit.de\/zeit-der-leser\/#\/schema\/person\/583b14e5ad6368c23af846ecbde9f20f\",\"name\":\"\\\"Zeit der Leser\\\"-Redaktion\",\"image\":{\"@type\":\"ImageObject\",\"inLanguage\":\"de\",\"@id\":\"https:\/\/blog.zeit.de\/zeit-der-leser\/#\/schema\/person\/image\/\",\"url\":\"https:\/\/secure.gravatar.com\/avatar\/e801a681bd3bbf2345131a815930b48d9f8e0a94de1346b624840dc850f67ad0?s=96&d=mm&r=g\",\"contentUrl\":\"https:\/\/secure.gravatar.com\/avatar\/e801a681bd3bbf2345131a815930b48d9f8e0a94de1346b624840dc850f67ad0?s=96&d=mm&r=g\",\"caption\":\"\\\"Zeit der Leser\\\"-Redaktion\"},\"url\":\"https:\/\/blog.zeit.de\/zeit-der-leser\/author\/zeit-der-leser-redaktion\/\"}]}<\/script>\n<!-- \/ Yoast SEO plugin. -->","yoast_head_json":{"title":"Zeitsprung - ZEIT der Leser","robots":{"index":"index","follow":"follow","max-snippet":"max-snippet:-1","max-image-preview":"max-image-preview:large","max-video-preview":"max-video-preview:-1"},"canonical":"https:\/\/blog.zeit.de\/zeit-der-leser\/2012\/07\/12\/10290\/","og_locale":"de_DE","og_type":"article","og_title":"Zeitsprung - ZEIT der Leser","og_description":"\u00a0 Im Mai dieses Jahres machte ich mich auf den Weg zu einer Wanderreise ins Riesengebirge. Im Rucksack hatte ich das Foto meiner Gro\u00dfmutter (oben). Ich trage ihren Vornamen, wei\u00df allerdings wenig \u00fcber sie. Sie starb nur wenige Jahre nach der Flucht aus Breslau in Norddeutschland. Ich habe sie nie kennengelernt. Auf meiner Reise hoffte [&hellip;]","og_url":"https:\/\/blog.zeit.de\/zeit-der-leser\/2012\/07\/12\/10290\/","og_site_name":"ZEIT der Leser","article_published_time":"2012-07-12T13:00:48+00:00","article_modified_time":"2012-07-11T09:15:48+00:00","og_image":[{"url":"https:\/\/blog.zeit.de\/zeit-der-leser\/files\/2012\/07\/s82-zeitsprung-1.jpg"}],"author":"\"Zeit der Leser\"-Redaktion","twitter_card":"summary_large_image","twitter_misc":{"Geschrieben von":"\"Zeit der Leser\"-Redaktion","Gesch\u00e4tzte Lesezeit":"1\u00a0Minute"},"schema":{"@context":"https:\/\/schema.org","@graph":[{"@type":"WebPage","@id":"https:\/\/blog.zeit.de\/zeit-der-leser\/2012\/07\/12\/10290\/","url":"https:\/\/blog.zeit.de\/zeit-der-leser\/2012\/07\/12\/10290\/","name":"Zeitsprung - ZEIT der Leser","isPartOf":{"@id":"https:\/\/blog.zeit.de\/zeit-der-leser\/#website"},"datePublished":"2012-07-12T13:00:48+00:00","dateModified":"2012-07-11T09:15:48+00:00","author":{"@id":"https:\/\/blog.zeit.de\/zeit-der-leser\/#\/schema\/person\/583b14e5ad6368c23af846ecbde9f20f"},"breadcrumb":{"@id":"https:\/\/blog.zeit.de\/zeit-der-leser\/2012\/07\/12\/10290\/#breadcrumb"},"inLanguage":"de","potentialAction":[{"@type":"ReadAction","target":["https:\/\/blog.zeit.de\/zeit-der-leser\/2012\/07\/12\/10290\/"]}]},{"@type":"BreadcrumbList","@id":"https:\/\/blog.zeit.de\/zeit-der-leser\/2012\/07\/12\/10290\/#breadcrumb","itemListElement":[{"@type":"ListItem","position":1,"name":"Startseite","item":"https:\/\/blog.zeit.de\/zeit-der-leser\/"},{"@type":"ListItem","position":2,"name":"Zeitsprung"}]},{"@type":"WebSite","@id":"https:\/\/blog.zeit.de\/zeit-der-leser\/#website","url":"https:\/\/blog.zeit.de\/zeit-der-leser\/","name":"ZEIT der Leser","description":"Ein Blog mit Ihren Notizen, Gedichten und Bildern f\u00fcr die gedruckte ZEIT","potentialAction":[{"@type":"SearchAction","target":{"@type":"EntryPoint","urlTemplate":"https:\/\/blog.zeit.de\/zeit-der-leser\/?s={search_term_string}"},"query-input":"required name=search_term_string"}],"inLanguage":"de"},{"@type":"Person","@id":"https:\/\/blog.zeit.de\/zeit-der-leser\/#\/schema\/person\/583b14e5ad6368c23af846ecbde9f20f","name":"\"Zeit der Leser\"-Redaktion","image":{"@type":"ImageObject","inLanguage":"de","@id":"https:\/\/blog.zeit.de\/zeit-der-leser\/#\/schema\/person\/image\/","url":"https:\/\/secure.gravatar.com\/avatar\/e801a681bd3bbf2345131a815930b48d9f8e0a94de1346b624840dc850f67ad0?s=96&d=mm&r=g","contentUrl":"https:\/\/secure.gravatar.com\/avatar\/e801a681bd3bbf2345131a815930b48d9f8e0a94de1346b624840dc850f67ad0?s=96&d=mm&r=g","caption":"\"Zeit der Leser\"-Redaktion"},"url":"https:\/\/blog.zeit.de\/zeit-der-leser\/author\/zeit-der-leser-redaktion\/"}]}},"jetpack_featured_media_url":"","jetpack_sharing_enabled":true,"_links":{"self":[{"href":"https:\/\/blog.zeit.de\/zeit-der-leser\/wp-json\/wp\/v2\/posts\/10290","targetHints":{"allow":["GET"]}}],"collection":[{"href":"https:\/\/blog.zeit.de\/zeit-der-leser\/wp-json\/wp\/v2\/posts"}],"about":[{"href":"https:\/\/blog.zeit.de\/zeit-der-leser\/wp-json\/wp\/v2\/types\/post"}],"author":[{"embeddable":true,"href":"https:\/\/blog.zeit.de\/zeit-der-leser\/wp-json\/wp\/v2\/users\/265"}],"replies":[{"embeddable":true,"href":"https:\/\/blog.zeit.de\/zeit-der-leser\/wp-json\/wp\/v2\/comments?post=10290"}],"version-history":[{"count":4,"href":"https:\/\/blog.zeit.de\/zeit-der-leser\/wp-json\/wp\/v2\/posts\/10290\/revisions"}],"predecessor-version":[{"id":10316,"href":"https:\/\/blog.zeit.de\/zeit-der-leser\/wp-json\/wp\/v2\/posts\/10290\/revisions\/10316"}],"wp:attachment":[{"href":"https:\/\/blog.zeit.de\/zeit-der-leser\/wp-json\/wp\/v2\/media?parent=10290"}],"wp:term":[{"taxonomy":"category","embeddable":true,"href":"https:\/\/blog.zeit.de\/zeit-der-leser\/wp-json\/wp\/v2\/categories?post=10290"},{"taxonomy":"post_tag","embeddable":true,"href":"https:\/\/blog.zeit.de\/zeit-der-leser\/wp-json\/wp\/v2\/tags?post=10290"}],"curies":[{"name":"wp","href":"https:\/\/api.w.org\/{rel}","templated":true}]}}