{"id":1038,"date":"2010-05-18T20:00:50","date_gmt":"2010-05-18T18:00:50","guid":{"rendered":"http:\/\/blog.zeit.de\/zeit-der-leser\/?p=1038"},"modified":"2010-05-21T14:34:41","modified_gmt":"2010-05-21T12:34:41","slug":"leser-fragen-was-soll-das-militar-beim-staatsbesuch","status":"publish","type":"post","link":"https:\/\/blog.zeit.de\/zeit-der-leser\/2010\/05\/18\/leser-fragen-was-soll-das-militar-beim-staatsbesuch\/","title":{"rendered":"Leser fragen: was soll das Milit\u00e4r beim Staatsbesuch?"},"content":{"rendered":"<p><figure id=\"attachment_1130\" aria-describedby=\"caption-attachment-1130\" style=\"width: 540px\" class=\"wp-caption alignleft\"><a href=\"https:\/\/blog.zeit.de\/zeit-der-leser\/files\/2010\/05\/k\u00f6hler-indien.jpg\"><img loading=\"lazy\" decoding=\"async\" src=\"https:\/\/blog.zeit.de\/zeit-der-leser\/files\/2010\/05\/k\u00f6hler-indien.jpg\" alt=\"\" title=\"K\u00f6hler\" width=\"540\" height=\"346\" class=\"size-full wp-image-1130\" srcset=\"https:\/\/blog.zeit.de\/zeit-der-leser\/files\/2010\/05\/k\u00f6hler-indien.jpg 540w, https:\/\/blog.zeit.de\/zeit-der-leser\/files\/2010\/05\/k\u00f6hler-indien-300x192.jpg 300w\" sizes=\"auto, (max-width: 540px) 100vw, 540px\" \/><\/a><figcaption id=\"caption-attachment-1130\" class=\"wp-caption-text\">Bundespr\u00e4sident Horst K\u00f6hler auf Staatsbesuch in Indien (\u00a9 Raveendran\/AFP\/Getty Images)<\/figcaption><\/figure><\/p>\n<p>Warum marschieren beim Besuch befreundeter Staatsoberh\u00e4upter Soldaten zur Begru\u0308\u00dfung auf? Wer G\u00e4ste empf\u00e4ngt, pr\u00e4sentiert an der Haustu\u0308r doch auch nicht die K\u00fcchenmesser. Warum \u2013 zum Beispiel \u2013 kein Chor oder die besten K\u00f6che des Landes?<\/p>\n<p><em>Gabriele Kleb, Osterrade<\/em><\/p>\n","protected":false},"excerpt":{"rendered":"<p>Warum marschieren beim Besuch befreundeter Staatsoberh\u00e4upter Soldaten zur Begru\u0308\u00dfung auf? Wer G\u00e4ste empf\u00e4ngt, pr\u00e4sentiert an der Haustu\u0308r doch auch nicht die K\u00fcchenmesser. Warum \u2013 zum Beispiel \u2013 kein Chor oder die besten K\u00f6che des Landes? Gabriele Kleb, Osterrade<\/p>\n","protected":false},"author":264,"featured_media":0,"comment_status":"open","ping_status":"open","sticky":false,"template":"","format":"standard","meta":{"_jetpack_memberships_contains_paid_content":false,"footnotes":""},"categories":[1873],"tags":[],"class_list":["post-1038","post","type-post","status-publish","format-standard","hentry","category-leser-fragen"],"yoast_head":"<!-- This site is optimized with the Yoast SEO plugin v21.0 - https:\/\/yoast.com\/wordpress\/plugins\/seo\/ -->\n<title>Leser fragen: was soll das Milit\u00e4r beim Staatsbesuch? - ZEIT der Leser<\/title>\n<meta name=\"robots\" content=\"index, follow, max-snippet:-1, max-image-preview:large, max-video-preview:-1\" \/>\n<link rel=\"canonical\" href=\"https:\/\/blog.zeit.de\/zeit-der-leser\/2010\/05\/18\/leser-fragen-was-soll-das-militar-beim-staatsbesuch\/\" \/>\n<meta property=\"og:locale\" content=\"de_DE\" \/>\n<meta property=\"og:type\" content=\"article\" \/>\n<meta property=\"og:title\" content=\"Leser fragen: was soll das Milit\u00e4r beim Staatsbesuch? - ZEIT der Leser\" \/>\n<meta property=\"og:description\" content=\"Warum marschieren beim Besuch befreundeter Staatsoberh\u00e4upter Soldaten zur Begru\u0308\u00dfung auf? Wer G\u00e4ste empf\u00e4ngt, pr\u00e4sentiert an der Haustu\u0308r doch auch nicht die K\u00fcchenmesser. Warum \u2013 zum Beispiel \u2013 kein Chor oder die besten K\u00f6che des Landes? Gabriele Kleb, Osterrade\" \/>\n<meta property=\"og:url\" content=\"https:\/\/blog.zeit.de\/zeit-der-leser\/2010\/05\/18\/leser-fragen-was-soll-das-militar-beim-staatsbesuch\/\" \/>\n<meta property=\"og:site_name\" content=\"ZEIT der Leser\" \/>\n<meta property=\"article:published_time\" content=\"2010-05-18T18:00:50+00:00\" \/>\n<meta property=\"article:modified_time\" content=\"2010-05-21T12:34:41+00:00\" \/>\n<meta name=\"author\" content=\"Zeit der Leser\" \/>\n<meta name=\"twitter:card\" content=\"summary_large_image\" \/>\n<meta name=\"twitter:label1\" content=\"Geschrieben von\" \/>\n\t<meta name=\"twitter:data1\" content=\"Zeit der Leser\" \/>\n<script type=\"application\/ld+json\" class=\"yoast-schema-graph\">{\"@context\":\"https:\/\/schema.org\",\"@graph\":[{\"@type\":\"WebPage\",\"@id\":\"https:\/\/blog.zeit.de\/zeit-der-leser\/2010\/05\/18\/leser-fragen-was-soll-das-militar-beim-staatsbesuch\/\",\"url\":\"https:\/\/blog.zeit.de\/zeit-der-leser\/2010\/05\/18\/leser-fragen-was-soll-das-militar-beim-staatsbesuch\/\",\"name\":\"Leser fragen: was soll das Milit\u00e4r beim Staatsbesuch? - ZEIT der Leser\",\"isPartOf\":{\"@id\":\"https:\/\/blog.zeit.de\/zeit-der-leser\/#website\"},\"datePublished\":\"2010-05-18T18:00:50+00:00\",\"dateModified\":\"2010-05-21T12:34:41+00:00\",\"author\":{\"@id\":\"https:\/\/blog.zeit.de\/zeit-der-leser\/#\/schema\/person\/e248c7ff5a10552f6a3bd5e9385b3667\"},\"breadcrumb\":{\"@id\":\"https:\/\/blog.zeit.de\/zeit-der-leser\/2010\/05\/18\/leser-fragen-was-soll-das-militar-beim-staatsbesuch\/#breadcrumb\"},\"inLanguage\":\"de\",\"potentialAction\":[{\"@type\":\"ReadAction\",\"target\":[\"https:\/\/blog.zeit.de\/zeit-der-leser\/2010\/05\/18\/leser-fragen-was-soll-das-militar-beim-staatsbesuch\/\"]}]},{\"@type\":\"BreadcrumbList\",\"@id\":\"https:\/\/blog.zeit.de\/zeit-der-leser\/2010\/05\/18\/leser-fragen-was-soll-das-militar-beim-staatsbesuch\/#breadcrumb\",\"itemListElement\":[{\"@type\":\"ListItem\",\"position\":1,\"name\":\"Startseite\",\"item\":\"https:\/\/blog.zeit.de\/zeit-der-leser\/\"},{\"@type\":\"ListItem\",\"position\":2,\"name\":\"Leser fragen: was soll das Milit\u00e4r beim Staatsbesuch?\"}]},{\"@type\":\"WebSite\",\"@id\":\"https:\/\/blog.zeit.de\/zeit-der-leser\/#website\",\"url\":\"https:\/\/blog.zeit.de\/zeit-der-leser\/\",\"name\":\"ZEIT der Leser\",\"description\":\"Ein Blog mit Ihren Notizen, Gedichten und Bildern f\u00fcr die gedruckte ZEIT\",\"potentialAction\":[{\"@type\":\"SearchAction\",\"target\":{\"@type\":\"EntryPoint\",\"urlTemplate\":\"https:\/\/blog.zeit.de\/zeit-der-leser\/?s={search_term_string}\"},\"query-input\":\"required name=search_term_string\"}],\"inLanguage\":\"de\"},{\"@type\":\"Person\",\"@id\":\"https:\/\/blog.zeit.de\/zeit-der-leser\/#\/schema\/person\/e248c7ff5a10552f6a3bd5e9385b3667\",\"name\":\"Zeit der Leser\",\"image\":{\"@type\":\"ImageObject\",\"inLanguage\":\"de\",\"@id\":\"https:\/\/blog.zeit.de\/zeit-der-leser\/#\/schema\/person\/image\/\",\"url\":\"https:\/\/secure.gravatar.com\/avatar\/529bb2731085995bda6c8ba0e4da7e528ea8be4e6c7abdd217f176e2309035f6?s=96&d=mm&r=g\",\"contentUrl\":\"https:\/\/secure.gravatar.com\/avatar\/529bb2731085995bda6c8ba0e4da7e528ea8be4e6c7abdd217f176e2309035f6?s=96&d=mm&r=g\",\"caption\":\"Zeit der Leser\"},\"url\":\"https:\/\/blog.zeit.de\/zeit-der-leser\/author\/zeit-der-leser\/\"}]}<\/script>\n<!-- \/ Yoast SEO plugin. -->","yoast_head_json":{"title":"Leser fragen: was soll das Milit\u00e4r beim Staatsbesuch? - ZEIT der Leser","robots":{"index":"index","follow":"follow","max-snippet":"max-snippet:-1","max-image-preview":"max-image-preview:large","max-video-preview":"max-video-preview:-1"},"canonical":"https:\/\/blog.zeit.de\/zeit-der-leser\/2010\/05\/18\/leser-fragen-was-soll-das-militar-beim-staatsbesuch\/","og_locale":"de_DE","og_type":"article","og_title":"Leser fragen: was soll das Milit\u00e4r beim Staatsbesuch? - ZEIT der Leser","og_description":"Warum marschieren beim Besuch befreundeter Staatsoberh\u00e4upter Soldaten zur Begru\u0308\u00dfung auf? Wer G\u00e4ste empf\u00e4ngt, pr\u00e4sentiert an der Haustu\u0308r doch auch nicht die K\u00fcchenmesser. Warum \u2013 zum Beispiel \u2013 kein Chor oder die besten K\u00f6che des Landes? Gabriele Kleb, Osterrade","og_url":"https:\/\/blog.zeit.de\/zeit-der-leser\/2010\/05\/18\/leser-fragen-was-soll-das-militar-beim-staatsbesuch\/","og_site_name":"ZEIT der Leser","article_published_time":"2010-05-18T18:00:50+00:00","article_modified_time":"2010-05-21T12:34:41+00:00","author":"Zeit der Leser","twitter_card":"summary_large_image","twitter_misc":{"Geschrieben von":"Zeit der Leser"},"schema":{"@context":"https:\/\/schema.org","@graph":[{"@type":"WebPage","@id":"https:\/\/blog.zeit.de\/zeit-der-leser\/2010\/05\/18\/leser-fragen-was-soll-das-militar-beim-staatsbesuch\/","url":"https:\/\/blog.zeit.de\/zeit-der-leser\/2010\/05\/18\/leser-fragen-was-soll-das-militar-beim-staatsbesuch\/","name":"Leser fragen: was soll das Milit\u00e4r beim Staatsbesuch? - ZEIT der Leser","isPartOf":{"@id":"https:\/\/blog.zeit.de\/zeit-der-leser\/#website"},"datePublished":"2010-05-18T18:00:50+00:00","dateModified":"2010-05-21T12:34:41+00:00","author":{"@id":"https:\/\/blog.zeit.de\/zeit-der-leser\/#\/schema\/person\/e248c7ff5a10552f6a3bd5e9385b3667"},"breadcrumb":{"@id":"https:\/\/blog.zeit.de\/zeit-der-leser\/2010\/05\/18\/leser-fragen-was-soll-das-militar-beim-staatsbesuch\/#breadcrumb"},"inLanguage":"de","potentialAction":[{"@type":"ReadAction","target":["https:\/\/blog.zeit.de\/zeit-der-leser\/2010\/05\/18\/leser-fragen-was-soll-das-militar-beim-staatsbesuch\/"]}]},{"@type":"BreadcrumbList","@id":"https:\/\/blog.zeit.de\/zeit-der-leser\/2010\/05\/18\/leser-fragen-was-soll-das-militar-beim-staatsbesuch\/#breadcrumb","itemListElement":[{"@type":"ListItem","position":1,"name":"Startseite","item":"https:\/\/blog.zeit.de\/zeit-der-leser\/"},{"@type":"ListItem","position":2,"name":"Leser fragen: was soll das Milit\u00e4r beim Staatsbesuch?"}]},{"@type":"WebSite","@id":"https:\/\/blog.zeit.de\/zeit-der-leser\/#website","url":"https:\/\/blog.zeit.de\/zeit-der-leser\/","name":"ZEIT der Leser","description":"Ein Blog mit Ihren Notizen, Gedichten und Bildern f\u00fcr die gedruckte ZEIT","potentialAction":[{"@type":"SearchAction","target":{"@type":"EntryPoint","urlTemplate":"https:\/\/blog.zeit.de\/zeit-der-leser\/?s={search_term_string}"},"query-input":"required name=search_term_string"}],"inLanguage":"de"},{"@type":"Person","@id":"https:\/\/blog.zeit.de\/zeit-der-leser\/#\/schema\/person\/e248c7ff5a10552f6a3bd5e9385b3667","name":"Zeit der Leser","image":{"@type":"ImageObject","inLanguage":"de","@id":"https:\/\/blog.zeit.de\/zeit-der-leser\/#\/schema\/person\/image\/","url":"https:\/\/secure.gravatar.com\/avatar\/529bb2731085995bda6c8ba0e4da7e528ea8be4e6c7abdd217f176e2309035f6?s=96&d=mm&r=g","contentUrl":"https:\/\/secure.gravatar.com\/avatar\/529bb2731085995bda6c8ba0e4da7e528ea8be4e6c7abdd217f176e2309035f6?s=96&d=mm&r=g","caption":"Zeit der Leser"},"url":"https:\/\/blog.zeit.de\/zeit-der-leser\/author\/zeit-der-leser\/"}]}},"jetpack_featured_media_url":"","jetpack_sharing_enabled":true,"_links":{"self":[{"href":"https:\/\/blog.zeit.de\/zeit-der-leser\/wp-json\/wp\/v2\/posts\/1038","targetHints":{"allow":["GET"]}}],"collection":[{"href":"https:\/\/blog.zeit.de\/zeit-der-leser\/wp-json\/wp\/v2\/posts"}],"about":[{"href":"https:\/\/blog.zeit.de\/zeit-der-leser\/wp-json\/wp\/v2\/types\/post"}],"author":[{"embeddable":true,"href":"https:\/\/blog.zeit.de\/zeit-der-leser\/wp-json\/wp\/v2\/users\/264"}],"replies":[{"embeddable":true,"href":"https:\/\/blog.zeit.de\/zeit-der-leser\/wp-json\/wp\/v2\/comments?post=1038"}],"version-history":[{"count":0,"href":"https:\/\/blog.zeit.de\/zeit-der-leser\/wp-json\/wp\/v2\/posts\/1038\/revisions"}],"wp:attachment":[{"href":"https:\/\/blog.zeit.de\/zeit-der-leser\/wp-json\/wp\/v2\/media?parent=1038"}],"wp:term":[{"taxonomy":"category","embeddable":true,"href":"https:\/\/blog.zeit.de\/zeit-der-leser\/wp-json\/wp\/v2\/categories?post=1038"},{"taxonomy":"post_tag","embeddable":true,"href":"https:\/\/blog.zeit.de\/zeit-der-leser\/wp-json\/wp\/v2\/tags?post=1038"}],"curies":[{"name":"wp","href":"https:\/\/api.w.org\/{rel}","templated":true}]}}