{"id":10463,"date":"2012-07-27T15:00:51","date_gmt":"2012-07-27T13:00:51","guid":{"rendered":"http:\/\/blog.zeit.de\/zeit-der-leser\/?p=10463"},"modified":"2015-02-23T14:01:49","modified_gmt":"2015-02-23T13:01:49","slug":"mein-wort-schatz-hinterfragen","status":"publish","type":"post","link":"https:\/\/blog.zeit.de\/zeit-der-leser\/2012\/07\/27\/mein-wort-schatz-hinterfragen\/","title":{"rendered":"Hinterfragen: Mein Wort-Schatz"},"content":{"rendered":"<p>Zwei Jahre lang hatte ich in Madrid gelebt. Als ich 1955 nach Deutschland zur\u00fcckkehrte, fand ich neue Begriffe und diese und jene \u00c4nderung der deutschen Sprache. Mir fiel ein ganz einfaches Wort auf, das mir vorher nicht gel\u00e4ufig gewesen war: <strong>hinterfragen<\/strong>. Hatte es an den tausend gro\u00dfdeutschen Jahren gelegen, in denen ich sozialisiert worden war und in denen Befehl und Gehorsam das Leben bestimmt hatten? Wie gl\u00fccklich war ich, als ich dieses Wort auch in einem der Kerns\u00e4tze des Aufkl\u00e4rers Kant fand: Man m\u00f6ge das Wesen der Sachen hinterfragen. Jeder Leserin, jedem Leser, mir selbst, allen m\u00f6chte ich dieses Wort anempfehlen. Nicht mit einem Ausrufungszeichen, sondern mit einem freundlichen Einladungszeichen versehen \u2013, auch wenn es dieses Zeichen derzeit noch nicht gibt.<\/p>\n<p><strong>Helmut Willenbrock<\/strong>, Maulbronn<\/p>\n","protected":false},"excerpt":{"rendered":"<p>Zwei Jahre lang hatte ich in Madrid gelebt. Als ich 1955 nach Deutschland zur\u00fcckkehrte, fand ich neue Begriffe und diese und jene \u00c4nderung der deutschen Sprache. Mir fiel ein ganz einfaches Wort auf, das mir vorher nicht gel\u00e4ufig gewesen war: hinterfragen. Hatte es an den tausend gro\u00dfdeutschen Jahren gelegen, in denen ich sozialisiert worden war [&hellip;]<\/p>\n","protected":false},"author":265,"featured_media":0,"comment_status":"open","ping_status":"open","sticky":false,"template":"","format":"standard","meta":{"_jetpack_memberships_contains_paid_content":false,"footnotes":""},"categories":[5687],"tags":[],"class_list":["post-10463","post","type-post","status-publish","format-standard","hentry","category-mein-wort-schatz"],"yoast_head":"<!-- This site is optimized with the Yoast SEO plugin v21.0 - https:\/\/yoast.com\/wordpress\/plugins\/seo\/ -->\n<title>Hinterfragen: Mein Wort-Schatz - ZEIT der Leser<\/title>\n<meta name=\"robots\" content=\"index, follow, max-snippet:-1, max-image-preview:large, max-video-preview:-1\" \/>\n<link rel=\"canonical\" href=\"https:\/\/blog.zeit.de\/zeit-der-leser\/2012\/07\/27\/mein-wort-schatz-hinterfragen\/\" \/>\n<meta property=\"og:locale\" content=\"de_DE\" \/>\n<meta property=\"og:type\" content=\"article\" \/>\n<meta property=\"og:title\" content=\"Hinterfragen: Mein Wort-Schatz - ZEIT der Leser\" \/>\n<meta property=\"og:description\" content=\"Zwei Jahre lang hatte ich in Madrid gelebt. Als ich 1955 nach Deutschland zur\u00fcckkehrte, fand ich neue Begriffe und diese und jene \u00c4nderung der deutschen Sprache. Mir fiel ein ganz einfaches Wort auf, das mir vorher nicht gel\u00e4ufig gewesen war: hinterfragen. Hatte es an den tausend gro\u00dfdeutschen Jahren gelegen, in denen ich sozialisiert worden war [&hellip;]\" \/>\n<meta property=\"og:url\" content=\"https:\/\/blog.zeit.de\/zeit-der-leser\/2012\/07\/27\/mein-wort-schatz-hinterfragen\/\" \/>\n<meta property=\"og:site_name\" content=\"ZEIT der Leser\" \/>\n<meta property=\"article:published_time\" content=\"2012-07-27T13:00:51+00:00\" \/>\n<meta property=\"article:modified_time\" content=\"2015-02-23T13:01:49+00:00\" \/>\n<meta name=\"author\" content=\"&quot;Zeit der Leser&quot;-Redaktion\" \/>\n<meta name=\"twitter:card\" content=\"summary_large_image\" \/>\n<meta name=\"twitter:label1\" content=\"Geschrieben von\" \/>\n\t<meta name=\"twitter:data1\" content=\"\"Zeit der Leser\"-Redaktion\" \/>\n\t<meta name=\"twitter:label2\" content=\"Gesch\u00e4tzte Lesezeit\" \/>\n\t<meta name=\"twitter:data2\" content=\"1\u00a0Minute\" \/>\n<script type=\"application\/ld+json\" class=\"yoast-schema-graph\">{\"@context\":\"https:\/\/schema.org\",\"@graph\":[{\"@type\":\"WebPage\",\"@id\":\"https:\/\/blog.zeit.de\/zeit-der-leser\/2012\/07\/27\/mein-wort-schatz-hinterfragen\/\",\"url\":\"https:\/\/blog.zeit.de\/zeit-der-leser\/2012\/07\/27\/mein-wort-schatz-hinterfragen\/\",\"name\":\"Hinterfragen: Mein Wort-Schatz - ZEIT der Leser\",\"isPartOf\":{\"@id\":\"https:\/\/blog.zeit.de\/zeit-der-leser\/#website\"},\"datePublished\":\"2012-07-27T13:00:51+00:00\",\"dateModified\":\"2015-02-23T13:01:49+00:00\",\"author\":{\"@id\":\"https:\/\/blog.zeit.de\/zeit-der-leser\/#\/schema\/person\/583b14e5ad6368c23af846ecbde9f20f\"},\"breadcrumb\":{\"@id\":\"https:\/\/blog.zeit.de\/zeit-der-leser\/2012\/07\/27\/mein-wort-schatz-hinterfragen\/#breadcrumb\"},\"inLanguage\":\"de\",\"potentialAction\":[{\"@type\":\"ReadAction\",\"target\":[\"https:\/\/blog.zeit.de\/zeit-der-leser\/2012\/07\/27\/mein-wort-schatz-hinterfragen\/\"]}]},{\"@type\":\"BreadcrumbList\",\"@id\":\"https:\/\/blog.zeit.de\/zeit-der-leser\/2012\/07\/27\/mein-wort-schatz-hinterfragen\/#breadcrumb\",\"itemListElement\":[{\"@type\":\"ListItem\",\"position\":1,\"name\":\"Startseite\",\"item\":\"https:\/\/blog.zeit.de\/zeit-der-leser\/\"},{\"@type\":\"ListItem\",\"position\":2,\"name\":\"Hinterfragen: Mein Wort-Schatz\"}]},{\"@type\":\"WebSite\",\"@id\":\"https:\/\/blog.zeit.de\/zeit-der-leser\/#website\",\"url\":\"https:\/\/blog.zeit.de\/zeit-der-leser\/\",\"name\":\"ZEIT der Leser\",\"description\":\"Ein Blog mit Ihren Notizen, Gedichten und Bildern f\u00fcr die gedruckte ZEIT\",\"potentialAction\":[{\"@type\":\"SearchAction\",\"target\":{\"@type\":\"EntryPoint\",\"urlTemplate\":\"https:\/\/blog.zeit.de\/zeit-der-leser\/?s={search_term_string}\"},\"query-input\":\"required name=search_term_string\"}],\"inLanguage\":\"de\"},{\"@type\":\"Person\",\"@id\":\"https:\/\/blog.zeit.de\/zeit-der-leser\/#\/schema\/person\/583b14e5ad6368c23af846ecbde9f20f\",\"name\":\"\\\"Zeit der Leser\\\"-Redaktion\",\"image\":{\"@type\":\"ImageObject\",\"inLanguage\":\"de\",\"@id\":\"https:\/\/blog.zeit.de\/zeit-der-leser\/#\/schema\/person\/image\/\",\"url\":\"https:\/\/secure.gravatar.com\/avatar\/e801a681bd3bbf2345131a815930b48d9f8e0a94de1346b624840dc850f67ad0?s=96&d=mm&r=g\",\"contentUrl\":\"https:\/\/secure.gravatar.com\/avatar\/e801a681bd3bbf2345131a815930b48d9f8e0a94de1346b624840dc850f67ad0?s=96&d=mm&r=g\",\"caption\":\"\\\"Zeit der Leser\\\"-Redaktion\"},\"url\":\"https:\/\/blog.zeit.de\/zeit-der-leser\/author\/zeit-der-leser-redaktion\/\"}]}<\/script>\n<!-- \/ Yoast SEO plugin. -->","yoast_head_json":{"title":"Hinterfragen: Mein Wort-Schatz - ZEIT der Leser","robots":{"index":"index","follow":"follow","max-snippet":"max-snippet:-1","max-image-preview":"max-image-preview:large","max-video-preview":"max-video-preview:-1"},"canonical":"https:\/\/blog.zeit.de\/zeit-der-leser\/2012\/07\/27\/mein-wort-schatz-hinterfragen\/","og_locale":"de_DE","og_type":"article","og_title":"Hinterfragen: Mein Wort-Schatz - ZEIT der Leser","og_description":"Zwei Jahre lang hatte ich in Madrid gelebt. Als ich 1955 nach Deutschland zur\u00fcckkehrte, fand ich neue Begriffe und diese und jene \u00c4nderung der deutschen Sprache. Mir fiel ein ganz einfaches Wort auf, das mir vorher nicht gel\u00e4ufig gewesen war: hinterfragen. Hatte es an den tausend gro\u00dfdeutschen Jahren gelegen, in denen ich sozialisiert worden war [&hellip;]","og_url":"https:\/\/blog.zeit.de\/zeit-der-leser\/2012\/07\/27\/mein-wort-schatz-hinterfragen\/","og_site_name":"ZEIT der Leser","article_published_time":"2012-07-27T13:00:51+00:00","article_modified_time":"2015-02-23T13:01:49+00:00","author":"\"Zeit der Leser\"-Redaktion","twitter_card":"summary_large_image","twitter_misc":{"Geschrieben von":"\"Zeit der Leser\"-Redaktion","Gesch\u00e4tzte Lesezeit":"1\u00a0Minute"},"schema":{"@context":"https:\/\/schema.org","@graph":[{"@type":"WebPage","@id":"https:\/\/blog.zeit.de\/zeit-der-leser\/2012\/07\/27\/mein-wort-schatz-hinterfragen\/","url":"https:\/\/blog.zeit.de\/zeit-der-leser\/2012\/07\/27\/mein-wort-schatz-hinterfragen\/","name":"Hinterfragen: Mein Wort-Schatz - ZEIT der Leser","isPartOf":{"@id":"https:\/\/blog.zeit.de\/zeit-der-leser\/#website"},"datePublished":"2012-07-27T13:00:51+00:00","dateModified":"2015-02-23T13:01:49+00:00","author":{"@id":"https:\/\/blog.zeit.de\/zeit-der-leser\/#\/schema\/person\/583b14e5ad6368c23af846ecbde9f20f"},"breadcrumb":{"@id":"https:\/\/blog.zeit.de\/zeit-der-leser\/2012\/07\/27\/mein-wort-schatz-hinterfragen\/#breadcrumb"},"inLanguage":"de","potentialAction":[{"@type":"ReadAction","target":["https:\/\/blog.zeit.de\/zeit-der-leser\/2012\/07\/27\/mein-wort-schatz-hinterfragen\/"]}]},{"@type":"BreadcrumbList","@id":"https:\/\/blog.zeit.de\/zeit-der-leser\/2012\/07\/27\/mein-wort-schatz-hinterfragen\/#breadcrumb","itemListElement":[{"@type":"ListItem","position":1,"name":"Startseite","item":"https:\/\/blog.zeit.de\/zeit-der-leser\/"},{"@type":"ListItem","position":2,"name":"Hinterfragen: Mein Wort-Schatz"}]},{"@type":"WebSite","@id":"https:\/\/blog.zeit.de\/zeit-der-leser\/#website","url":"https:\/\/blog.zeit.de\/zeit-der-leser\/","name":"ZEIT der Leser","description":"Ein Blog mit Ihren Notizen, Gedichten und Bildern f\u00fcr die gedruckte ZEIT","potentialAction":[{"@type":"SearchAction","target":{"@type":"EntryPoint","urlTemplate":"https:\/\/blog.zeit.de\/zeit-der-leser\/?s={search_term_string}"},"query-input":"required name=search_term_string"}],"inLanguage":"de"},{"@type":"Person","@id":"https:\/\/blog.zeit.de\/zeit-der-leser\/#\/schema\/person\/583b14e5ad6368c23af846ecbde9f20f","name":"\"Zeit der Leser\"-Redaktion","image":{"@type":"ImageObject","inLanguage":"de","@id":"https:\/\/blog.zeit.de\/zeit-der-leser\/#\/schema\/person\/image\/","url":"https:\/\/secure.gravatar.com\/avatar\/e801a681bd3bbf2345131a815930b48d9f8e0a94de1346b624840dc850f67ad0?s=96&d=mm&r=g","contentUrl":"https:\/\/secure.gravatar.com\/avatar\/e801a681bd3bbf2345131a815930b48d9f8e0a94de1346b624840dc850f67ad0?s=96&d=mm&r=g","caption":"\"Zeit der Leser\"-Redaktion"},"url":"https:\/\/blog.zeit.de\/zeit-der-leser\/author\/zeit-der-leser-redaktion\/"}]}},"jetpack_featured_media_url":"","jetpack_sharing_enabled":true,"_links":{"self":[{"href":"https:\/\/blog.zeit.de\/zeit-der-leser\/wp-json\/wp\/v2\/posts\/10463","targetHints":{"allow":["GET"]}}],"collection":[{"href":"https:\/\/blog.zeit.de\/zeit-der-leser\/wp-json\/wp\/v2\/posts"}],"about":[{"href":"https:\/\/blog.zeit.de\/zeit-der-leser\/wp-json\/wp\/v2\/types\/post"}],"author":[{"embeddable":true,"href":"https:\/\/blog.zeit.de\/zeit-der-leser\/wp-json\/wp\/v2\/users\/265"}],"replies":[{"embeddable":true,"href":"https:\/\/blog.zeit.de\/zeit-der-leser\/wp-json\/wp\/v2\/comments?post=10463"}],"version-history":[{"count":3,"href":"https:\/\/blog.zeit.de\/zeit-der-leser\/wp-json\/wp\/v2\/posts\/10463\/revisions"}],"predecessor-version":[{"id":17377,"href":"https:\/\/blog.zeit.de\/zeit-der-leser\/wp-json\/wp\/v2\/posts\/10463\/revisions\/17377"}],"wp:attachment":[{"href":"https:\/\/blog.zeit.de\/zeit-der-leser\/wp-json\/wp\/v2\/media?parent=10463"}],"wp:term":[{"taxonomy":"category","embeddable":true,"href":"https:\/\/blog.zeit.de\/zeit-der-leser\/wp-json\/wp\/v2\/categories?post=10463"},{"taxonomy":"post_tag","embeddable":true,"href":"https:\/\/blog.zeit.de\/zeit-der-leser\/wp-json\/wp\/v2\/tags?post=10463"}],"curies":[{"name":"wp","href":"https:\/\/api.w.org\/{rel}","templated":true}]}}