{"id":10479,"date":"2012-07-29T12:00:24","date_gmt":"2012-07-29T10:00:24","guid":{"rendered":"http:\/\/blog.zeit.de\/zeit-der-leser\/?p=10479"},"modified":"2015-02-23T14:01:35","modified_gmt":"2015-02-23T13:01:35","slug":"mein-wort-schatz-rauslassen","status":"publish","type":"post","link":"https:\/\/blog.zeit.de\/zeit-der-leser\/2012\/07\/29\/mein-wort-schatz-rauslassen\/","title":{"rendered":"Rauslassen: Mein Wort-Schatz"},"content":{"rendered":"<p>Als Kielerin und \u00fcberzeugte Wahlberlinerin kann man an Stuttgart nur scheitern \u2013 das f\u00e4ngt schon bei der Sprachbarriere an. Dennoch gibt es ein Wort, das sich seinen Weg in mein Herz gebahnt hat: <strong>rauslassen<\/strong>. Es kommt so sch\u00f6n unpr\u00e4tenti\u00f6s und vor allem unschuldig hochdeutsch daher und ist doch so unglaublich vielseitig. Man kann sich ein Word-Dokument rauslassen oder einen Fahrschein am Automaten, man kann sich heute zur Belohnung eine Tafel Schokolade rauslassen, oder man l\u00e4sst sich etwa einen Professor raus (man angelt sich einen). Und zu guter Letzt habe ich mir jetzt einen neuen Job in Berlin rausgelassen. F\u00fcr diesen Neuzugang in meinem Wortschatz danke ich Dir, liebes Stuttgart, von ganzem Herzen. Und diese sp\u00e4te Liebeserkl\u00e4rung musste ich einfach rauslassen!<\/p>\n<p><strong>Ronja Tripp<\/strong>, noch Stuttgart<\/p>\n","protected":false},"excerpt":{"rendered":"<p>Als Kielerin und \u00fcberzeugte Wahlberlinerin kann man an Stuttgart nur scheitern \u2013 das f\u00e4ngt schon bei der Sprachbarriere an. Dennoch gibt es ein Wort, das sich seinen Weg in mein Herz gebahnt hat: rauslassen. Es kommt so sch\u00f6n unpr\u00e4tenti\u00f6s und vor allem unschuldig hochdeutsch daher und ist doch so unglaublich vielseitig. Man kann sich ein [&hellip;]<\/p>\n","protected":false},"author":265,"featured_media":0,"comment_status":"open","ping_status":"open","sticky":false,"template":"","format":"standard","meta":{"_jetpack_memberships_contains_paid_content":false,"footnotes":""},"categories":[5687],"tags":[],"class_list":["post-10479","post","type-post","status-publish","format-standard","hentry","category-mein-wort-schatz"],"yoast_head":"<!-- This site is optimized with the Yoast SEO plugin v21.0 - https:\/\/yoast.com\/wordpress\/plugins\/seo\/ -->\n<title>Rauslassen: Mein Wort-Schatz - ZEIT der Leser<\/title>\n<meta name=\"robots\" content=\"index, follow, max-snippet:-1, max-image-preview:large, max-video-preview:-1\" \/>\n<link rel=\"canonical\" href=\"https:\/\/blog.zeit.de\/zeit-der-leser\/2012\/07\/29\/mein-wort-schatz-rauslassen\/\" \/>\n<meta property=\"og:locale\" content=\"de_DE\" \/>\n<meta property=\"og:type\" content=\"article\" \/>\n<meta property=\"og:title\" content=\"Rauslassen: Mein Wort-Schatz - ZEIT der Leser\" \/>\n<meta property=\"og:description\" content=\"Als Kielerin und \u00fcberzeugte Wahlberlinerin kann man an Stuttgart nur scheitern \u2013 das f\u00e4ngt schon bei der Sprachbarriere an. Dennoch gibt es ein Wort, das sich seinen Weg in mein Herz gebahnt hat: rauslassen. Es kommt so sch\u00f6n unpr\u00e4tenti\u00f6s und vor allem unschuldig hochdeutsch daher und ist doch so unglaublich vielseitig. Man kann sich ein [&hellip;]\" \/>\n<meta property=\"og:url\" content=\"https:\/\/blog.zeit.de\/zeit-der-leser\/2012\/07\/29\/mein-wort-schatz-rauslassen\/\" \/>\n<meta property=\"og:site_name\" content=\"ZEIT der Leser\" \/>\n<meta property=\"article:published_time\" content=\"2012-07-29T10:00:24+00:00\" \/>\n<meta property=\"article:modified_time\" content=\"2015-02-23T13:01:35+00:00\" \/>\n<meta name=\"author\" content=\"&quot;Zeit der Leser&quot;-Redaktion\" \/>\n<meta name=\"twitter:card\" content=\"summary_large_image\" \/>\n<meta name=\"twitter:label1\" content=\"Geschrieben von\" \/>\n\t<meta name=\"twitter:data1\" content=\"\"Zeit der Leser\"-Redaktion\" \/>\n\t<meta name=\"twitter:label2\" content=\"Gesch\u00e4tzte Lesezeit\" \/>\n\t<meta name=\"twitter:data2\" content=\"1\u00a0Minute\" \/>\n<script type=\"application\/ld+json\" class=\"yoast-schema-graph\">{\"@context\":\"https:\/\/schema.org\",\"@graph\":[{\"@type\":\"WebPage\",\"@id\":\"https:\/\/blog.zeit.de\/zeit-der-leser\/2012\/07\/29\/mein-wort-schatz-rauslassen\/\",\"url\":\"https:\/\/blog.zeit.de\/zeit-der-leser\/2012\/07\/29\/mein-wort-schatz-rauslassen\/\",\"name\":\"Rauslassen: Mein Wort-Schatz - ZEIT der Leser\",\"isPartOf\":{\"@id\":\"https:\/\/blog.zeit.de\/zeit-der-leser\/#website\"},\"datePublished\":\"2012-07-29T10:00:24+00:00\",\"dateModified\":\"2015-02-23T13:01:35+00:00\",\"author\":{\"@id\":\"https:\/\/blog.zeit.de\/zeit-der-leser\/#\/schema\/person\/583b14e5ad6368c23af846ecbde9f20f\"},\"breadcrumb\":{\"@id\":\"https:\/\/blog.zeit.de\/zeit-der-leser\/2012\/07\/29\/mein-wort-schatz-rauslassen\/#breadcrumb\"},\"inLanguage\":\"de\",\"potentialAction\":[{\"@type\":\"ReadAction\",\"target\":[\"https:\/\/blog.zeit.de\/zeit-der-leser\/2012\/07\/29\/mein-wort-schatz-rauslassen\/\"]}]},{\"@type\":\"BreadcrumbList\",\"@id\":\"https:\/\/blog.zeit.de\/zeit-der-leser\/2012\/07\/29\/mein-wort-schatz-rauslassen\/#breadcrumb\",\"itemListElement\":[{\"@type\":\"ListItem\",\"position\":1,\"name\":\"Startseite\",\"item\":\"https:\/\/blog.zeit.de\/zeit-der-leser\/\"},{\"@type\":\"ListItem\",\"position\":2,\"name\":\"Rauslassen: Mein Wort-Schatz\"}]},{\"@type\":\"WebSite\",\"@id\":\"https:\/\/blog.zeit.de\/zeit-der-leser\/#website\",\"url\":\"https:\/\/blog.zeit.de\/zeit-der-leser\/\",\"name\":\"ZEIT der Leser\",\"description\":\"Ein Blog mit Ihren Notizen, Gedichten und Bildern f\u00fcr die gedruckte ZEIT\",\"potentialAction\":[{\"@type\":\"SearchAction\",\"target\":{\"@type\":\"EntryPoint\",\"urlTemplate\":\"https:\/\/blog.zeit.de\/zeit-der-leser\/?s={search_term_string}\"},\"query-input\":\"required name=search_term_string\"}],\"inLanguage\":\"de\"},{\"@type\":\"Person\",\"@id\":\"https:\/\/blog.zeit.de\/zeit-der-leser\/#\/schema\/person\/583b14e5ad6368c23af846ecbde9f20f\",\"name\":\"\\\"Zeit der Leser\\\"-Redaktion\",\"image\":{\"@type\":\"ImageObject\",\"inLanguage\":\"de\",\"@id\":\"https:\/\/blog.zeit.de\/zeit-der-leser\/#\/schema\/person\/image\/\",\"url\":\"https:\/\/secure.gravatar.com\/avatar\/e801a681bd3bbf2345131a815930b48d9f8e0a94de1346b624840dc850f67ad0?s=96&d=mm&r=g\",\"contentUrl\":\"https:\/\/secure.gravatar.com\/avatar\/e801a681bd3bbf2345131a815930b48d9f8e0a94de1346b624840dc850f67ad0?s=96&d=mm&r=g\",\"caption\":\"\\\"Zeit der Leser\\\"-Redaktion\"},\"url\":\"https:\/\/blog.zeit.de\/zeit-der-leser\/author\/zeit-der-leser-redaktion\/\"}]}<\/script>\n<!-- \/ Yoast SEO plugin. -->","yoast_head_json":{"title":"Rauslassen: Mein Wort-Schatz - ZEIT der Leser","robots":{"index":"index","follow":"follow","max-snippet":"max-snippet:-1","max-image-preview":"max-image-preview:large","max-video-preview":"max-video-preview:-1"},"canonical":"https:\/\/blog.zeit.de\/zeit-der-leser\/2012\/07\/29\/mein-wort-schatz-rauslassen\/","og_locale":"de_DE","og_type":"article","og_title":"Rauslassen: Mein Wort-Schatz - ZEIT der Leser","og_description":"Als Kielerin und \u00fcberzeugte Wahlberlinerin kann man an Stuttgart nur scheitern \u2013 das f\u00e4ngt schon bei der Sprachbarriere an. Dennoch gibt es ein Wort, das sich seinen Weg in mein Herz gebahnt hat: rauslassen. Es kommt so sch\u00f6n unpr\u00e4tenti\u00f6s und vor allem unschuldig hochdeutsch daher und ist doch so unglaublich vielseitig. Man kann sich ein [&hellip;]","og_url":"https:\/\/blog.zeit.de\/zeit-der-leser\/2012\/07\/29\/mein-wort-schatz-rauslassen\/","og_site_name":"ZEIT der Leser","article_published_time":"2012-07-29T10:00:24+00:00","article_modified_time":"2015-02-23T13:01:35+00:00","author":"\"Zeit der Leser\"-Redaktion","twitter_card":"summary_large_image","twitter_misc":{"Geschrieben von":"\"Zeit der Leser\"-Redaktion","Gesch\u00e4tzte Lesezeit":"1\u00a0Minute"},"schema":{"@context":"https:\/\/schema.org","@graph":[{"@type":"WebPage","@id":"https:\/\/blog.zeit.de\/zeit-der-leser\/2012\/07\/29\/mein-wort-schatz-rauslassen\/","url":"https:\/\/blog.zeit.de\/zeit-der-leser\/2012\/07\/29\/mein-wort-schatz-rauslassen\/","name":"Rauslassen: Mein Wort-Schatz - ZEIT der Leser","isPartOf":{"@id":"https:\/\/blog.zeit.de\/zeit-der-leser\/#website"},"datePublished":"2012-07-29T10:00:24+00:00","dateModified":"2015-02-23T13:01:35+00:00","author":{"@id":"https:\/\/blog.zeit.de\/zeit-der-leser\/#\/schema\/person\/583b14e5ad6368c23af846ecbde9f20f"},"breadcrumb":{"@id":"https:\/\/blog.zeit.de\/zeit-der-leser\/2012\/07\/29\/mein-wort-schatz-rauslassen\/#breadcrumb"},"inLanguage":"de","potentialAction":[{"@type":"ReadAction","target":["https:\/\/blog.zeit.de\/zeit-der-leser\/2012\/07\/29\/mein-wort-schatz-rauslassen\/"]}]},{"@type":"BreadcrumbList","@id":"https:\/\/blog.zeit.de\/zeit-der-leser\/2012\/07\/29\/mein-wort-schatz-rauslassen\/#breadcrumb","itemListElement":[{"@type":"ListItem","position":1,"name":"Startseite","item":"https:\/\/blog.zeit.de\/zeit-der-leser\/"},{"@type":"ListItem","position":2,"name":"Rauslassen: Mein Wort-Schatz"}]},{"@type":"WebSite","@id":"https:\/\/blog.zeit.de\/zeit-der-leser\/#website","url":"https:\/\/blog.zeit.de\/zeit-der-leser\/","name":"ZEIT der Leser","description":"Ein Blog mit Ihren Notizen, Gedichten und Bildern f\u00fcr die gedruckte ZEIT","potentialAction":[{"@type":"SearchAction","target":{"@type":"EntryPoint","urlTemplate":"https:\/\/blog.zeit.de\/zeit-der-leser\/?s={search_term_string}"},"query-input":"required name=search_term_string"}],"inLanguage":"de"},{"@type":"Person","@id":"https:\/\/blog.zeit.de\/zeit-der-leser\/#\/schema\/person\/583b14e5ad6368c23af846ecbde9f20f","name":"\"Zeit der Leser\"-Redaktion","image":{"@type":"ImageObject","inLanguage":"de","@id":"https:\/\/blog.zeit.de\/zeit-der-leser\/#\/schema\/person\/image\/","url":"https:\/\/secure.gravatar.com\/avatar\/e801a681bd3bbf2345131a815930b48d9f8e0a94de1346b624840dc850f67ad0?s=96&d=mm&r=g","contentUrl":"https:\/\/secure.gravatar.com\/avatar\/e801a681bd3bbf2345131a815930b48d9f8e0a94de1346b624840dc850f67ad0?s=96&d=mm&r=g","caption":"\"Zeit der Leser\"-Redaktion"},"url":"https:\/\/blog.zeit.de\/zeit-der-leser\/author\/zeit-der-leser-redaktion\/"}]}},"jetpack_featured_media_url":"","jetpack_sharing_enabled":true,"_links":{"self":[{"href":"https:\/\/blog.zeit.de\/zeit-der-leser\/wp-json\/wp\/v2\/posts\/10479","targetHints":{"allow":["GET"]}}],"collection":[{"href":"https:\/\/blog.zeit.de\/zeit-der-leser\/wp-json\/wp\/v2\/posts"}],"about":[{"href":"https:\/\/blog.zeit.de\/zeit-der-leser\/wp-json\/wp\/v2\/types\/post"}],"author":[{"embeddable":true,"href":"https:\/\/blog.zeit.de\/zeit-der-leser\/wp-json\/wp\/v2\/users\/265"}],"replies":[{"embeddable":true,"href":"https:\/\/blog.zeit.de\/zeit-der-leser\/wp-json\/wp\/v2\/comments?post=10479"}],"version-history":[{"count":3,"href":"https:\/\/blog.zeit.de\/zeit-der-leser\/wp-json\/wp\/v2\/posts\/10479\/revisions"}],"predecessor-version":[{"id":17375,"href":"https:\/\/blog.zeit.de\/zeit-der-leser\/wp-json\/wp\/v2\/posts\/10479\/revisions\/17375"}],"wp:attachment":[{"href":"https:\/\/blog.zeit.de\/zeit-der-leser\/wp-json\/wp\/v2\/media?parent=10479"}],"wp:term":[{"taxonomy":"category","embeddable":true,"href":"https:\/\/blog.zeit.de\/zeit-der-leser\/wp-json\/wp\/v2\/categories?post=10479"},{"taxonomy":"post_tag","embeddable":true,"href":"https:\/\/blog.zeit.de\/zeit-der-leser\/wp-json\/wp\/v2\/tags?post=10479"}],"curies":[{"name":"wp","href":"https:\/\/api.w.org\/{rel}","templated":true}]}}