{"id":10516,"date":"2012-08-02T18:00:47","date_gmt":"2012-08-02T16:00:47","guid":{"rendered":"http:\/\/blog.zeit.de\/zeit-der-leser\/?p=10516"},"modified":"2012-07-25T17:28:16","modified_gmt":"2012-07-25T15:28:16","slug":"zeitsprung-67","status":"publish","type":"post","link":"https:\/\/blog.zeit.de\/zeit-der-leser\/2012\/08\/02\/zeitsprung-67\/","title":{"rendered":"Zeitsprung"},"content":{"rendered":"<p><a href=\"https:\/\/blog.zeit.de\/zeit-der-leser\/files\/2012\/07\/s88-zeitsprung-1.jpg\"><img loading=\"lazy\" decoding=\"async\" class=\"alignleft size-full wp-image-10517\" src=\"https:\/\/blog.zeit.de\/zeit-der-leser\/files\/2012\/07\/s88-zeitsprung-1.jpg\" alt=\"\" width=\"540\" height=\"430\" srcset=\"https:\/\/blog.zeit.de\/zeit-der-leser\/files\/2012\/07\/s88-zeitsprung-1.jpg 540w, https:\/\/blog.zeit.de\/zeit-der-leser\/files\/2012\/07\/s88-zeitsprung-1-300x238.jpg 300w\" sizes=\"auto, (max-width: 540px) 100vw, 540px\" \/><\/a>\u00a0<a href=\"https:\/\/blog.zeit.de\/zeit-der-leser\/files\/2012\/07\/s88-zeitsprung-2.jpg\"><img loading=\"lazy\" decoding=\"async\" class=\"alignleft size-full wp-image-10518\" src=\"https:\/\/blog.zeit.de\/zeit-der-leser\/files\/2012\/07\/s88-zeitsprung-2.jpg\" alt=\"\" width=\"540\" height=\"430\" srcset=\"https:\/\/blog.zeit.de\/zeit-der-leser\/files\/2012\/07\/s88-zeitsprung-2.jpg 540w, https:\/\/blog.zeit.de\/zeit-der-leser\/files\/2012\/07\/s88-zeitsprung-2-300x238.jpg 300w\" sizes=\"auto, (max-width: 540px) 100vw, 540px\" \/><\/a><\/p>\n<p>Im Juni 1992, also vor genau 20 Jahren, fuhr ich mit meinen Kindern Luise, Julia und Moritz in den Urlaub nach Otterndorf an der Elbm\u00fcndung. Wir wohnten auf dem Bauernhof der Familie Johannsen. Es war ein Paradies, vor allem f\u00fcr die Kinder. Als Heu gemacht wurde und dabei ein Gewitter aufzog, bat mich der Bauer Uli, auch noch einen Traktor mit zwei H\u00e4ngern zu fahren,um alles rechtzeitig und trocken in die Scheune zu bekommen. Ich sagte nat\u00fcrlich Ja, und wir schafften es vor dem Regen. Die Kinder tobten derweil in der Scheune im Heu. Gleich am ersten Tag hatte ich meine Brieftasche mit 800 Mark Urlaubsgeld und allen Papieren verloren! Schon eine Stunde sp\u00e4ter wurde alles auf der Polizei abgegeben, nicht ein Pfennig fehlte. Die Otterndorfer sind seither f\u00fcr mich die ehrlichsten Leute der Welt. K\u00fcrzlich waren wir wieder dort und haben an der Zufahrt zum Bauernhof das Bild von 1992 wiederholt. Zu den drei Kindern von damals hat sich nun noch Franz gesellt. Und den Leuten auf dem Hof geht es gut.<\/p>\n<p><strong>Rudolf Heym<\/strong>, Ingersleben, Th\u00fcringen<\/p>\n","protected":false},"excerpt":{"rendered":"<p>\u00a0 Im Juni 1992, also vor genau 20 Jahren, fuhr ich mit meinen Kindern Luise, Julia und Moritz in den Urlaub nach Otterndorf an der Elbm\u00fcndung. Wir wohnten auf dem Bauernhof der Familie Johannsen. Es war ein Paradies, vor allem f\u00fcr die Kinder. Als Heu gemacht wurde und dabei ein Gewitter aufzog, bat mich der [&hellip;]<\/p>\n","protected":false},"author":265,"featured_media":0,"comment_status":"open","ping_status":"open","sticky":false,"template":"","format":"standard","meta":{"_jetpack_memberships_contains_paid_content":false,"footnotes":""},"categories":[1878],"tags":[],"class_list":["post-10516","post","type-post","status-publish","format-standard","hentry","category-zeitsprung"],"yoast_head":"<!-- This site is optimized with the Yoast SEO plugin v21.0 - https:\/\/yoast.com\/wordpress\/plugins\/seo\/ -->\n<title>Zeitsprung - ZEIT der Leser<\/title>\n<meta name=\"robots\" content=\"index, follow, max-snippet:-1, max-image-preview:large, max-video-preview:-1\" \/>\n<link rel=\"canonical\" href=\"https:\/\/blog.zeit.de\/zeit-der-leser\/2012\/08\/02\/zeitsprung-67\/\" \/>\n<meta property=\"og:locale\" content=\"de_DE\" \/>\n<meta property=\"og:type\" content=\"article\" \/>\n<meta property=\"og:title\" content=\"Zeitsprung - ZEIT der Leser\" \/>\n<meta property=\"og:description\" content=\"\u00a0 Im Juni 1992, also vor genau 20 Jahren, fuhr ich mit meinen Kindern Luise, Julia und Moritz in den Urlaub nach Otterndorf an der Elbm\u00fcndung. Wir wohnten auf dem Bauernhof der Familie Johannsen. Es war ein Paradies, vor allem f\u00fcr die Kinder. Als Heu gemacht wurde und dabei ein Gewitter aufzog, bat mich der [&hellip;]\" \/>\n<meta property=\"og:url\" content=\"https:\/\/blog.zeit.de\/zeit-der-leser\/2012\/08\/02\/zeitsprung-67\/\" \/>\n<meta property=\"og:site_name\" content=\"ZEIT der Leser\" \/>\n<meta property=\"article:published_time\" content=\"2012-08-02T16:00:47+00:00\" \/>\n<meta property=\"article:modified_time\" content=\"2012-07-25T15:28:16+00:00\" \/>\n<meta property=\"og:image\" content=\"https:\/\/blog.zeit.de\/zeit-der-leser\/files\/2012\/07\/s88-zeitsprung-1.jpg\" \/>\n<meta name=\"author\" content=\"&quot;Zeit der Leser&quot;-Redaktion\" \/>\n<meta name=\"twitter:card\" content=\"summary_large_image\" \/>\n<meta name=\"twitter:label1\" content=\"Geschrieben von\" \/>\n\t<meta name=\"twitter:data1\" content=\"\"Zeit der Leser\"-Redaktion\" \/>\n\t<meta name=\"twitter:label2\" content=\"Gesch\u00e4tzte Lesezeit\" \/>\n\t<meta name=\"twitter:data2\" content=\"1\u00a0Minute\" \/>\n<script type=\"application\/ld+json\" class=\"yoast-schema-graph\">{\"@context\":\"https:\/\/schema.org\",\"@graph\":[{\"@type\":\"WebPage\",\"@id\":\"https:\/\/blog.zeit.de\/zeit-der-leser\/2012\/08\/02\/zeitsprung-67\/\",\"url\":\"https:\/\/blog.zeit.de\/zeit-der-leser\/2012\/08\/02\/zeitsprung-67\/\",\"name\":\"Zeitsprung - ZEIT der Leser\",\"isPartOf\":{\"@id\":\"https:\/\/blog.zeit.de\/zeit-der-leser\/#website\"},\"datePublished\":\"2012-08-02T16:00:47+00:00\",\"dateModified\":\"2012-07-25T15:28:16+00:00\",\"author\":{\"@id\":\"https:\/\/blog.zeit.de\/zeit-der-leser\/#\/schema\/person\/583b14e5ad6368c23af846ecbde9f20f\"},\"breadcrumb\":{\"@id\":\"https:\/\/blog.zeit.de\/zeit-der-leser\/2012\/08\/02\/zeitsprung-67\/#breadcrumb\"},\"inLanguage\":\"de\",\"potentialAction\":[{\"@type\":\"ReadAction\",\"target\":[\"https:\/\/blog.zeit.de\/zeit-der-leser\/2012\/08\/02\/zeitsprung-67\/\"]}]},{\"@type\":\"BreadcrumbList\",\"@id\":\"https:\/\/blog.zeit.de\/zeit-der-leser\/2012\/08\/02\/zeitsprung-67\/#breadcrumb\",\"itemListElement\":[{\"@type\":\"ListItem\",\"position\":1,\"name\":\"Startseite\",\"item\":\"https:\/\/blog.zeit.de\/zeit-der-leser\/\"},{\"@type\":\"ListItem\",\"position\":2,\"name\":\"Zeitsprung\"}]},{\"@type\":\"WebSite\",\"@id\":\"https:\/\/blog.zeit.de\/zeit-der-leser\/#website\",\"url\":\"https:\/\/blog.zeit.de\/zeit-der-leser\/\",\"name\":\"ZEIT der Leser\",\"description\":\"Ein Blog mit Ihren Notizen, Gedichten und Bildern f\u00fcr die gedruckte ZEIT\",\"potentialAction\":[{\"@type\":\"SearchAction\",\"target\":{\"@type\":\"EntryPoint\",\"urlTemplate\":\"https:\/\/blog.zeit.de\/zeit-der-leser\/?s={search_term_string}\"},\"query-input\":\"required name=search_term_string\"}],\"inLanguage\":\"de\"},{\"@type\":\"Person\",\"@id\":\"https:\/\/blog.zeit.de\/zeit-der-leser\/#\/schema\/person\/583b14e5ad6368c23af846ecbde9f20f\",\"name\":\"\\\"Zeit der Leser\\\"-Redaktion\",\"image\":{\"@type\":\"ImageObject\",\"inLanguage\":\"de\",\"@id\":\"https:\/\/blog.zeit.de\/zeit-der-leser\/#\/schema\/person\/image\/\",\"url\":\"https:\/\/secure.gravatar.com\/avatar\/e801a681bd3bbf2345131a815930b48d9f8e0a94de1346b624840dc850f67ad0?s=96&d=mm&r=g\",\"contentUrl\":\"https:\/\/secure.gravatar.com\/avatar\/e801a681bd3bbf2345131a815930b48d9f8e0a94de1346b624840dc850f67ad0?s=96&d=mm&r=g\",\"caption\":\"\\\"Zeit der Leser\\\"-Redaktion\"},\"url\":\"https:\/\/blog.zeit.de\/zeit-der-leser\/author\/zeit-der-leser-redaktion\/\"}]}<\/script>\n<!-- \/ Yoast SEO plugin. -->","yoast_head_json":{"title":"Zeitsprung - ZEIT der Leser","robots":{"index":"index","follow":"follow","max-snippet":"max-snippet:-1","max-image-preview":"max-image-preview:large","max-video-preview":"max-video-preview:-1"},"canonical":"https:\/\/blog.zeit.de\/zeit-der-leser\/2012\/08\/02\/zeitsprung-67\/","og_locale":"de_DE","og_type":"article","og_title":"Zeitsprung - ZEIT der Leser","og_description":"\u00a0 Im Juni 1992, also vor genau 20 Jahren, fuhr ich mit meinen Kindern Luise, Julia und Moritz in den Urlaub nach Otterndorf an der Elbm\u00fcndung. Wir wohnten auf dem Bauernhof der Familie Johannsen. Es war ein Paradies, vor allem f\u00fcr die Kinder. Als Heu gemacht wurde und dabei ein Gewitter aufzog, bat mich der [&hellip;]","og_url":"https:\/\/blog.zeit.de\/zeit-der-leser\/2012\/08\/02\/zeitsprung-67\/","og_site_name":"ZEIT der Leser","article_published_time":"2012-08-02T16:00:47+00:00","article_modified_time":"2012-07-25T15:28:16+00:00","og_image":[{"url":"https:\/\/blog.zeit.de\/zeit-der-leser\/files\/2012\/07\/s88-zeitsprung-1.jpg"}],"author":"\"Zeit der Leser\"-Redaktion","twitter_card":"summary_large_image","twitter_misc":{"Geschrieben von":"\"Zeit der Leser\"-Redaktion","Gesch\u00e4tzte Lesezeit":"1\u00a0Minute"},"schema":{"@context":"https:\/\/schema.org","@graph":[{"@type":"WebPage","@id":"https:\/\/blog.zeit.de\/zeit-der-leser\/2012\/08\/02\/zeitsprung-67\/","url":"https:\/\/blog.zeit.de\/zeit-der-leser\/2012\/08\/02\/zeitsprung-67\/","name":"Zeitsprung - ZEIT der Leser","isPartOf":{"@id":"https:\/\/blog.zeit.de\/zeit-der-leser\/#website"},"datePublished":"2012-08-02T16:00:47+00:00","dateModified":"2012-07-25T15:28:16+00:00","author":{"@id":"https:\/\/blog.zeit.de\/zeit-der-leser\/#\/schema\/person\/583b14e5ad6368c23af846ecbde9f20f"},"breadcrumb":{"@id":"https:\/\/blog.zeit.de\/zeit-der-leser\/2012\/08\/02\/zeitsprung-67\/#breadcrumb"},"inLanguage":"de","potentialAction":[{"@type":"ReadAction","target":["https:\/\/blog.zeit.de\/zeit-der-leser\/2012\/08\/02\/zeitsprung-67\/"]}]},{"@type":"BreadcrumbList","@id":"https:\/\/blog.zeit.de\/zeit-der-leser\/2012\/08\/02\/zeitsprung-67\/#breadcrumb","itemListElement":[{"@type":"ListItem","position":1,"name":"Startseite","item":"https:\/\/blog.zeit.de\/zeit-der-leser\/"},{"@type":"ListItem","position":2,"name":"Zeitsprung"}]},{"@type":"WebSite","@id":"https:\/\/blog.zeit.de\/zeit-der-leser\/#website","url":"https:\/\/blog.zeit.de\/zeit-der-leser\/","name":"ZEIT der Leser","description":"Ein Blog mit Ihren Notizen, Gedichten und Bildern f\u00fcr die gedruckte ZEIT","potentialAction":[{"@type":"SearchAction","target":{"@type":"EntryPoint","urlTemplate":"https:\/\/blog.zeit.de\/zeit-der-leser\/?s={search_term_string}"},"query-input":"required name=search_term_string"}],"inLanguage":"de"},{"@type":"Person","@id":"https:\/\/blog.zeit.de\/zeit-der-leser\/#\/schema\/person\/583b14e5ad6368c23af846ecbde9f20f","name":"\"Zeit der Leser\"-Redaktion","image":{"@type":"ImageObject","inLanguage":"de","@id":"https:\/\/blog.zeit.de\/zeit-der-leser\/#\/schema\/person\/image\/","url":"https:\/\/secure.gravatar.com\/avatar\/e801a681bd3bbf2345131a815930b48d9f8e0a94de1346b624840dc850f67ad0?s=96&d=mm&r=g","contentUrl":"https:\/\/secure.gravatar.com\/avatar\/e801a681bd3bbf2345131a815930b48d9f8e0a94de1346b624840dc850f67ad0?s=96&d=mm&r=g","caption":"\"Zeit der Leser\"-Redaktion"},"url":"https:\/\/blog.zeit.de\/zeit-der-leser\/author\/zeit-der-leser-redaktion\/"}]}},"jetpack_featured_media_url":"","jetpack_sharing_enabled":true,"_links":{"self":[{"href":"https:\/\/blog.zeit.de\/zeit-der-leser\/wp-json\/wp\/v2\/posts\/10516","targetHints":{"allow":["GET"]}}],"collection":[{"href":"https:\/\/blog.zeit.de\/zeit-der-leser\/wp-json\/wp\/v2\/posts"}],"about":[{"href":"https:\/\/blog.zeit.de\/zeit-der-leser\/wp-json\/wp\/v2\/types\/post"}],"author":[{"embeddable":true,"href":"https:\/\/blog.zeit.de\/zeit-der-leser\/wp-json\/wp\/v2\/users\/265"}],"replies":[{"embeddable":true,"href":"https:\/\/blog.zeit.de\/zeit-der-leser\/wp-json\/wp\/v2\/comments?post=10516"}],"version-history":[{"count":2,"href":"https:\/\/blog.zeit.de\/zeit-der-leser\/wp-json\/wp\/v2\/posts\/10516\/revisions"}],"predecessor-version":[{"id":10520,"href":"https:\/\/blog.zeit.de\/zeit-der-leser\/wp-json\/wp\/v2\/posts\/10516\/revisions\/10520"}],"wp:attachment":[{"href":"https:\/\/blog.zeit.de\/zeit-der-leser\/wp-json\/wp\/v2\/media?parent=10516"}],"wp:term":[{"taxonomy":"category","embeddable":true,"href":"https:\/\/blog.zeit.de\/zeit-der-leser\/wp-json\/wp\/v2\/categories?post=10516"},{"taxonomy":"post_tag","embeddable":true,"href":"https:\/\/blog.zeit.de\/zeit-der-leser\/wp-json\/wp\/v2\/tags?post=10516"}],"curies":[{"name":"wp","href":"https:\/\/api.w.org\/{rel}","templated":true}]}}