{"id":10596,"date":"2012-08-10T15:00:52","date_gmt":"2012-08-10T13:00:52","guid":{"rendered":"http:\/\/blog.zeit.de\/zeit-der-leser\/?p=10596"},"modified":"2015-02-23T13:59:43","modified_gmt":"2015-02-23T12:59:43","slug":"mein-wort-schatz-ferngespraech","status":"publish","type":"post","link":"https:\/\/blog.zeit.de\/zeit-der-leser\/2012\/08\/10\/mein-wort-schatz-ferngespraech\/","title":{"rendered":"Ferngespr\u00e4ch: Mein Wort-Schatz"},"content":{"rendered":"<p><strong>Ferngespr\u00e4ch<\/strong>, das klingt nach etwas Besonderem, nach Ferne. Neulich stie\u00df ich in einem Telefonat mit einem Freund auf dieses Wort. Er sagte zu einem Kollegen, als er mit mir telefonierte, er f\u00fchre ein \u00bbFerngespr\u00e4ch\u00ab. Reaktion: Verwunderung. Er wohnt im Westen, genauer in Walldorf bei Frankfurt, und ich lebe in Dresden, also im Osten. Wir necken uns gern mit den typischen Ost-West-Klischees. Erw\u00e4hnen sollte ich wohl, dass wir beide zur Zeit der Wende um die zw\u00f6lf Jahre alt waren. Heutzutage telefoniert man mit Flatrate sonst wohin und macht sich keine Gedanken mehr dar\u00fcber. Aber in unserer Kindheit sah das noch anders aus. Gerade in der DDR gab es nur in wenigen Haushalten ein Telefon. Und so war es an der Tagesordnung, dass man als Telefonbesitzer Besucher hatte, die kamen, nur um ein Ferngespr\u00e4ch zu f\u00fchren.<\/p>\n<p><strong>Marlen Arnold<\/strong>, Dresden<\/p>\n","protected":false},"excerpt":{"rendered":"<p>Ferngespr\u00e4ch, das klingt nach etwas Besonderem, nach Ferne. Neulich stie\u00df ich in einem Telefonat mit einem Freund auf dieses Wort. Er sagte zu einem Kollegen, als er mit mir telefonierte, er f\u00fchre ein \u00bbFerngespr\u00e4ch\u00ab. Reaktion: Verwunderung. Er wohnt im Westen, genauer in Walldorf bei Frankfurt, und ich lebe in Dresden, also im Osten. Wir necken [&hellip;]<\/p>\n","protected":false},"author":265,"featured_media":0,"comment_status":"open","ping_status":"open","sticky":false,"template":"","format":"standard","meta":{"_jetpack_memberships_contains_paid_content":false,"footnotes":""},"categories":[5687],"tags":[],"class_list":["post-10596","post","type-post","status-publish","format-standard","hentry","category-mein-wort-schatz"],"yoast_head":"<!-- This site is optimized with the Yoast SEO plugin v21.0 - https:\/\/yoast.com\/wordpress\/plugins\/seo\/ -->\n<title>Ferngespr\u00e4ch: Mein Wort-Schatz - ZEIT der Leser<\/title>\n<meta name=\"robots\" content=\"index, follow, max-snippet:-1, max-image-preview:large, max-video-preview:-1\" \/>\n<link rel=\"canonical\" href=\"https:\/\/blog.zeit.de\/zeit-der-leser\/2012\/08\/10\/mein-wort-schatz-ferngespraech\/\" \/>\n<meta property=\"og:locale\" content=\"de_DE\" \/>\n<meta property=\"og:type\" content=\"article\" \/>\n<meta property=\"og:title\" content=\"Ferngespr\u00e4ch: Mein Wort-Schatz - ZEIT der Leser\" \/>\n<meta property=\"og:description\" content=\"Ferngespr\u00e4ch, das klingt nach etwas Besonderem, nach Ferne. Neulich stie\u00df ich in einem Telefonat mit einem Freund auf dieses Wort. Er sagte zu einem Kollegen, als er mit mir telefonierte, er f\u00fchre ein \u00bbFerngespr\u00e4ch\u00ab. Reaktion: Verwunderung. Er wohnt im Westen, genauer in Walldorf bei Frankfurt, und ich lebe in Dresden, also im Osten. Wir necken [&hellip;]\" \/>\n<meta property=\"og:url\" content=\"https:\/\/blog.zeit.de\/zeit-der-leser\/2012\/08\/10\/mein-wort-schatz-ferngespraech\/\" \/>\n<meta property=\"og:site_name\" content=\"ZEIT der Leser\" \/>\n<meta property=\"article:published_time\" content=\"2012-08-10T13:00:52+00:00\" \/>\n<meta property=\"article:modified_time\" content=\"2015-02-23T12:59:43+00:00\" \/>\n<meta name=\"author\" content=\"&quot;Zeit der Leser&quot;-Redaktion\" \/>\n<meta name=\"twitter:card\" content=\"summary_large_image\" \/>\n<meta name=\"twitter:label1\" content=\"Geschrieben von\" \/>\n\t<meta name=\"twitter:data1\" content=\"\"Zeit der Leser\"-Redaktion\" \/>\n\t<meta name=\"twitter:label2\" content=\"Gesch\u00e4tzte Lesezeit\" \/>\n\t<meta name=\"twitter:data2\" content=\"1\u00a0Minute\" \/>\n<script type=\"application\/ld+json\" class=\"yoast-schema-graph\">{\"@context\":\"https:\/\/schema.org\",\"@graph\":[{\"@type\":\"WebPage\",\"@id\":\"https:\/\/blog.zeit.de\/zeit-der-leser\/2012\/08\/10\/mein-wort-schatz-ferngespraech\/\",\"url\":\"https:\/\/blog.zeit.de\/zeit-der-leser\/2012\/08\/10\/mein-wort-schatz-ferngespraech\/\",\"name\":\"Ferngespr\u00e4ch: Mein Wort-Schatz - ZEIT der Leser\",\"isPartOf\":{\"@id\":\"https:\/\/blog.zeit.de\/zeit-der-leser\/#website\"},\"datePublished\":\"2012-08-10T13:00:52+00:00\",\"dateModified\":\"2015-02-23T12:59:43+00:00\",\"author\":{\"@id\":\"https:\/\/blog.zeit.de\/zeit-der-leser\/#\/schema\/person\/583b14e5ad6368c23af846ecbde9f20f\"},\"breadcrumb\":{\"@id\":\"https:\/\/blog.zeit.de\/zeit-der-leser\/2012\/08\/10\/mein-wort-schatz-ferngespraech\/#breadcrumb\"},\"inLanguage\":\"de\",\"potentialAction\":[{\"@type\":\"ReadAction\",\"target\":[\"https:\/\/blog.zeit.de\/zeit-der-leser\/2012\/08\/10\/mein-wort-schatz-ferngespraech\/\"]}]},{\"@type\":\"BreadcrumbList\",\"@id\":\"https:\/\/blog.zeit.de\/zeit-der-leser\/2012\/08\/10\/mein-wort-schatz-ferngespraech\/#breadcrumb\",\"itemListElement\":[{\"@type\":\"ListItem\",\"position\":1,\"name\":\"Startseite\",\"item\":\"https:\/\/blog.zeit.de\/zeit-der-leser\/\"},{\"@type\":\"ListItem\",\"position\":2,\"name\":\"Ferngespr\u00e4ch: Mein Wort-Schatz\"}]},{\"@type\":\"WebSite\",\"@id\":\"https:\/\/blog.zeit.de\/zeit-der-leser\/#website\",\"url\":\"https:\/\/blog.zeit.de\/zeit-der-leser\/\",\"name\":\"ZEIT der Leser\",\"description\":\"Ein Blog mit Ihren Notizen, Gedichten und Bildern f\u00fcr die gedruckte ZEIT\",\"potentialAction\":[{\"@type\":\"SearchAction\",\"target\":{\"@type\":\"EntryPoint\",\"urlTemplate\":\"https:\/\/blog.zeit.de\/zeit-der-leser\/?s={search_term_string}\"},\"query-input\":\"required name=search_term_string\"}],\"inLanguage\":\"de\"},{\"@type\":\"Person\",\"@id\":\"https:\/\/blog.zeit.de\/zeit-der-leser\/#\/schema\/person\/583b14e5ad6368c23af846ecbde9f20f\",\"name\":\"\\\"Zeit der Leser\\\"-Redaktion\",\"image\":{\"@type\":\"ImageObject\",\"inLanguage\":\"de\",\"@id\":\"https:\/\/blog.zeit.de\/zeit-der-leser\/#\/schema\/person\/image\/\",\"url\":\"https:\/\/secure.gravatar.com\/avatar\/e801a681bd3bbf2345131a815930b48d9f8e0a94de1346b624840dc850f67ad0?s=96&d=mm&r=g\",\"contentUrl\":\"https:\/\/secure.gravatar.com\/avatar\/e801a681bd3bbf2345131a815930b48d9f8e0a94de1346b624840dc850f67ad0?s=96&d=mm&r=g\",\"caption\":\"\\\"Zeit der Leser\\\"-Redaktion\"},\"url\":\"https:\/\/blog.zeit.de\/zeit-der-leser\/author\/zeit-der-leser-redaktion\/\"}]}<\/script>\n<!-- \/ Yoast SEO plugin. -->","yoast_head_json":{"title":"Ferngespr\u00e4ch: Mein Wort-Schatz - ZEIT der Leser","robots":{"index":"index","follow":"follow","max-snippet":"max-snippet:-1","max-image-preview":"max-image-preview:large","max-video-preview":"max-video-preview:-1"},"canonical":"https:\/\/blog.zeit.de\/zeit-der-leser\/2012\/08\/10\/mein-wort-schatz-ferngespraech\/","og_locale":"de_DE","og_type":"article","og_title":"Ferngespr\u00e4ch: Mein Wort-Schatz - ZEIT der Leser","og_description":"Ferngespr\u00e4ch, das klingt nach etwas Besonderem, nach Ferne. Neulich stie\u00df ich in einem Telefonat mit einem Freund auf dieses Wort. Er sagte zu einem Kollegen, als er mit mir telefonierte, er f\u00fchre ein \u00bbFerngespr\u00e4ch\u00ab. Reaktion: Verwunderung. Er wohnt im Westen, genauer in Walldorf bei Frankfurt, und ich lebe in Dresden, also im Osten. Wir necken [&hellip;]","og_url":"https:\/\/blog.zeit.de\/zeit-der-leser\/2012\/08\/10\/mein-wort-schatz-ferngespraech\/","og_site_name":"ZEIT der Leser","article_published_time":"2012-08-10T13:00:52+00:00","article_modified_time":"2015-02-23T12:59:43+00:00","author":"\"Zeit der Leser\"-Redaktion","twitter_card":"summary_large_image","twitter_misc":{"Geschrieben von":"\"Zeit der Leser\"-Redaktion","Gesch\u00e4tzte Lesezeit":"1\u00a0Minute"},"schema":{"@context":"https:\/\/schema.org","@graph":[{"@type":"WebPage","@id":"https:\/\/blog.zeit.de\/zeit-der-leser\/2012\/08\/10\/mein-wort-schatz-ferngespraech\/","url":"https:\/\/blog.zeit.de\/zeit-der-leser\/2012\/08\/10\/mein-wort-schatz-ferngespraech\/","name":"Ferngespr\u00e4ch: Mein Wort-Schatz - ZEIT der Leser","isPartOf":{"@id":"https:\/\/blog.zeit.de\/zeit-der-leser\/#website"},"datePublished":"2012-08-10T13:00:52+00:00","dateModified":"2015-02-23T12:59:43+00:00","author":{"@id":"https:\/\/blog.zeit.de\/zeit-der-leser\/#\/schema\/person\/583b14e5ad6368c23af846ecbde9f20f"},"breadcrumb":{"@id":"https:\/\/blog.zeit.de\/zeit-der-leser\/2012\/08\/10\/mein-wort-schatz-ferngespraech\/#breadcrumb"},"inLanguage":"de","potentialAction":[{"@type":"ReadAction","target":["https:\/\/blog.zeit.de\/zeit-der-leser\/2012\/08\/10\/mein-wort-schatz-ferngespraech\/"]}]},{"@type":"BreadcrumbList","@id":"https:\/\/blog.zeit.de\/zeit-der-leser\/2012\/08\/10\/mein-wort-schatz-ferngespraech\/#breadcrumb","itemListElement":[{"@type":"ListItem","position":1,"name":"Startseite","item":"https:\/\/blog.zeit.de\/zeit-der-leser\/"},{"@type":"ListItem","position":2,"name":"Ferngespr\u00e4ch: Mein Wort-Schatz"}]},{"@type":"WebSite","@id":"https:\/\/blog.zeit.de\/zeit-der-leser\/#website","url":"https:\/\/blog.zeit.de\/zeit-der-leser\/","name":"ZEIT der Leser","description":"Ein Blog mit Ihren Notizen, Gedichten und Bildern f\u00fcr die gedruckte ZEIT","potentialAction":[{"@type":"SearchAction","target":{"@type":"EntryPoint","urlTemplate":"https:\/\/blog.zeit.de\/zeit-der-leser\/?s={search_term_string}"},"query-input":"required name=search_term_string"}],"inLanguage":"de"},{"@type":"Person","@id":"https:\/\/blog.zeit.de\/zeit-der-leser\/#\/schema\/person\/583b14e5ad6368c23af846ecbde9f20f","name":"\"Zeit der Leser\"-Redaktion","image":{"@type":"ImageObject","inLanguage":"de","@id":"https:\/\/blog.zeit.de\/zeit-der-leser\/#\/schema\/person\/image\/","url":"https:\/\/secure.gravatar.com\/avatar\/e801a681bd3bbf2345131a815930b48d9f8e0a94de1346b624840dc850f67ad0?s=96&d=mm&r=g","contentUrl":"https:\/\/secure.gravatar.com\/avatar\/e801a681bd3bbf2345131a815930b48d9f8e0a94de1346b624840dc850f67ad0?s=96&d=mm&r=g","caption":"\"Zeit der Leser\"-Redaktion"},"url":"https:\/\/blog.zeit.de\/zeit-der-leser\/author\/zeit-der-leser-redaktion\/"}]}},"jetpack_featured_media_url":"","jetpack_sharing_enabled":true,"_links":{"self":[{"href":"https:\/\/blog.zeit.de\/zeit-der-leser\/wp-json\/wp\/v2\/posts\/10596","targetHints":{"allow":["GET"]}}],"collection":[{"href":"https:\/\/blog.zeit.de\/zeit-der-leser\/wp-json\/wp\/v2\/posts"}],"about":[{"href":"https:\/\/blog.zeit.de\/zeit-der-leser\/wp-json\/wp\/v2\/types\/post"}],"author":[{"embeddable":true,"href":"https:\/\/blog.zeit.de\/zeit-der-leser\/wp-json\/wp\/v2\/users\/265"}],"replies":[{"embeddable":true,"href":"https:\/\/blog.zeit.de\/zeit-der-leser\/wp-json\/wp\/v2\/comments?post=10596"}],"version-history":[{"count":5,"href":"https:\/\/blog.zeit.de\/zeit-der-leser\/wp-json\/wp\/v2\/posts\/10596\/revisions"}],"predecessor-version":[{"id":17368,"href":"https:\/\/blog.zeit.de\/zeit-der-leser\/wp-json\/wp\/v2\/posts\/10596\/revisions\/17368"}],"wp:attachment":[{"href":"https:\/\/blog.zeit.de\/zeit-der-leser\/wp-json\/wp\/v2\/media?parent=10596"}],"wp:term":[{"taxonomy":"category","embeddable":true,"href":"https:\/\/blog.zeit.de\/zeit-der-leser\/wp-json\/wp\/v2\/categories?post=10596"},{"taxonomy":"post_tag","embeddable":true,"href":"https:\/\/blog.zeit.de\/zeit-der-leser\/wp-json\/wp\/v2\/tags?post=10596"}],"curies":[{"name":"wp","href":"https:\/\/api.w.org\/{rel}","templated":true}]}}