{"id":10819,"date":"2012-09-06T18:00:14","date_gmt":"2012-09-06T16:00:14","guid":{"rendered":"http:\/\/blog.zeit.de\/zeit-der-leser\/?p=10819"},"modified":"2012-08-29T18:08:31","modified_gmt":"2012-08-29T16:08:31","slug":"zeitsprung-71","status":"publish","type":"post","link":"https:\/\/blog.zeit.de\/zeit-der-leser\/2012\/09\/06\/zeitsprung-71\/","title":{"rendered":"Zeitsprung"},"content":{"rendered":"<p><a href=\"https:\/\/blog.zeit.de\/zeit-der-leser\/files\/2012\/08\/s90-zeitsprung-1.jpg\"><img loading=\"lazy\" decoding=\"async\" class=\"alignleft size-full wp-image-10820\" src=\"https:\/\/blog.zeit.de\/zeit-der-leser\/files\/2012\/08\/s90-zeitsprung-1.jpg\" alt=\"\" width=\"540\" height=\"367\" srcset=\"https:\/\/blog.zeit.de\/zeit-der-leser\/files\/2012\/08\/s90-zeitsprung-1.jpg 540w, https:\/\/blog.zeit.de\/zeit-der-leser\/files\/2012\/08\/s90-zeitsprung-1-300x203.jpg 300w\" sizes=\"auto, (max-width: 540px) 100vw, 540px\" \/><\/a><\/p>\n<p><a href=\"https:\/\/blog.zeit.de\/zeit-der-leser\/files\/2012\/08\/s90-zeitsprung-2.jpg\"><img loading=\"lazy\" decoding=\"async\" class=\"alignleft size-full wp-image-10821\" src=\"https:\/\/blog.zeit.de\/zeit-der-leser\/files\/2012\/08\/s90-zeitsprung-2.jpg\" alt=\"\" width=\"540\" height=\"367\" srcset=\"https:\/\/blog.zeit.de\/zeit-der-leser\/files\/2012\/08\/s90-zeitsprung-2.jpg 540w, https:\/\/blog.zeit.de\/zeit-der-leser\/files\/2012\/08\/s90-zeitsprung-2-300x203.jpg 300w\" sizes=\"auto, (max-width: 540px) 100vw, 540px\" \/><\/a><\/p>\n<p>Nach dem Krieg waren meine Eltern nach L\u00f6rrach an die Schweizer Grenze gezogen. Die ersten Jahre waren schwer, aber im Jahre 1954 konnten wir zum ersten Mal einen Sommerurlaub planen. Freunde meiner Eltern hatten einen VW K\u00e4fer , einen sogenannten Brezelk\u00e4fer. Mit diesem Gef\u00e4hrt fuhren wir im August 1954 zu sechst (vier Erwachsene,\u00a0mein 15-j\u00e4hriger Bruder und ich mit meinen acht Jahren) samt Gep\u00e4ck ins zirka 160 Kilometer entfernte Adelboden im Berner Oberland. In einem gemieteten Chalet verbrachten wir zwei Wochen. Auf dem Foto von 1954 ist dieses Chalet zu sehen mit meiner Mutter links davor auf der Wiese. 54 Jahre sp\u00e4ter war ich erneut in Adelboden, und meine Frau machte ein Foto mit mir an der Stelle, an der damals meine Mutter sa\u00df. Wie wundersch\u00f6n ist es, dass es noch Pl\u00e4tze in unseren Breiten gibt, die sich in einem halben Jahrhundert so gut wie nicht ver\u00e4ndert haben!<\/p>\n<p><strong>Winfried Burgert<\/strong>, Ingolstadt<\/p>\n","protected":false},"excerpt":{"rendered":"<p>Nach dem Krieg waren meine Eltern nach L\u00f6rrach an die Schweizer Grenze gezogen. Die ersten Jahre waren schwer, aber im Jahre 1954 konnten wir zum ersten Mal einen Sommerurlaub planen. Freunde meiner Eltern hatten einen VW K\u00e4fer , einen sogenannten Brezelk\u00e4fer. Mit diesem Gef\u00e4hrt fuhren wir im August 1954 zu sechst (vier Erwachsene,\u00a0mein 15-j\u00e4hriger Bruder [&hellip;]<\/p>\n","protected":false},"author":265,"featured_media":0,"comment_status":"open","ping_status":"open","sticky":false,"template":"","format":"standard","meta":{"_jetpack_memberships_contains_paid_content":false,"footnotes":""},"categories":[1878],"tags":[],"class_list":["post-10819","post","type-post","status-publish","format-standard","hentry","category-zeitsprung"],"yoast_head":"<!-- This site is optimized with the Yoast SEO plugin v21.0 - https:\/\/yoast.com\/wordpress\/plugins\/seo\/ -->\n<title>Zeitsprung - ZEIT der Leser<\/title>\n<meta name=\"robots\" content=\"index, follow, max-snippet:-1, max-image-preview:large, max-video-preview:-1\" \/>\n<link rel=\"canonical\" href=\"https:\/\/blog.zeit.de\/zeit-der-leser\/2012\/09\/06\/zeitsprung-71\/\" \/>\n<meta property=\"og:locale\" content=\"de_DE\" \/>\n<meta property=\"og:type\" content=\"article\" \/>\n<meta property=\"og:title\" content=\"Zeitsprung - ZEIT der Leser\" \/>\n<meta property=\"og:description\" content=\"Nach dem Krieg waren meine Eltern nach L\u00f6rrach an die Schweizer Grenze gezogen. Die ersten Jahre waren schwer, aber im Jahre 1954 konnten wir zum ersten Mal einen Sommerurlaub planen. Freunde meiner Eltern hatten einen VW K\u00e4fer , einen sogenannten Brezelk\u00e4fer. Mit diesem Gef\u00e4hrt fuhren wir im August 1954 zu sechst (vier Erwachsene,\u00a0mein 15-j\u00e4hriger Bruder [&hellip;]\" \/>\n<meta property=\"og:url\" content=\"https:\/\/blog.zeit.de\/zeit-der-leser\/2012\/09\/06\/zeitsprung-71\/\" \/>\n<meta property=\"og:site_name\" content=\"ZEIT der Leser\" \/>\n<meta property=\"article:published_time\" content=\"2012-09-06T16:00:14+00:00\" \/>\n<meta property=\"article:modified_time\" content=\"2012-08-29T16:08:31+00:00\" \/>\n<meta property=\"og:image\" content=\"https:\/\/blog.zeit.de\/zeit-der-leser\/files\/2012\/08\/s90-zeitsprung-1.jpg\" \/>\n<meta name=\"author\" content=\"&quot;Zeit der Leser&quot;-Redaktion\" \/>\n<meta name=\"twitter:card\" content=\"summary_large_image\" \/>\n<meta name=\"twitter:label1\" content=\"Geschrieben von\" \/>\n\t<meta name=\"twitter:data1\" content=\"\"Zeit der Leser\"-Redaktion\" \/>\n\t<meta name=\"twitter:label2\" content=\"Gesch\u00e4tzte Lesezeit\" \/>\n\t<meta name=\"twitter:data2\" content=\"1\u00a0Minute\" \/>\n<script type=\"application\/ld+json\" class=\"yoast-schema-graph\">{\"@context\":\"https:\/\/schema.org\",\"@graph\":[{\"@type\":\"WebPage\",\"@id\":\"https:\/\/blog.zeit.de\/zeit-der-leser\/2012\/09\/06\/zeitsprung-71\/\",\"url\":\"https:\/\/blog.zeit.de\/zeit-der-leser\/2012\/09\/06\/zeitsprung-71\/\",\"name\":\"Zeitsprung - ZEIT der Leser\",\"isPartOf\":{\"@id\":\"https:\/\/blog.zeit.de\/zeit-der-leser\/#website\"},\"datePublished\":\"2012-09-06T16:00:14+00:00\",\"dateModified\":\"2012-08-29T16:08:31+00:00\",\"author\":{\"@id\":\"https:\/\/blog.zeit.de\/zeit-der-leser\/#\/schema\/person\/583b14e5ad6368c23af846ecbde9f20f\"},\"breadcrumb\":{\"@id\":\"https:\/\/blog.zeit.de\/zeit-der-leser\/2012\/09\/06\/zeitsprung-71\/#breadcrumb\"},\"inLanguage\":\"de\",\"potentialAction\":[{\"@type\":\"ReadAction\",\"target\":[\"https:\/\/blog.zeit.de\/zeit-der-leser\/2012\/09\/06\/zeitsprung-71\/\"]}]},{\"@type\":\"BreadcrumbList\",\"@id\":\"https:\/\/blog.zeit.de\/zeit-der-leser\/2012\/09\/06\/zeitsprung-71\/#breadcrumb\",\"itemListElement\":[{\"@type\":\"ListItem\",\"position\":1,\"name\":\"Startseite\",\"item\":\"https:\/\/blog.zeit.de\/zeit-der-leser\/\"},{\"@type\":\"ListItem\",\"position\":2,\"name\":\"Zeitsprung\"}]},{\"@type\":\"WebSite\",\"@id\":\"https:\/\/blog.zeit.de\/zeit-der-leser\/#website\",\"url\":\"https:\/\/blog.zeit.de\/zeit-der-leser\/\",\"name\":\"ZEIT der Leser\",\"description\":\"Ein Blog mit Ihren Notizen, Gedichten und Bildern f\u00fcr die gedruckte ZEIT\",\"potentialAction\":[{\"@type\":\"SearchAction\",\"target\":{\"@type\":\"EntryPoint\",\"urlTemplate\":\"https:\/\/blog.zeit.de\/zeit-der-leser\/?s={search_term_string}\"},\"query-input\":\"required name=search_term_string\"}],\"inLanguage\":\"de\"},{\"@type\":\"Person\",\"@id\":\"https:\/\/blog.zeit.de\/zeit-der-leser\/#\/schema\/person\/583b14e5ad6368c23af846ecbde9f20f\",\"name\":\"\\\"Zeit der Leser\\\"-Redaktion\",\"image\":{\"@type\":\"ImageObject\",\"inLanguage\":\"de\",\"@id\":\"https:\/\/blog.zeit.de\/zeit-der-leser\/#\/schema\/person\/image\/\",\"url\":\"https:\/\/secure.gravatar.com\/avatar\/e801a681bd3bbf2345131a815930b48d9f8e0a94de1346b624840dc850f67ad0?s=96&d=mm&r=g\",\"contentUrl\":\"https:\/\/secure.gravatar.com\/avatar\/e801a681bd3bbf2345131a815930b48d9f8e0a94de1346b624840dc850f67ad0?s=96&d=mm&r=g\",\"caption\":\"\\\"Zeit der Leser\\\"-Redaktion\"},\"url\":\"https:\/\/blog.zeit.de\/zeit-der-leser\/author\/zeit-der-leser-redaktion\/\"}]}<\/script>\n<!-- \/ Yoast SEO plugin. -->","yoast_head_json":{"title":"Zeitsprung - ZEIT der Leser","robots":{"index":"index","follow":"follow","max-snippet":"max-snippet:-1","max-image-preview":"max-image-preview:large","max-video-preview":"max-video-preview:-1"},"canonical":"https:\/\/blog.zeit.de\/zeit-der-leser\/2012\/09\/06\/zeitsprung-71\/","og_locale":"de_DE","og_type":"article","og_title":"Zeitsprung - ZEIT der Leser","og_description":"Nach dem Krieg waren meine Eltern nach L\u00f6rrach an die Schweizer Grenze gezogen. Die ersten Jahre waren schwer, aber im Jahre 1954 konnten wir zum ersten Mal einen Sommerurlaub planen. Freunde meiner Eltern hatten einen VW K\u00e4fer , einen sogenannten Brezelk\u00e4fer. Mit diesem Gef\u00e4hrt fuhren wir im August 1954 zu sechst (vier Erwachsene,\u00a0mein 15-j\u00e4hriger Bruder [&hellip;]","og_url":"https:\/\/blog.zeit.de\/zeit-der-leser\/2012\/09\/06\/zeitsprung-71\/","og_site_name":"ZEIT der Leser","article_published_time":"2012-09-06T16:00:14+00:00","article_modified_time":"2012-08-29T16:08:31+00:00","og_image":[{"url":"https:\/\/blog.zeit.de\/zeit-der-leser\/files\/2012\/08\/s90-zeitsprung-1.jpg"}],"author":"\"Zeit der Leser\"-Redaktion","twitter_card":"summary_large_image","twitter_misc":{"Geschrieben von":"\"Zeit der Leser\"-Redaktion","Gesch\u00e4tzte Lesezeit":"1\u00a0Minute"},"schema":{"@context":"https:\/\/schema.org","@graph":[{"@type":"WebPage","@id":"https:\/\/blog.zeit.de\/zeit-der-leser\/2012\/09\/06\/zeitsprung-71\/","url":"https:\/\/blog.zeit.de\/zeit-der-leser\/2012\/09\/06\/zeitsprung-71\/","name":"Zeitsprung - ZEIT der Leser","isPartOf":{"@id":"https:\/\/blog.zeit.de\/zeit-der-leser\/#website"},"datePublished":"2012-09-06T16:00:14+00:00","dateModified":"2012-08-29T16:08:31+00:00","author":{"@id":"https:\/\/blog.zeit.de\/zeit-der-leser\/#\/schema\/person\/583b14e5ad6368c23af846ecbde9f20f"},"breadcrumb":{"@id":"https:\/\/blog.zeit.de\/zeit-der-leser\/2012\/09\/06\/zeitsprung-71\/#breadcrumb"},"inLanguage":"de","potentialAction":[{"@type":"ReadAction","target":["https:\/\/blog.zeit.de\/zeit-der-leser\/2012\/09\/06\/zeitsprung-71\/"]}]},{"@type":"BreadcrumbList","@id":"https:\/\/blog.zeit.de\/zeit-der-leser\/2012\/09\/06\/zeitsprung-71\/#breadcrumb","itemListElement":[{"@type":"ListItem","position":1,"name":"Startseite","item":"https:\/\/blog.zeit.de\/zeit-der-leser\/"},{"@type":"ListItem","position":2,"name":"Zeitsprung"}]},{"@type":"WebSite","@id":"https:\/\/blog.zeit.de\/zeit-der-leser\/#website","url":"https:\/\/blog.zeit.de\/zeit-der-leser\/","name":"ZEIT der Leser","description":"Ein Blog mit Ihren Notizen, Gedichten und Bildern f\u00fcr die gedruckte ZEIT","potentialAction":[{"@type":"SearchAction","target":{"@type":"EntryPoint","urlTemplate":"https:\/\/blog.zeit.de\/zeit-der-leser\/?s={search_term_string}"},"query-input":"required name=search_term_string"}],"inLanguage":"de"},{"@type":"Person","@id":"https:\/\/blog.zeit.de\/zeit-der-leser\/#\/schema\/person\/583b14e5ad6368c23af846ecbde9f20f","name":"\"Zeit der Leser\"-Redaktion","image":{"@type":"ImageObject","inLanguage":"de","@id":"https:\/\/blog.zeit.de\/zeit-der-leser\/#\/schema\/person\/image\/","url":"https:\/\/secure.gravatar.com\/avatar\/e801a681bd3bbf2345131a815930b48d9f8e0a94de1346b624840dc850f67ad0?s=96&d=mm&r=g","contentUrl":"https:\/\/secure.gravatar.com\/avatar\/e801a681bd3bbf2345131a815930b48d9f8e0a94de1346b624840dc850f67ad0?s=96&d=mm&r=g","caption":"\"Zeit der Leser\"-Redaktion"},"url":"https:\/\/blog.zeit.de\/zeit-der-leser\/author\/zeit-der-leser-redaktion\/"}]}},"jetpack_featured_media_url":"","jetpack_sharing_enabled":true,"_links":{"self":[{"href":"https:\/\/blog.zeit.de\/zeit-der-leser\/wp-json\/wp\/v2\/posts\/10819","targetHints":{"allow":["GET"]}}],"collection":[{"href":"https:\/\/blog.zeit.de\/zeit-der-leser\/wp-json\/wp\/v2\/posts"}],"about":[{"href":"https:\/\/blog.zeit.de\/zeit-der-leser\/wp-json\/wp\/v2\/types\/post"}],"author":[{"embeddable":true,"href":"https:\/\/blog.zeit.de\/zeit-der-leser\/wp-json\/wp\/v2\/users\/265"}],"replies":[{"embeddable":true,"href":"https:\/\/blog.zeit.de\/zeit-der-leser\/wp-json\/wp\/v2\/comments?post=10819"}],"version-history":[{"count":2,"href":"https:\/\/blog.zeit.de\/zeit-der-leser\/wp-json\/wp\/v2\/posts\/10819\/revisions"}],"predecessor-version":[{"id":10823,"href":"https:\/\/blog.zeit.de\/zeit-der-leser\/wp-json\/wp\/v2\/posts\/10819\/revisions\/10823"}],"wp:attachment":[{"href":"https:\/\/blog.zeit.de\/zeit-der-leser\/wp-json\/wp\/v2\/media?parent=10819"}],"wp:term":[{"taxonomy":"category","embeddable":true,"href":"https:\/\/blog.zeit.de\/zeit-der-leser\/wp-json\/wp\/v2\/categories?post=10819"},{"taxonomy":"post_tag","embeddable":true,"href":"https:\/\/blog.zeit.de\/zeit-der-leser\/wp-json\/wp\/v2\/tags?post=10819"}],"curies":[{"name":"wp","href":"https:\/\/api.w.org\/{rel}","templated":true}]}}