{"id":11085,"date":"2012-10-05T16:00:09","date_gmt":"2012-10-05T14:00:09","guid":{"rendered":"http:\/\/blog.zeit.de\/zeit-der-leser\/?p=11085"},"modified":"2012-10-04T15:57:33","modified_gmt":"2012-10-04T13:57:33","slug":"das-ist-mein-ding-13","status":"publish","type":"post","link":"https:\/\/blog.zeit.de\/zeit-der-leser\/2012\/10\/05\/das-ist-mein-ding-13\/","title":{"rendered":"Das ist mein Ding"},"content":{"rendered":"<p><a href=\"https:\/\/blog.zeit.de\/zeit-der-leser\/files\/2012\/10\/s104-mein-ding.jpg\"><img loading=\"lazy\" decoding=\"async\" class=\"alignleft size-full wp-image-11086\" src=\"https:\/\/blog.zeit.de\/zeit-der-leser\/files\/2012\/10\/s104-mein-ding.jpg\" alt=\"\" width=\"540\" height=\"321\" srcset=\"https:\/\/blog.zeit.de\/zeit-der-leser\/files\/2012\/10\/s104-mein-ding.jpg 540w, https:\/\/blog.zeit.de\/zeit-der-leser\/files\/2012\/10\/s104-mein-ding-300x178.jpg 300w\" sizes=\"auto, (max-width: 540px) 100vw, 540px\" \/><\/a><\/p>\n<p>Diese Lokomotive hat mich bis zum heutigen Tag immer und \u00fcberall begleitet. In meiner Kindheit wurde die Lok, zu der noch ein Wagen geh\u00f6rte, allerdings nur in \u00e4u\u00dferst seltenen F\u00e4llen zum Spielen \u00bbfreigegeben\u00ab und dann auch nur unter Mutters wachsamen Augen. Waren es doch die letzten Gegenst\u00e4nde, die unmittelbar von unseren Vater kamen und an ihn erinnerten. Wie unsere Mutter uns erz\u00e4hlte, hatte ihr Mann Lok und Wagen in den wenigen freien Zeiten des Russlandfeldzuges f\u00fcr seine Kinder geschnitzt, und sie erreichten uns, in einem Feldpost-Paket gut verpackt, auf beinahe wundersame Weise kurz vor Weihnachten 1943. Unser Vater geriet dann 1944 in rum\u00e4nische Gefangenschaft, galt als vermisst und starb vermutlich im darauf folgenden Winter in den endlosen Weiten Sibiriens.<\/p>\n<p>\u00dcber den Wert und die Bedeutung dieses Spielzeuges haben meine Schwester und ich als Kinder verst\u00e4ndlicherweise selten nachgedacht. Erst sp\u00e4ter bekam dieses Geschenk seinen beinahe reliquienhaften Charakter. Sicherlich wird diese Kostbarkeit wohl auch von den nachfolgenden Generationen beh\u00fctet und bewahrt werden, als Erinnerung an einen ungl\u00fccklichen Menschen, der damals in einem sinnlosen Krieg nicht nur sein Leben verlor.<\/p>\n<p><strong>Henning H. Drescher<\/strong>, Bad Arolsen, Hessen<\/p>\n","protected":false},"excerpt":{"rendered":"<p>Diese Lokomotive hat mich bis zum heutigen Tag immer und \u00fcberall begleitet. In meiner Kindheit wurde die Lok, zu der noch ein Wagen geh\u00f6rte, allerdings nur in \u00e4u\u00dferst seltenen F\u00e4llen zum Spielen \u00bbfreigegeben\u00ab und dann auch nur unter Mutters wachsamen Augen. Waren es doch die letzten Gegenst\u00e4nde, die unmittelbar von unseren Vater kamen und an [&hellip;]<\/p>\n","protected":false},"author":265,"featured_media":0,"comment_status":"open","ping_status":"open","sticky":false,"template":"","format":"standard","meta":{"_jetpack_memberships_contains_paid_content":false,"footnotes":""},"categories":[5689],"tags":[],"class_list":["post-11085","post","type-post","status-publish","format-standard","hentry","category-mein-ding"],"yoast_head":"<!-- This site is optimized with the Yoast SEO plugin v21.0 - https:\/\/yoast.com\/wordpress\/plugins\/seo\/ -->\n<title>Das ist mein Ding - ZEIT der Leser<\/title>\n<meta name=\"robots\" content=\"index, follow, max-snippet:-1, max-image-preview:large, max-video-preview:-1\" \/>\n<link rel=\"canonical\" href=\"https:\/\/blog.zeit.de\/zeit-der-leser\/2012\/10\/05\/das-ist-mein-ding-13\/\" \/>\n<meta property=\"og:locale\" content=\"de_DE\" \/>\n<meta property=\"og:type\" content=\"article\" \/>\n<meta property=\"og:title\" content=\"Das ist mein Ding - ZEIT der Leser\" \/>\n<meta property=\"og:description\" content=\"Diese Lokomotive hat mich bis zum heutigen Tag immer und \u00fcberall begleitet. In meiner Kindheit wurde die Lok, zu der noch ein Wagen geh\u00f6rte, allerdings nur in \u00e4u\u00dferst seltenen F\u00e4llen zum Spielen \u00bbfreigegeben\u00ab und dann auch nur unter Mutters wachsamen Augen. Waren es doch die letzten Gegenst\u00e4nde, die unmittelbar von unseren Vater kamen und an [&hellip;]\" \/>\n<meta property=\"og:url\" content=\"https:\/\/blog.zeit.de\/zeit-der-leser\/2012\/10\/05\/das-ist-mein-ding-13\/\" \/>\n<meta property=\"og:site_name\" content=\"ZEIT der Leser\" \/>\n<meta property=\"article:published_time\" content=\"2012-10-05T14:00:09+00:00\" \/>\n<meta property=\"article:modified_time\" content=\"2012-10-04T13:57:33+00:00\" \/>\n<meta property=\"og:image\" content=\"https:\/\/blog.zeit.de\/zeit-der-leser\/files\/2012\/10\/s104-mein-ding.jpg\" \/>\n<meta name=\"author\" content=\"&quot;Zeit der Leser&quot;-Redaktion\" \/>\n<meta name=\"twitter:card\" content=\"summary_large_image\" \/>\n<meta name=\"twitter:label1\" content=\"Geschrieben von\" \/>\n\t<meta name=\"twitter:data1\" content=\"\"Zeit der Leser\"-Redaktion\" \/>\n\t<meta name=\"twitter:label2\" content=\"Gesch\u00e4tzte Lesezeit\" \/>\n\t<meta name=\"twitter:data2\" content=\"1\u00a0Minute\" \/>\n<script type=\"application\/ld+json\" class=\"yoast-schema-graph\">{\"@context\":\"https:\/\/schema.org\",\"@graph\":[{\"@type\":\"WebPage\",\"@id\":\"https:\/\/blog.zeit.de\/zeit-der-leser\/2012\/10\/05\/das-ist-mein-ding-13\/\",\"url\":\"https:\/\/blog.zeit.de\/zeit-der-leser\/2012\/10\/05\/das-ist-mein-ding-13\/\",\"name\":\"Das ist mein Ding - ZEIT der Leser\",\"isPartOf\":{\"@id\":\"https:\/\/blog.zeit.de\/zeit-der-leser\/#website\"},\"datePublished\":\"2012-10-05T14:00:09+00:00\",\"dateModified\":\"2012-10-04T13:57:33+00:00\",\"author\":{\"@id\":\"https:\/\/blog.zeit.de\/zeit-der-leser\/#\/schema\/person\/583b14e5ad6368c23af846ecbde9f20f\"},\"breadcrumb\":{\"@id\":\"https:\/\/blog.zeit.de\/zeit-der-leser\/2012\/10\/05\/das-ist-mein-ding-13\/#breadcrumb\"},\"inLanguage\":\"de\",\"potentialAction\":[{\"@type\":\"ReadAction\",\"target\":[\"https:\/\/blog.zeit.de\/zeit-der-leser\/2012\/10\/05\/das-ist-mein-ding-13\/\"]}]},{\"@type\":\"BreadcrumbList\",\"@id\":\"https:\/\/blog.zeit.de\/zeit-der-leser\/2012\/10\/05\/das-ist-mein-ding-13\/#breadcrumb\",\"itemListElement\":[{\"@type\":\"ListItem\",\"position\":1,\"name\":\"Startseite\",\"item\":\"https:\/\/blog.zeit.de\/zeit-der-leser\/\"},{\"@type\":\"ListItem\",\"position\":2,\"name\":\"Das ist mein Ding\"}]},{\"@type\":\"WebSite\",\"@id\":\"https:\/\/blog.zeit.de\/zeit-der-leser\/#website\",\"url\":\"https:\/\/blog.zeit.de\/zeit-der-leser\/\",\"name\":\"ZEIT der Leser\",\"description\":\"Ein Blog mit Ihren Notizen, Gedichten und Bildern f\u00fcr die gedruckte ZEIT\",\"potentialAction\":[{\"@type\":\"SearchAction\",\"target\":{\"@type\":\"EntryPoint\",\"urlTemplate\":\"https:\/\/blog.zeit.de\/zeit-der-leser\/?s={search_term_string}\"},\"query-input\":\"required name=search_term_string\"}],\"inLanguage\":\"de\"},{\"@type\":\"Person\",\"@id\":\"https:\/\/blog.zeit.de\/zeit-der-leser\/#\/schema\/person\/583b14e5ad6368c23af846ecbde9f20f\",\"name\":\"\\\"Zeit der Leser\\\"-Redaktion\",\"image\":{\"@type\":\"ImageObject\",\"inLanguage\":\"de\",\"@id\":\"https:\/\/blog.zeit.de\/zeit-der-leser\/#\/schema\/person\/image\/\",\"url\":\"https:\/\/secure.gravatar.com\/avatar\/e801a681bd3bbf2345131a815930b48d9f8e0a94de1346b624840dc850f67ad0?s=96&d=mm&r=g\",\"contentUrl\":\"https:\/\/secure.gravatar.com\/avatar\/e801a681bd3bbf2345131a815930b48d9f8e0a94de1346b624840dc850f67ad0?s=96&d=mm&r=g\",\"caption\":\"\\\"Zeit der Leser\\\"-Redaktion\"},\"url\":\"https:\/\/blog.zeit.de\/zeit-der-leser\/author\/zeit-der-leser-redaktion\/\"}]}<\/script>\n<!-- \/ Yoast SEO plugin. -->","yoast_head_json":{"title":"Das ist mein Ding - ZEIT der Leser","robots":{"index":"index","follow":"follow","max-snippet":"max-snippet:-1","max-image-preview":"max-image-preview:large","max-video-preview":"max-video-preview:-1"},"canonical":"https:\/\/blog.zeit.de\/zeit-der-leser\/2012\/10\/05\/das-ist-mein-ding-13\/","og_locale":"de_DE","og_type":"article","og_title":"Das ist mein Ding - ZEIT der Leser","og_description":"Diese Lokomotive hat mich bis zum heutigen Tag immer und \u00fcberall begleitet. In meiner Kindheit wurde die Lok, zu der noch ein Wagen geh\u00f6rte, allerdings nur in \u00e4u\u00dferst seltenen F\u00e4llen zum Spielen \u00bbfreigegeben\u00ab und dann auch nur unter Mutters wachsamen Augen. Waren es doch die letzten Gegenst\u00e4nde, die unmittelbar von unseren Vater kamen und an [&hellip;]","og_url":"https:\/\/blog.zeit.de\/zeit-der-leser\/2012\/10\/05\/das-ist-mein-ding-13\/","og_site_name":"ZEIT der Leser","article_published_time":"2012-10-05T14:00:09+00:00","article_modified_time":"2012-10-04T13:57:33+00:00","og_image":[{"url":"https:\/\/blog.zeit.de\/zeit-der-leser\/files\/2012\/10\/s104-mein-ding.jpg"}],"author":"\"Zeit der Leser\"-Redaktion","twitter_card":"summary_large_image","twitter_misc":{"Geschrieben von":"\"Zeit der Leser\"-Redaktion","Gesch\u00e4tzte Lesezeit":"1\u00a0Minute"},"schema":{"@context":"https:\/\/schema.org","@graph":[{"@type":"WebPage","@id":"https:\/\/blog.zeit.de\/zeit-der-leser\/2012\/10\/05\/das-ist-mein-ding-13\/","url":"https:\/\/blog.zeit.de\/zeit-der-leser\/2012\/10\/05\/das-ist-mein-ding-13\/","name":"Das ist mein Ding - ZEIT der Leser","isPartOf":{"@id":"https:\/\/blog.zeit.de\/zeit-der-leser\/#website"},"datePublished":"2012-10-05T14:00:09+00:00","dateModified":"2012-10-04T13:57:33+00:00","author":{"@id":"https:\/\/blog.zeit.de\/zeit-der-leser\/#\/schema\/person\/583b14e5ad6368c23af846ecbde9f20f"},"breadcrumb":{"@id":"https:\/\/blog.zeit.de\/zeit-der-leser\/2012\/10\/05\/das-ist-mein-ding-13\/#breadcrumb"},"inLanguage":"de","potentialAction":[{"@type":"ReadAction","target":["https:\/\/blog.zeit.de\/zeit-der-leser\/2012\/10\/05\/das-ist-mein-ding-13\/"]}]},{"@type":"BreadcrumbList","@id":"https:\/\/blog.zeit.de\/zeit-der-leser\/2012\/10\/05\/das-ist-mein-ding-13\/#breadcrumb","itemListElement":[{"@type":"ListItem","position":1,"name":"Startseite","item":"https:\/\/blog.zeit.de\/zeit-der-leser\/"},{"@type":"ListItem","position":2,"name":"Das ist mein Ding"}]},{"@type":"WebSite","@id":"https:\/\/blog.zeit.de\/zeit-der-leser\/#website","url":"https:\/\/blog.zeit.de\/zeit-der-leser\/","name":"ZEIT der Leser","description":"Ein Blog mit Ihren Notizen, Gedichten und Bildern f\u00fcr die gedruckte ZEIT","potentialAction":[{"@type":"SearchAction","target":{"@type":"EntryPoint","urlTemplate":"https:\/\/blog.zeit.de\/zeit-der-leser\/?s={search_term_string}"},"query-input":"required name=search_term_string"}],"inLanguage":"de"},{"@type":"Person","@id":"https:\/\/blog.zeit.de\/zeit-der-leser\/#\/schema\/person\/583b14e5ad6368c23af846ecbde9f20f","name":"\"Zeit der Leser\"-Redaktion","image":{"@type":"ImageObject","inLanguage":"de","@id":"https:\/\/blog.zeit.de\/zeit-der-leser\/#\/schema\/person\/image\/","url":"https:\/\/secure.gravatar.com\/avatar\/e801a681bd3bbf2345131a815930b48d9f8e0a94de1346b624840dc850f67ad0?s=96&d=mm&r=g","contentUrl":"https:\/\/secure.gravatar.com\/avatar\/e801a681bd3bbf2345131a815930b48d9f8e0a94de1346b624840dc850f67ad0?s=96&d=mm&r=g","caption":"\"Zeit der Leser\"-Redaktion"},"url":"https:\/\/blog.zeit.de\/zeit-der-leser\/author\/zeit-der-leser-redaktion\/"}]}},"jetpack_featured_media_url":"","jetpack_sharing_enabled":true,"_links":{"self":[{"href":"https:\/\/blog.zeit.de\/zeit-der-leser\/wp-json\/wp\/v2\/posts\/11085","targetHints":{"allow":["GET"]}}],"collection":[{"href":"https:\/\/blog.zeit.de\/zeit-der-leser\/wp-json\/wp\/v2\/posts"}],"about":[{"href":"https:\/\/blog.zeit.de\/zeit-der-leser\/wp-json\/wp\/v2\/types\/post"}],"author":[{"embeddable":true,"href":"https:\/\/blog.zeit.de\/zeit-der-leser\/wp-json\/wp\/v2\/users\/265"}],"replies":[{"embeddable":true,"href":"https:\/\/blog.zeit.de\/zeit-der-leser\/wp-json\/wp\/v2\/comments?post=11085"}],"version-history":[{"count":2,"href":"https:\/\/blog.zeit.de\/zeit-der-leser\/wp-json\/wp\/v2\/posts\/11085\/revisions"}],"predecessor-version":[{"id":11088,"href":"https:\/\/blog.zeit.de\/zeit-der-leser\/wp-json\/wp\/v2\/posts\/11085\/revisions\/11088"}],"wp:attachment":[{"href":"https:\/\/blog.zeit.de\/zeit-der-leser\/wp-json\/wp\/v2\/media?parent=11085"}],"wp:term":[{"taxonomy":"category","embeddable":true,"href":"https:\/\/blog.zeit.de\/zeit-der-leser\/wp-json\/wp\/v2\/categories?post=11085"},{"taxonomy":"post_tag","embeddable":true,"href":"https:\/\/blog.zeit.de\/zeit-der-leser\/wp-json\/wp\/v2\/tags?post=11085"}],"curies":[{"name":"wp","href":"https:\/\/api.w.org\/{rel}","templated":true}]}}