{"id":11091,"date":"2012-10-06T12:00:40","date_gmt":"2012-10-06T10:00:40","guid":{"rendered":"http:\/\/blog.zeit.de\/zeit-der-leser\/?p=11091"},"modified":"2015-02-20T17:32:03","modified_gmt":"2015-02-20T16:32:03","slug":"mein-wort-schatz-namentlich","status":"publish","type":"post","link":"https:\/\/blog.zeit.de\/zeit-der-leser\/2012\/10\/06\/mein-wort-schatz-namentlich\/","title":{"rendered":"Namentlich: Mein Wort-Schatz"},"content":{"rendered":"<p>Mein Wort-Schatz lautet <strong>namentlich<\/strong>. Wie kommt ein nebens\u00e4chliches Adjektiv zu so hohen Ehren? Durch die hohe Lage, in der ich dieses Wort das erste Mal in seiner durchdringenden Wirkung erlebt habe:<\/p>\n<p>Beim Aufstieg zur Zugspitze durch das H\u00f6llental ist auf knapp 2.500 Metern H\u00f6he ein Schild angebracht. Es befindet (oder befand) sich an einer Stelle, an der fr\u00fcher der Weg vom Gletscher in den felsigen Kletterabschnitt \u00fcberging. Der Text: \u00bbWeg von hier noch m\u00fchsam und lang. 2 &#8211; 3 Stunden, f\u00fcr schw\u00e4chere G\u00e4nger mehr. Unge\u00fcbten sei der Aufstieg dringend widerraten, namentlich bei zweifelhaftem Wetter. Neuschnee, Wind und K\u00e4lte nehmen mit der H\u00f6he an St\u00e4rke zu und bringen schwere Gefahr.\u00ab Nie wurde mir eine Warnung eindringlicher nahegebracht. Es wird nicht die Worth\u00fclse \u00bbalpine Gefahren\u00ab bem\u00fcht, die Gefahren werden namentlich benannt. Ich wei\u00df nicht, ob das Schild noch existiert. Es h\u00e4tte nach wie vor seine Berechtigung. Aber der Gletscher ist stark geschmolzen, sein Ende und die Randkluft liegen in der Zwischenzeit wesentlich tiefer, und somit ist die \u00dcberschreitung des Blankeises mittlerweile die eigentlich gef\u00e4hrliche Stelle dieser Tour.<\/p>\n<p><strong>Renate Lugmeier<\/strong>,\u00a0Allershausen, Oberbayern<\/p>\n","protected":false},"excerpt":{"rendered":"<p>Mein Wort-Schatz lautet namentlich. Wie kommt ein nebens\u00e4chliches Adjektiv zu so hohen Ehren? Durch die hohe Lage, in der ich dieses Wort das erste Mal in seiner durchdringenden Wirkung erlebt habe: Beim Aufstieg zur Zugspitze durch das H\u00f6llental ist auf knapp 2.500 Metern H\u00f6he ein Schild angebracht. Es befindet (oder befand) sich an einer Stelle, [&hellip;]<\/p>\n","protected":false},"author":265,"featured_media":0,"comment_status":"open","ping_status":"open","sticky":false,"template":"","format":"standard","meta":{"_jetpack_memberships_contains_paid_content":false,"footnotes":""},"categories":[5687],"tags":[],"class_list":["post-11091","post","type-post","status-publish","format-standard","hentry","category-mein-wort-schatz"],"yoast_head":"<!-- This site is optimized with the Yoast SEO plugin v21.0 - https:\/\/yoast.com\/wordpress\/plugins\/seo\/ -->\n<title>Namentlich: Mein Wort-Schatz - ZEIT der Leser<\/title>\n<meta name=\"robots\" content=\"index, follow, max-snippet:-1, max-image-preview:large, max-video-preview:-1\" \/>\n<link rel=\"canonical\" href=\"https:\/\/blog.zeit.de\/zeit-der-leser\/2012\/10\/06\/mein-wort-schatz-namentlich\/\" \/>\n<meta property=\"og:locale\" content=\"de_DE\" \/>\n<meta property=\"og:type\" content=\"article\" \/>\n<meta property=\"og:title\" content=\"Namentlich: Mein Wort-Schatz - ZEIT der Leser\" \/>\n<meta property=\"og:description\" content=\"Mein Wort-Schatz lautet namentlich. Wie kommt ein nebens\u00e4chliches Adjektiv zu so hohen Ehren? Durch die hohe Lage, in der ich dieses Wort das erste Mal in seiner durchdringenden Wirkung erlebt habe: Beim Aufstieg zur Zugspitze durch das H\u00f6llental ist auf knapp 2.500 Metern H\u00f6he ein Schild angebracht. Es befindet (oder befand) sich an einer Stelle, [&hellip;]\" \/>\n<meta property=\"og:url\" content=\"https:\/\/blog.zeit.de\/zeit-der-leser\/2012\/10\/06\/mein-wort-schatz-namentlich\/\" \/>\n<meta property=\"og:site_name\" content=\"ZEIT der Leser\" \/>\n<meta property=\"article:published_time\" content=\"2012-10-06T10:00:40+00:00\" \/>\n<meta property=\"article:modified_time\" content=\"2015-02-20T16:32:03+00:00\" \/>\n<meta name=\"author\" content=\"&quot;Zeit der Leser&quot;-Redaktion\" \/>\n<meta name=\"twitter:card\" content=\"summary_large_image\" \/>\n<meta name=\"twitter:label1\" content=\"Geschrieben von\" \/>\n\t<meta name=\"twitter:data1\" content=\"\"Zeit der Leser\"-Redaktion\" \/>\n\t<meta name=\"twitter:label2\" content=\"Gesch\u00e4tzte Lesezeit\" \/>\n\t<meta name=\"twitter:data2\" content=\"1\u00a0Minute\" \/>\n<script type=\"application\/ld+json\" class=\"yoast-schema-graph\">{\"@context\":\"https:\/\/schema.org\",\"@graph\":[{\"@type\":\"WebPage\",\"@id\":\"https:\/\/blog.zeit.de\/zeit-der-leser\/2012\/10\/06\/mein-wort-schatz-namentlich\/\",\"url\":\"https:\/\/blog.zeit.de\/zeit-der-leser\/2012\/10\/06\/mein-wort-schatz-namentlich\/\",\"name\":\"Namentlich: Mein Wort-Schatz - ZEIT der Leser\",\"isPartOf\":{\"@id\":\"https:\/\/blog.zeit.de\/zeit-der-leser\/#website\"},\"datePublished\":\"2012-10-06T10:00:40+00:00\",\"dateModified\":\"2015-02-20T16:32:03+00:00\",\"author\":{\"@id\":\"https:\/\/blog.zeit.de\/zeit-der-leser\/#\/schema\/person\/583b14e5ad6368c23af846ecbde9f20f\"},\"breadcrumb\":{\"@id\":\"https:\/\/blog.zeit.de\/zeit-der-leser\/2012\/10\/06\/mein-wort-schatz-namentlich\/#breadcrumb\"},\"inLanguage\":\"de\",\"potentialAction\":[{\"@type\":\"ReadAction\",\"target\":[\"https:\/\/blog.zeit.de\/zeit-der-leser\/2012\/10\/06\/mein-wort-schatz-namentlich\/\"]}]},{\"@type\":\"BreadcrumbList\",\"@id\":\"https:\/\/blog.zeit.de\/zeit-der-leser\/2012\/10\/06\/mein-wort-schatz-namentlich\/#breadcrumb\",\"itemListElement\":[{\"@type\":\"ListItem\",\"position\":1,\"name\":\"Startseite\",\"item\":\"https:\/\/blog.zeit.de\/zeit-der-leser\/\"},{\"@type\":\"ListItem\",\"position\":2,\"name\":\"Namentlich: Mein Wort-Schatz\"}]},{\"@type\":\"WebSite\",\"@id\":\"https:\/\/blog.zeit.de\/zeit-der-leser\/#website\",\"url\":\"https:\/\/blog.zeit.de\/zeit-der-leser\/\",\"name\":\"ZEIT der Leser\",\"description\":\"Ein Blog mit Ihren Notizen, Gedichten und Bildern f\u00fcr die gedruckte ZEIT\",\"potentialAction\":[{\"@type\":\"SearchAction\",\"target\":{\"@type\":\"EntryPoint\",\"urlTemplate\":\"https:\/\/blog.zeit.de\/zeit-der-leser\/?s={search_term_string}\"},\"query-input\":\"required name=search_term_string\"}],\"inLanguage\":\"de\"},{\"@type\":\"Person\",\"@id\":\"https:\/\/blog.zeit.de\/zeit-der-leser\/#\/schema\/person\/583b14e5ad6368c23af846ecbde9f20f\",\"name\":\"\\\"Zeit der Leser\\\"-Redaktion\",\"image\":{\"@type\":\"ImageObject\",\"inLanguage\":\"de\",\"@id\":\"https:\/\/blog.zeit.de\/zeit-der-leser\/#\/schema\/person\/image\/\",\"url\":\"https:\/\/secure.gravatar.com\/avatar\/e801a681bd3bbf2345131a815930b48d9f8e0a94de1346b624840dc850f67ad0?s=96&d=mm&r=g\",\"contentUrl\":\"https:\/\/secure.gravatar.com\/avatar\/e801a681bd3bbf2345131a815930b48d9f8e0a94de1346b624840dc850f67ad0?s=96&d=mm&r=g\",\"caption\":\"\\\"Zeit der Leser\\\"-Redaktion\"},\"url\":\"https:\/\/blog.zeit.de\/zeit-der-leser\/author\/zeit-der-leser-redaktion\/\"}]}<\/script>\n<!-- \/ Yoast SEO plugin. -->","yoast_head_json":{"title":"Namentlich: Mein Wort-Schatz - ZEIT der Leser","robots":{"index":"index","follow":"follow","max-snippet":"max-snippet:-1","max-image-preview":"max-image-preview:large","max-video-preview":"max-video-preview:-1"},"canonical":"https:\/\/blog.zeit.de\/zeit-der-leser\/2012\/10\/06\/mein-wort-schatz-namentlich\/","og_locale":"de_DE","og_type":"article","og_title":"Namentlich: Mein Wort-Schatz - ZEIT der Leser","og_description":"Mein Wort-Schatz lautet namentlich. Wie kommt ein nebens\u00e4chliches Adjektiv zu so hohen Ehren? Durch die hohe Lage, in der ich dieses Wort das erste Mal in seiner durchdringenden Wirkung erlebt habe: Beim Aufstieg zur Zugspitze durch das H\u00f6llental ist auf knapp 2.500 Metern H\u00f6he ein Schild angebracht. Es befindet (oder befand) sich an einer Stelle, [&hellip;]","og_url":"https:\/\/blog.zeit.de\/zeit-der-leser\/2012\/10\/06\/mein-wort-schatz-namentlich\/","og_site_name":"ZEIT der Leser","article_published_time":"2012-10-06T10:00:40+00:00","article_modified_time":"2015-02-20T16:32:03+00:00","author":"\"Zeit der Leser\"-Redaktion","twitter_card":"summary_large_image","twitter_misc":{"Geschrieben von":"\"Zeit der Leser\"-Redaktion","Gesch\u00e4tzte Lesezeit":"1\u00a0Minute"},"schema":{"@context":"https:\/\/schema.org","@graph":[{"@type":"WebPage","@id":"https:\/\/blog.zeit.de\/zeit-der-leser\/2012\/10\/06\/mein-wort-schatz-namentlich\/","url":"https:\/\/blog.zeit.de\/zeit-der-leser\/2012\/10\/06\/mein-wort-schatz-namentlich\/","name":"Namentlich: Mein Wort-Schatz - ZEIT der Leser","isPartOf":{"@id":"https:\/\/blog.zeit.de\/zeit-der-leser\/#website"},"datePublished":"2012-10-06T10:00:40+00:00","dateModified":"2015-02-20T16:32:03+00:00","author":{"@id":"https:\/\/blog.zeit.de\/zeit-der-leser\/#\/schema\/person\/583b14e5ad6368c23af846ecbde9f20f"},"breadcrumb":{"@id":"https:\/\/blog.zeit.de\/zeit-der-leser\/2012\/10\/06\/mein-wort-schatz-namentlich\/#breadcrumb"},"inLanguage":"de","potentialAction":[{"@type":"ReadAction","target":["https:\/\/blog.zeit.de\/zeit-der-leser\/2012\/10\/06\/mein-wort-schatz-namentlich\/"]}]},{"@type":"BreadcrumbList","@id":"https:\/\/blog.zeit.de\/zeit-der-leser\/2012\/10\/06\/mein-wort-schatz-namentlich\/#breadcrumb","itemListElement":[{"@type":"ListItem","position":1,"name":"Startseite","item":"https:\/\/blog.zeit.de\/zeit-der-leser\/"},{"@type":"ListItem","position":2,"name":"Namentlich: Mein Wort-Schatz"}]},{"@type":"WebSite","@id":"https:\/\/blog.zeit.de\/zeit-der-leser\/#website","url":"https:\/\/blog.zeit.de\/zeit-der-leser\/","name":"ZEIT der Leser","description":"Ein Blog mit Ihren Notizen, Gedichten und Bildern f\u00fcr die gedruckte ZEIT","potentialAction":[{"@type":"SearchAction","target":{"@type":"EntryPoint","urlTemplate":"https:\/\/blog.zeit.de\/zeit-der-leser\/?s={search_term_string}"},"query-input":"required name=search_term_string"}],"inLanguage":"de"},{"@type":"Person","@id":"https:\/\/blog.zeit.de\/zeit-der-leser\/#\/schema\/person\/583b14e5ad6368c23af846ecbde9f20f","name":"\"Zeit der Leser\"-Redaktion","image":{"@type":"ImageObject","inLanguage":"de","@id":"https:\/\/blog.zeit.de\/zeit-der-leser\/#\/schema\/person\/image\/","url":"https:\/\/secure.gravatar.com\/avatar\/e801a681bd3bbf2345131a815930b48d9f8e0a94de1346b624840dc850f67ad0?s=96&d=mm&r=g","contentUrl":"https:\/\/secure.gravatar.com\/avatar\/e801a681bd3bbf2345131a815930b48d9f8e0a94de1346b624840dc850f67ad0?s=96&d=mm&r=g","caption":"\"Zeit der Leser\"-Redaktion"},"url":"https:\/\/blog.zeit.de\/zeit-der-leser\/author\/zeit-der-leser-redaktion\/"}]}},"jetpack_featured_media_url":"","jetpack_sharing_enabled":true,"_links":{"self":[{"href":"https:\/\/blog.zeit.de\/zeit-der-leser\/wp-json\/wp\/v2\/posts\/11091","targetHints":{"allow":["GET"]}}],"collection":[{"href":"https:\/\/blog.zeit.de\/zeit-der-leser\/wp-json\/wp\/v2\/posts"}],"about":[{"href":"https:\/\/blog.zeit.de\/zeit-der-leser\/wp-json\/wp\/v2\/types\/post"}],"author":[{"embeddable":true,"href":"https:\/\/blog.zeit.de\/zeit-der-leser\/wp-json\/wp\/v2\/users\/265"}],"replies":[{"embeddable":true,"href":"https:\/\/blog.zeit.de\/zeit-der-leser\/wp-json\/wp\/v2\/comments?post=11091"}],"version-history":[{"count":5,"href":"https:\/\/blog.zeit.de\/zeit-der-leser\/wp-json\/wp\/v2\/posts\/11091\/revisions"}],"predecessor-version":[{"id":19734,"href":"https:\/\/blog.zeit.de\/zeit-der-leser\/wp-json\/wp\/v2\/posts\/11091\/revisions\/19734"}],"wp:attachment":[{"href":"https:\/\/blog.zeit.de\/zeit-der-leser\/wp-json\/wp\/v2\/media?parent=11091"}],"wp:term":[{"taxonomy":"category","embeddable":true,"href":"https:\/\/blog.zeit.de\/zeit-der-leser\/wp-json\/wp\/v2\/categories?post=11091"},{"taxonomy":"post_tag","embeddable":true,"href":"https:\/\/blog.zeit.de\/zeit-der-leser\/wp-json\/wp\/v2\/tags?post=11091"}],"curies":[{"name":"wp","href":"https:\/\/api.w.org\/{rel}","templated":true}]}}