{"id":11248,"date":"2012-10-22T12:00:12","date_gmt":"2012-10-22T10:00:12","guid":{"rendered":"http:\/\/blog.zeit.de\/zeit-der-leser\/?p=11248"},"modified":"2015-02-20T17:09:23","modified_gmt":"2015-02-20T16:09:23","slug":"mein-wort-schatz-gongeln","status":"publish","type":"post","link":"https:\/\/blog.zeit.de\/zeit-der-leser\/2012\/10\/22\/mein-wort-schatz-gongeln\/","title":{"rendered":"Gongeln: Mein Wort-Schatz"},"content":{"rendered":"<p><strong>Gongeln<\/strong>. Ich verwende den Ausdruck seit Kindertagen. Doch meine Frau kannte ihn nicht. Es handelt sich dabei um einen Zustand zwischen wachen und schlafen. Aber d\u00f6sen ist es eigentlich auch nicht. Beispiel: Hast du heute Mittag gut geschlafen? Ach, ich hab nur ein bisschen gegongelt. \u00dcbrigens: Das Computer-Korrekturprogramm schl\u00e4gt alternativ gondeln und g\u00e4ngeln vor, aber damit ist es v\u00f6llig auf dem Holzweg!<\/p>\n<p><strong>Peter Haas<\/strong>,\u00a0Teningen, Baden-W\u00fcrttemberg<\/p>\n","protected":false},"excerpt":{"rendered":"<p>Gongeln. Ich verwende den Ausdruck seit Kindertagen. Doch meine Frau kannte ihn nicht. Es handelt sich dabei um einen Zustand zwischen wachen und schlafen. Aber d\u00f6sen ist es eigentlich auch nicht. Beispiel: Hast du heute Mittag gut geschlafen? Ach, ich hab nur ein bisschen gegongelt. \u00dcbrigens: Das Computer-Korrekturprogramm schl\u00e4gt alternativ gondeln und g\u00e4ngeln vor, aber [&hellip;]<\/p>\n","protected":false},"author":265,"featured_media":0,"comment_status":"open","ping_status":"open","sticky":false,"template":"","format":"standard","meta":{"_jetpack_memberships_contains_paid_content":false,"footnotes":""},"categories":[5687],"tags":[],"class_list":["post-11248","post","type-post","status-publish","format-standard","hentry","category-mein-wort-schatz"],"yoast_head":"<!-- This site is optimized with the Yoast SEO plugin v21.0 - https:\/\/yoast.com\/wordpress\/plugins\/seo\/ -->\n<title>Gongeln: Mein Wort-Schatz - ZEIT der Leser<\/title>\n<meta name=\"robots\" content=\"index, follow, max-snippet:-1, max-image-preview:large, max-video-preview:-1\" \/>\n<link rel=\"canonical\" href=\"https:\/\/blog.zeit.de\/zeit-der-leser\/2012\/10\/22\/mein-wort-schatz-gongeln\/\" \/>\n<meta property=\"og:locale\" content=\"de_DE\" \/>\n<meta property=\"og:type\" content=\"article\" \/>\n<meta property=\"og:title\" content=\"Gongeln: Mein Wort-Schatz - ZEIT der Leser\" \/>\n<meta property=\"og:description\" content=\"Gongeln. Ich verwende den Ausdruck seit Kindertagen. Doch meine Frau kannte ihn nicht. Es handelt sich dabei um einen Zustand zwischen wachen und schlafen. Aber d\u00f6sen ist es eigentlich auch nicht. Beispiel: Hast du heute Mittag gut geschlafen? Ach, ich hab nur ein bisschen gegongelt. \u00dcbrigens: Das Computer-Korrekturprogramm schl\u00e4gt alternativ gondeln und g\u00e4ngeln vor, aber [&hellip;]\" \/>\n<meta property=\"og:url\" content=\"https:\/\/blog.zeit.de\/zeit-der-leser\/2012\/10\/22\/mein-wort-schatz-gongeln\/\" \/>\n<meta property=\"og:site_name\" content=\"ZEIT der Leser\" \/>\n<meta property=\"article:published_time\" content=\"2012-10-22T10:00:12+00:00\" \/>\n<meta property=\"article:modified_time\" content=\"2015-02-20T16:09:23+00:00\" \/>\n<meta name=\"author\" content=\"&quot;Zeit der Leser&quot;-Redaktion\" \/>\n<meta name=\"twitter:card\" content=\"summary_large_image\" \/>\n<meta name=\"twitter:label1\" content=\"Geschrieben von\" \/>\n\t<meta name=\"twitter:data1\" content=\"\"Zeit der Leser\"-Redaktion\" \/>\n<script type=\"application\/ld+json\" class=\"yoast-schema-graph\">{\"@context\":\"https:\/\/schema.org\",\"@graph\":[{\"@type\":\"WebPage\",\"@id\":\"https:\/\/blog.zeit.de\/zeit-der-leser\/2012\/10\/22\/mein-wort-schatz-gongeln\/\",\"url\":\"https:\/\/blog.zeit.de\/zeit-der-leser\/2012\/10\/22\/mein-wort-schatz-gongeln\/\",\"name\":\"Gongeln: Mein Wort-Schatz - ZEIT der Leser\",\"isPartOf\":{\"@id\":\"https:\/\/blog.zeit.de\/zeit-der-leser\/#website\"},\"datePublished\":\"2012-10-22T10:00:12+00:00\",\"dateModified\":\"2015-02-20T16:09:23+00:00\",\"author\":{\"@id\":\"https:\/\/blog.zeit.de\/zeit-der-leser\/#\/schema\/person\/583b14e5ad6368c23af846ecbde9f20f\"},\"breadcrumb\":{\"@id\":\"https:\/\/blog.zeit.de\/zeit-der-leser\/2012\/10\/22\/mein-wort-schatz-gongeln\/#breadcrumb\"},\"inLanguage\":\"de\",\"potentialAction\":[{\"@type\":\"ReadAction\",\"target\":[\"https:\/\/blog.zeit.de\/zeit-der-leser\/2012\/10\/22\/mein-wort-schatz-gongeln\/\"]}]},{\"@type\":\"BreadcrumbList\",\"@id\":\"https:\/\/blog.zeit.de\/zeit-der-leser\/2012\/10\/22\/mein-wort-schatz-gongeln\/#breadcrumb\",\"itemListElement\":[{\"@type\":\"ListItem\",\"position\":1,\"name\":\"Startseite\",\"item\":\"https:\/\/blog.zeit.de\/zeit-der-leser\/\"},{\"@type\":\"ListItem\",\"position\":2,\"name\":\"Gongeln: Mein Wort-Schatz\"}]},{\"@type\":\"WebSite\",\"@id\":\"https:\/\/blog.zeit.de\/zeit-der-leser\/#website\",\"url\":\"https:\/\/blog.zeit.de\/zeit-der-leser\/\",\"name\":\"ZEIT der Leser\",\"description\":\"Ein Blog mit Ihren Notizen, Gedichten und Bildern f\u00fcr die gedruckte ZEIT\",\"potentialAction\":[{\"@type\":\"SearchAction\",\"target\":{\"@type\":\"EntryPoint\",\"urlTemplate\":\"https:\/\/blog.zeit.de\/zeit-der-leser\/?s={search_term_string}\"},\"query-input\":\"required name=search_term_string\"}],\"inLanguage\":\"de\"},{\"@type\":\"Person\",\"@id\":\"https:\/\/blog.zeit.de\/zeit-der-leser\/#\/schema\/person\/583b14e5ad6368c23af846ecbde9f20f\",\"name\":\"\\\"Zeit der Leser\\\"-Redaktion\",\"image\":{\"@type\":\"ImageObject\",\"inLanguage\":\"de\",\"@id\":\"https:\/\/blog.zeit.de\/zeit-der-leser\/#\/schema\/person\/image\/\",\"url\":\"https:\/\/secure.gravatar.com\/avatar\/e801a681bd3bbf2345131a815930b48d9f8e0a94de1346b624840dc850f67ad0?s=96&d=mm&r=g\",\"contentUrl\":\"https:\/\/secure.gravatar.com\/avatar\/e801a681bd3bbf2345131a815930b48d9f8e0a94de1346b624840dc850f67ad0?s=96&d=mm&r=g\",\"caption\":\"\\\"Zeit der Leser\\\"-Redaktion\"},\"url\":\"https:\/\/blog.zeit.de\/zeit-der-leser\/author\/zeit-der-leser-redaktion\/\"}]}<\/script>\n<!-- \/ Yoast SEO plugin. -->","yoast_head_json":{"title":"Gongeln: Mein Wort-Schatz - ZEIT der Leser","robots":{"index":"index","follow":"follow","max-snippet":"max-snippet:-1","max-image-preview":"max-image-preview:large","max-video-preview":"max-video-preview:-1"},"canonical":"https:\/\/blog.zeit.de\/zeit-der-leser\/2012\/10\/22\/mein-wort-schatz-gongeln\/","og_locale":"de_DE","og_type":"article","og_title":"Gongeln: Mein Wort-Schatz - ZEIT der Leser","og_description":"Gongeln. Ich verwende den Ausdruck seit Kindertagen. Doch meine Frau kannte ihn nicht. Es handelt sich dabei um einen Zustand zwischen wachen und schlafen. Aber d\u00f6sen ist es eigentlich auch nicht. Beispiel: Hast du heute Mittag gut geschlafen? Ach, ich hab nur ein bisschen gegongelt. \u00dcbrigens: Das Computer-Korrekturprogramm schl\u00e4gt alternativ gondeln und g\u00e4ngeln vor, aber [&hellip;]","og_url":"https:\/\/blog.zeit.de\/zeit-der-leser\/2012\/10\/22\/mein-wort-schatz-gongeln\/","og_site_name":"ZEIT der Leser","article_published_time":"2012-10-22T10:00:12+00:00","article_modified_time":"2015-02-20T16:09:23+00:00","author":"\"Zeit der Leser\"-Redaktion","twitter_card":"summary_large_image","twitter_misc":{"Geschrieben von":"\"Zeit der Leser\"-Redaktion"},"schema":{"@context":"https:\/\/schema.org","@graph":[{"@type":"WebPage","@id":"https:\/\/blog.zeit.de\/zeit-der-leser\/2012\/10\/22\/mein-wort-schatz-gongeln\/","url":"https:\/\/blog.zeit.de\/zeit-der-leser\/2012\/10\/22\/mein-wort-schatz-gongeln\/","name":"Gongeln: Mein Wort-Schatz - ZEIT der Leser","isPartOf":{"@id":"https:\/\/blog.zeit.de\/zeit-der-leser\/#website"},"datePublished":"2012-10-22T10:00:12+00:00","dateModified":"2015-02-20T16:09:23+00:00","author":{"@id":"https:\/\/blog.zeit.de\/zeit-der-leser\/#\/schema\/person\/583b14e5ad6368c23af846ecbde9f20f"},"breadcrumb":{"@id":"https:\/\/blog.zeit.de\/zeit-der-leser\/2012\/10\/22\/mein-wort-schatz-gongeln\/#breadcrumb"},"inLanguage":"de","potentialAction":[{"@type":"ReadAction","target":["https:\/\/blog.zeit.de\/zeit-der-leser\/2012\/10\/22\/mein-wort-schatz-gongeln\/"]}]},{"@type":"BreadcrumbList","@id":"https:\/\/blog.zeit.de\/zeit-der-leser\/2012\/10\/22\/mein-wort-schatz-gongeln\/#breadcrumb","itemListElement":[{"@type":"ListItem","position":1,"name":"Startseite","item":"https:\/\/blog.zeit.de\/zeit-der-leser\/"},{"@type":"ListItem","position":2,"name":"Gongeln: Mein Wort-Schatz"}]},{"@type":"WebSite","@id":"https:\/\/blog.zeit.de\/zeit-der-leser\/#website","url":"https:\/\/blog.zeit.de\/zeit-der-leser\/","name":"ZEIT der Leser","description":"Ein Blog mit Ihren Notizen, Gedichten und Bildern f\u00fcr die gedruckte ZEIT","potentialAction":[{"@type":"SearchAction","target":{"@type":"EntryPoint","urlTemplate":"https:\/\/blog.zeit.de\/zeit-der-leser\/?s={search_term_string}"},"query-input":"required name=search_term_string"}],"inLanguage":"de"},{"@type":"Person","@id":"https:\/\/blog.zeit.de\/zeit-der-leser\/#\/schema\/person\/583b14e5ad6368c23af846ecbde9f20f","name":"\"Zeit der Leser\"-Redaktion","image":{"@type":"ImageObject","inLanguage":"de","@id":"https:\/\/blog.zeit.de\/zeit-der-leser\/#\/schema\/person\/image\/","url":"https:\/\/secure.gravatar.com\/avatar\/e801a681bd3bbf2345131a815930b48d9f8e0a94de1346b624840dc850f67ad0?s=96&d=mm&r=g","contentUrl":"https:\/\/secure.gravatar.com\/avatar\/e801a681bd3bbf2345131a815930b48d9f8e0a94de1346b624840dc850f67ad0?s=96&d=mm&r=g","caption":"\"Zeit der Leser\"-Redaktion"},"url":"https:\/\/blog.zeit.de\/zeit-der-leser\/author\/zeit-der-leser-redaktion\/"}]}},"jetpack_featured_media_url":"","jetpack_sharing_enabled":true,"_links":{"self":[{"href":"https:\/\/blog.zeit.de\/zeit-der-leser\/wp-json\/wp\/v2\/posts\/11248","targetHints":{"allow":["GET"]}}],"collection":[{"href":"https:\/\/blog.zeit.de\/zeit-der-leser\/wp-json\/wp\/v2\/posts"}],"about":[{"href":"https:\/\/blog.zeit.de\/zeit-der-leser\/wp-json\/wp\/v2\/types\/post"}],"author":[{"embeddable":true,"href":"https:\/\/blog.zeit.de\/zeit-der-leser\/wp-json\/wp\/v2\/users\/265"}],"replies":[{"embeddable":true,"href":"https:\/\/blog.zeit.de\/zeit-der-leser\/wp-json\/wp\/v2\/comments?post=11248"}],"version-history":[{"count":3,"href":"https:\/\/blog.zeit.de\/zeit-der-leser\/wp-json\/wp\/v2\/posts\/11248\/revisions"}],"predecessor-version":[{"id":17425,"href":"https:\/\/blog.zeit.de\/zeit-der-leser\/wp-json\/wp\/v2\/posts\/11248\/revisions\/17425"}],"wp:attachment":[{"href":"https:\/\/blog.zeit.de\/zeit-der-leser\/wp-json\/wp\/v2\/media?parent=11248"}],"wp:term":[{"taxonomy":"category","embeddable":true,"href":"https:\/\/blog.zeit.de\/zeit-der-leser\/wp-json\/wp\/v2\/categories?post=11248"},{"taxonomy":"post_tag","embeddable":true,"href":"https:\/\/blog.zeit.de\/zeit-der-leser\/wp-json\/wp\/v2\/tags?post=11248"}],"curies":[{"name":"wp","href":"https:\/\/api.w.org\/{rel}","templated":true}]}}