{"id":11358,"date":"2012-11-01T12:00:15","date_gmt":"2012-11-01T11:00:15","guid":{"rendered":"http:\/\/blog.zeit.de\/zeit-der-leser\/?p=11358"},"modified":"2012-10-25T15:12:54","modified_gmt":"2012-10-25T13:12:54","slug":"das-ist-mein-ding-16","status":"publish","type":"post","link":"https:\/\/blog.zeit.de\/zeit-der-leser\/2012\/11\/01\/das-ist-mein-ding-16\/","title":{"rendered":"Das ist mein Ding"},"content":{"rendered":"<p><a href=\"https:\/\/blog.zeit.de\/zeit-der-leser\/files\/2012\/10\/s90-mein_ding.jpg\"><img loading=\"lazy\" decoding=\"async\" class=\"alignleft size-full wp-image-11359\" src=\"https:\/\/blog.zeit.de\/zeit-der-leser\/files\/2012\/10\/s90-mein_ding.jpg\" alt=\"\" width=\"540\" height=\"601\" srcset=\"https:\/\/blog.zeit.de\/zeit-der-leser\/files\/2012\/10\/s90-mein_ding.jpg 540w, https:\/\/blog.zeit.de\/zeit-der-leser\/files\/2012\/10\/s90-mein_ding-269x300.jpg 269w\" sizes=\"auto, (max-width: 540px) 100vw, 540px\" \/><\/a><\/p>\n<p>Darf ich vorstellen: eine schlichte und glanzlose Erscheinung, mit Kratzern, Dellen und Macken. Alt und grau. Mein Ding ist nichts Besonderes. Nur ein gew\u00f6hnlicher Blecheimer. Er geh\u00f6rt zu den ausgemusterten Dingen des Alltags. Trendresistent steht dieser Eimer immer noch da. Kein Plastikeimer kann ihm das Wasser reichen. Er ist gut in Form. Oben weiter als unten. Zum Himmel hin offen. Zum Gl\u00fcck nimmt er es mir nicht \u00fcbel, wenn ich ihn mal im Regen stehen lasse. Vor sieben Jahren habe\u00a0ich ihn aus einem dunklen Schuppen befreit und ans Licht geholt. Ich habe ihm quasi zu einem neuen Auftritt verholfen. Unz\u00e4hlige Fotoserien habe ich mit ihm gemacht. Mit ihm habe ich gelernt, das Gew\u00f6hnliche mit anderen Augen zu betrachten und die einfachen Dinge mehr wertzusch\u00e4tzen. Es ist nicht der Alltag, der uns abstumpft. Es ist der Blick auf die Dinge, der sich abnutzt. Gerne lausche ich dem Blechgefl\u00fcster und entdecke die Poesie der einfachen Dinge. Und wenn ich aus dem Haus gehe, nicke ich meinem Blecheimer freundlich zu.\u00a0Bisher hat er meinen Gru\u00df allerdings noch nicht erwidert.<\/p>\n<p><strong>Elke Heldmann-Kiesel<\/strong>, Darmstadt<\/p>\n","protected":false},"excerpt":{"rendered":"<p>Darf ich vorstellen: eine schlichte und glanzlose Erscheinung, mit Kratzern, Dellen und Macken. Alt und grau. Mein Ding ist nichts Besonderes. Nur ein gew\u00f6hnlicher Blecheimer. Er geh\u00f6rt zu den ausgemusterten Dingen des Alltags. Trendresistent steht dieser Eimer immer noch da. Kein Plastikeimer kann ihm das Wasser reichen. Er ist gut in Form. Oben weiter als [&hellip;]<\/p>\n","protected":false},"author":265,"featured_media":0,"comment_status":"open","ping_status":"open","sticky":false,"template":"","format":"standard","meta":{"_jetpack_memberships_contains_paid_content":false,"footnotes":""},"categories":[5689],"tags":[],"class_list":["post-11358","post","type-post","status-publish","format-standard","hentry","category-mein-ding"],"yoast_head":"<!-- This site is optimized with the Yoast SEO plugin v21.0 - https:\/\/yoast.com\/wordpress\/plugins\/seo\/ -->\n<title>Das ist mein Ding - ZEIT der Leser<\/title>\n<meta name=\"robots\" content=\"index, follow, max-snippet:-1, max-image-preview:large, max-video-preview:-1\" \/>\n<link rel=\"canonical\" href=\"https:\/\/blog.zeit.de\/zeit-der-leser\/2012\/11\/01\/das-ist-mein-ding-16\/\" \/>\n<meta property=\"og:locale\" content=\"de_DE\" \/>\n<meta property=\"og:type\" content=\"article\" \/>\n<meta property=\"og:title\" content=\"Das ist mein Ding - ZEIT der Leser\" \/>\n<meta property=\"og:description\" content=\"Darf ich vorstellen: eine schlichte und glanzlose Erscheinung, mit Kratzern, Dellen und Macken. Alt und grau. Mein Ding ist nichts Besonderes. Nur ein gew\u00f6hnlicher Blecheimer. Er geh\u00f6rt zu den ausgemusterten Dingen des Alltags. Trendresistent steht dieser Eimer immer noch da. Kein Plastikeimer kann ihm das Wasser reichen. Er ist gut in Form. Oben weiter als [&hellip;]\" \/>\n<meta property=\"og:url\" content=\"https:\/\/blog.zeit.de\/zeit-der-leser\/2012\/11\/01\/das-ist-mein-ding-16\/\" \/>\n<meta property=\"og:site_name\" content=\"ZEIT der Leser\" \/>\n<meta property=\"article:published_time\" content=\"2012-11-01T11:00:15+00:00\" \/>\n<meta property=\"article:modified_time\" content=\"2012-10-25T13:12:54+00:00\" \/>\n<meta property=\"og:image\" content=\"https:\/\/blog.zeit.de\/zeit-der-leser\/files\/2012\/10\/s90-mein_ding.jpg\" \/>\n<meta name=\"author\" content=\"&quot;Zeit der Leser&quot;-Redaktion\" \/>\n<meta name=\"twitter:card\" content=\"summary_large_image\" \/>\n<meta name=\"twitter:label1\" content=\"Geschrieben von\" \/>\n\t<meta name=\"twitter:data1\" content=\"\"Zeit der Leser\"-Redaktion\" \/>\n\t<meta name=\"twitter:label2\" content=\"Gesch\u00e4tzte Lesezeit\" \/>\n\t<meta name=\"twitter:data2\" content=\"1\u00a0Minute\" \/>\n<script type=\"application\/ld+json\" class=\"yoast-schema-graph\">{\"@context\":\"https:\/\/schema.org\",\"@graph\":[{\"@type\":\"WebPage\",\"@id\":\"https:\/\/blog.zeit.de\/zeit-der-leser\/2012\/11\/01\/das-ist-mein-ding-16\/\",\"url\":\"https:\/\/blog.zeit.de\/zeit-der-leser\/2012\/11\/01\/das-ist-mein-ding-16\/\",\"name\":\"Das ist mein Ding - ZEIT der Leser\",\"isPartOf\":{\"@id\":\"https:\/\/blog.zeit.de\/zeit-der-leser\/#website\"},\"datePublished\":\"2012-11-01T11:00:15+00:00\",\"dateModified\":\"2012-10-25T13:12:54+00:00\",\"author\":{\"@id\":\"https:\/\/blog.zeit.de\/zeit-der-leser\/#\/schema\/person\/583b14e5ad6368c23af846ecbde9f20f\"},\"breadcrumb\":{\"@id\":\"https:\/\/blog.zeit.de\/zeit-der-leser\/2012\/11\/01\/das-ist-mein-ding-16\/#breadcrumb\"},\"inLanguage\":\"de\",\"potentialAction\":[{\"@type\":\"ReadAction\",\"target\":[\"https:\/\/blog.zeit.de\/zeit-der-leser\/2012\/11\/01\/das-ist-mein-ding-16\/\"]}]},{\"@type\":\"BreadcrumbList\",\"@id\":\"https:\/\/blog.zeit.de\/zeit-der-leser\/2012\/11\/01\/das-ist-mein-ding-16\/#breadcrumb\",\"itemListElement\":[{\"@type\":\"ListItem\",\"position\":1,\"name\":\"Startseite\",\"item\":\"https:\/\/blog.zeit.de\/zeit-der-leser\/\"},{\"@type\":\"ListItem\",\"position\":2,\"name\":\"Das ist mein Ding\"}]},{\"@type\":\"WebSite\",\"@id\":\"https:\/\/blog.zeit.de\/zeit-der-leser\/#website\",\"url\":\"https:\/\/blog.zeit.de\/zeit-der-leser\/\",\"name\":\"ZEIT der Leser\",\"description\":\"Ein Blog mit Ihren Notizen, Gedichten und Bildern f\u00fcr die gedruckte ZEIT\",\"potentialAction\":[{\"@type\":\"SearchAction\",\"target\":{\"@type\":\"EntryPoint\",\"urlTemplate\":\"https:\/\/blog.zeit.de\/zeit-der-leser\/?s={search_term_string}\"},\"query-input\":\"required name=search_term_string\"}],\"inLanguage\":\"de\"},{\"@type\":\"Person\",\"@id\":\"https:\/\/blog.zeit.de\/zeit-der-leser\/#\/schema\/person\/583b14e5ad6368c23af846ecbde9f20f\",\"name\":\"\\\"Zeit der Leser\\\"-Redaktion\",\"image\":{\"@type\":\"ImageObject\",\"inLanguage\":\"de\",\"@id\":\"https:\/\/blog.zeit.de\/zeit-der-leser\/#\/schema\/person\/image\/\",\"url\":\"https:\/\/secure.gravatar.com\/avatar\/e801a681bd3bbf2345131a815930b48d9f8e0a94de1346b624840dc850f67ad0?s=96&d=mm&r=g\",\"contentUrl\":\"https:\/\/secure.gravatar.com\/avatar\/e801a681bd3bbf2345131a815930b48d9f8e0a94de1346b624840dc850f67ad0?s=96&d=mm&r=g\",\"caption\":\"\\\"Zeit der Leser\\\"-Redaktion\"},\"url\":\"https:\/\/blog.zeit.de\/zeit-der-leser\/author\/zeit-der-leser-redaktion\/\"}]}<\/script>\n<!-- \/ Yoast SEO plugin. -->","yoast_head_json":{"title":"Das ist mein Ding - ZEIT der Leser","robots":{"index":"index","follow":"follow","max-snippet":"max-snippet:-1","max-image-preview":"max-image-preview:large","max-video-preview":"max-video-preview:-1"},"canonical":"https:\/\/blog.zeit.de\/zeit-der-leser\/2012\/11\/01\/das-ist-mein-ding-16\/","og_locale":"de_DE","og_type":"article","og_title":"Das ist mein Ding - ZEIT der Leser","og_description":"Darf ich vorstellen: eine schlichte und glanzlose Erscheinung, mit Kratzern, Dellen und Macken. Alt und grau. Mein Ding ist nichts Besonderes. Nur ein gew\u00f6hnlicher Blecheimer. Er geh\u00f6rt zu den ausgemusterten Dingen des Alltags. Trendresistent steht dieser Eimer immer noch da. Kein Plastikeimer kann ihm das Wasser reichen. Er ist gut in Form. Oben weiter als [&hellip;]","og_url":"https:\/\/blog.zeit.de\/zeit-der-leser\/2012\/11\/01\/das-ist-mein-ding-16\/","og_site_name":"ZEIT der Leser","article_published_time":"2012-11-01T11:00:15+00:00","article_modified_time":"2012-10-25T13:12:54+00:00","og_image":[{"url":"https:\/\/blog.zeit.de\/zeit-der-leser\/files\/2012\/10\/s90-mein_ding.jpg"}],"author":"\"Zeit der Leser\"-Redaktion","twitter_card":"summary_large_image","twitter_misc":{"Geschrieben von":"\"Zeit der Leser\"-Redaktion","Gesch\u00e4tzte Lesezeit":"1\u00a0Minute"},"schema":{"@context":"https:\/\/schema.org","@graph":[{"@type":"WebPage","@id":"https:\/\/blog.zeit.de\/zeit-der-leser\/2012\/11\/01\/das-ist-mein-ding-16\/","url":"https:\/\/blog.zeit.de\/zeit-der-leser\/2012\/11\/01\/das-ist-mein-ding-16\/","name":"Das ist mein Ding - ZEIT der Leser","isPartOf":{"@id":"https:\/\/blog.zeit.de\/zeit-der-leser\/#website"},"datePublished":"2012-11-01T11:00:15+00:00","dateModified":"2012-10-25T13:12:54+00:00","author":{"@id":"https:\/\/blog.zeit.de\/zeit-der-leser\/#\/schema\/person\/583b14e5ad6368c23af846ecbde9f20f"},"breadcrumb":{"@id":"https:\/\/blog.zeit.de\/zeit-der-leser\/2012\/11\/01\/das-ist-mein-ding-16\/#breadcrumb"},"inLanguage":"de","potentialAction":[{"@type":"ReadAction","target":["https:\/\/blog.zeit.de\/zeit-der-leser\/2012\/11\/01\/das-ist-mein-ding-16\/"]}]},{"@type":"BreadcrumbList","@id":"https:\/\/blog.zeit.de\/zeit-der-leser\/2012\/11\/01\/das-ist-mein-ding-16\/#breadcrumb","itemListElement":[{"@type":"ListItem","position":1,"name":"Startseite","item":"https:\/\/blog.zeit.de\/zeit-der-leser\/"},{"@type":"ListItem","position":2,"name":"Das ist mein Ding"}]},{"@type":"WebSite","@id":"https:\/\/blog.zeit.de\/zeit-der-leser\/#website","url":"https:\/\/blog.zeit.de\/zeit-der-leser\/","name":"ZEIT der Leser","description":"Ein Blog mit Ihren Notizen, Gedichten und Bildern f\u00fcr die gedruckte ZEIT","potentialAction":[{"@type":"SearchAction","target":{"@type":"EntryPoint","urlTemplate":"https:\/\/blog.zeit.de\/zeit-der-leser\/?s={search_term_string}"},"query-input":"required name=search_term_string"}],"inLanguage":"de"},{"@type":"Person","@id":"https:\/\/blog.zeit.de\/zeit-der-leser\/#\/schema\/person\/583b14e5ad6368c23af846ecbde9f20f","name":"\"Zeit der Leser\"-Redaktion","image":{"@type":"ImageObject","inLanguage":"de","@id":"https:\/\/blog.zeit.de\/zeit-der-leser\/#\/schema\/person\/image\/","url":"https:\/\/secure.gravatar.com\/avatar\/e801a681bd3bbf2345131a815930b48d9f8e0a94de1346b624840dc850f67ad0?s=96&d=mm&r=g","contentUrl":"https:\/\/secure.gravatar.com\/avatar\/e801a681bd3bbf2345131a815930b48d9f8e0a94de1346b624840dc850f67ad0?s=96&d=mm&r=g","caption":"\"Zeit der Leser\"-Redaktion"},"url":"https:\/\/blog.zeit.de\/zeit-der-leser\/author\/zeit-der-leser-redaktion\/"}]}},"jetpack_featured_media_url":"","jetpack_sharing_enabled":true,"_links":{"self":[{"href":"https:\/\/blog.zeit.de\/zeit-der-leser\/wp-json\/wp\/v2\/posts\/11358","targetHints":{"allow":["GET"]}}],"collection":[{"href":"https:\/\/blog.zeit.de\/zeit-der-leser\/wp-json\/wp\/v2\/posts"}],"about":[{"href":"https:\/\/blog.zeit.de\/zeit-der-leser\/wp-json\/wp\/v2\/types\/post"}],"author":[{"embeddable":true,"href":"https:\/\/blog.zeit.de\/zeit-der-leser\/wp-json\/wp\/v2\/users\/265"}],"replies":[{"embeddable":true,"href":"https:\/\/blog.zeit.de\/zeit-der-leser\/wp-json\/wp\/v2\/comments?post=11358"}],"version-history":[{"count":3,"href":"https:\/\/blog.zeit.de\/zeit-der-leser\/wp-json\/wp\/v2\/posts\/11358\/revisions"}],"predecessor-version":[{"id":11362,"href":"https:\/\/blog.zeit.de\/zeit-der-leser\/wp-json\/wp\/v2\/posts\/11358\/revisions\/11362"}],"wp:attachment":[{"href":"https:\/\/blog.zeit.de\/zeit-der-leser\/wp-json\/wp\/v2\/media?parent=11358"}],"wp:term":[{"taxonomy":"category","embeddable":true,"href":"https:\/\/blog.zeit.de\/zeit-der-leser\/wp-json\/wp\/v2\/categories?post=11358"},{"taxonomy":"post_tag","embeddable":true,"href":"https:\/\/blog.zeit.de\/zeit-der-leser\/wp-json\/wp\/v2\/tags?post=11358"}],"curies":[{"name":"wp","href":"https:\/\/api.w.org\/{rel}","templated":true}]}}