{"id":11391,"date":"2012-11-04T18:00:08","date_gmt":"2012-11-04T17:00:08","guid":{"rendered":"http:\/\/blog.zeit.de\/zeit-der-leser\/?p=11391"},"modified":"2012-11-01T16:00:20","modified_gmt":"2012-11-01T15:00:20","slug":"das-ist-mein-ding-17","status":"publish","type":"post","link":"https:\/\/blog.zeit.de\/zeit-der-leser\/2012\/11\/04\/das-ist-mein-ding-17\/","title":{"rendered":"Das ist mein Ding"},"content":{"rendered":"<p><a href=\"https:\/\/blog.zeit.de\/zeit-der-leser\/files\/2012\/11\/s90-mein-ding.jpg\"><img loading=\"lazy\" decoding=\"async\" class=\"alignleft size-full wp-image-11393\" src=\"https:\/\/blog.zeit.de\/zeit-der-leser\/files\/2012\/11\/s90-mein-ding.jpg\" alt=\"\" width=\"540\" height=\"228\" srcset=\"https:\/\/blog.zeit.de\/zeit-der-leser\/files\/2012\/11\/s90-mein-ding.jpg 540w, https:\/\/blog.zeit.de\/zeit-der-leser\/files\/2012\/11\/s90-mein-ding-300x126.jpg 300w\" sizes=\"auto, (max-width: 540px) 100vw, 540px\" \/><\/a><\/p>\n<p>Diese Taschenuhr erinnert mich an meinen Gro\u00dfvater. Die Kette wurde aus dem Haar meiner Gro\u00dfmutter geflochten. F\u00fcr mich, aufgewachsen am Ende des Zweiten Weltkriegs in einer zerbombten Gro\u00dfstadt, waren die Besuche bei den Gro\u00dfeltern immer ein ganz besonderes Erlebnis: eine friedliche Idylle auf dem Lande. Und wenn Gro\u00dfvater lamentierte, dass das Ziffernblatt in der Schlacht bei Tannenberg besch\u00e4digt worden war, bekam er zur Antwort: \u00bbSei dankbar, dass dir nichts Schlimmeres passiert ist!\u00ab<\/p>\n<p><strong>Gerold Greiff<\/strong>, Linkenheim-Hochstetten, Baden-W\u00fcrttemberg<\/p>\n","protected":false},"excerpt":{"rendered":"<p>Diese Taschenuhr erinnert mich an meinen Gro\u00dfvater. Die Kette wurde aus dem Haar meiner Gro\u00dfmutter geflochten. F\u00fcr mich, aufgewachsen am Ende des Zweiten Weltkriegs in einer zerbombten Gro\u00dfstadt, waren die Besuche bei den Gro\u00dfeltern immer ein ganz besonderes Erlebnis: eine friedliche Idylle auf dem Lande. Und wenn Gro\u00dfvater lamentierte, dass das Ziffernblatt in der Schlacht [&hellip;]<\/p>\n","protected":false},"author":265,"featured_media":0,"comment_status":"open","ping_status":"open","sticky":false,"template":"","format":"standard","meta":{"_jetpack_memberships_contains_paid_content":false,"footnotes":""},"categories":[5689],"tags":[],"class_list":["post-11391","post","type-post","status-publish","format-standard","hentry","category-mein-ding"],"yoast_head":"<!-- This site is optimized with the Yoast SEO plugin v21.0 - https:\/\/yoast.com\/wordpress\/plugins\/seo\/ -->\n<title>Das ist mein Ding - ZEIT der Leser<\/title>\n<meta name=\"robots\" content=\"index, follow, max-snippet:-1, max-image-preview:large, max-video-preview:-1\" \/>\n<link rel=\"canonical\" href=\"https:\/\/blog.zeit.de\/zeit-der-leser\/2012\/11\/04\/das-ist-mein-ding-17\/\" \/>\n<meta property=\"og:locale\" content=\"de_DE\" \/>\n<meta property=\"og:type\" content=\"article\" \/>\n<meta property=\"og:title\" content=\"Das ist mein Ding - ZEIT der Leser\" \/>\n<meta property=\"og:description\" content=\"Diese Taschenuhr erinnert mich an meinen Gro\u00dfvater. Die Kette wurde aus dem Haar meiner Gro\u00dfmutter geflochten. F\u00fcr mich, aufgewachsen am Ende des Zweiten Weltkriegs in einer zerbombten Gro\u00dfstadt, waren die Besuche bei den Gro\u00dfeltern immer ein ganz besonderes Erlebnis: eine friedliche Idylle auf dem Lande. Und wenn Gro\u00dfvater lamentierte, dass das Ziffernblatt in der Schlacht [&hellip;]\" \/>\n<meta property=\"og:url\" content=\"https:\/\/blog.zeit.de\/zeit-der-leser\/2012\/11\/04\/das-ist-mein-ding-17\/\" \/>\n<meta property=\"og:site_name\" content=\"ZEIT der Leser\" \/>\n<meta property=\"article:published_time\" content=\"2012-11-04T17:00:08+00:00\" \/>\n<meta property=\"article:modified_time\" content=\"2012-11-01T15:00:20+00:00\" \/>\n<meta property=\"og:image\" content=\"https:\/\/blog.zeit.de\/zeit-der-leser\/files\/2012\/11\/s90-mein-ding.jpg\" \/>\n<meta name=\"author\" content=\"&quot;Zeit der Leser&quot;-Redaktion\" \/>\n<meta name=\"twitter:card\" content=\"summary_large_image\" \/>\n<meta name=\"twitter:label1\" content=\"Geschrieben von\" \/>\n\t<meta name=\"twitter:data1\" content=\"\"Zeit der Leser\"-Redaktion\" \/>\n<script type=\"application\/ld+json\" class=\"yoast-schema-graph\">{\"@context\":\"https:\/\/schema.org\",\"@graph\":[{\"@type\":\"WebPage\",\"@id\":\"https:\/\/blog.zeit.de\/zeit-der-leser\/2012\/11\/04\/das-ist-mein-ding-17\/\",\"url\":\"https:\/\/blog.zeit.de\/zeit-der-leser\/2012\/11\/04\/das-ist-mein-ding-17\/\",\"name\":\"Das ist mein Ding - ZEIT der Leser\",\"isPartOf\":{\"@id\":\"https:\/\/blog.zeit.de\/zeit-der-leser\/#website\"},\"datePublished\":\"2012-11-04T17:00:08+00:00\",\"dateModified\":\"2012-11-01T15:00:20+00:00\",\"author\":{\"@id\":\"https:\/\/blog.zeit.de\/zeit-der-leser\/#\/schema\/person\/583b14e5ad6368c23af846ecbde9f20f\"},\"breadcrumb\":{\"@id\":\"https:\/\/blog.zeit.de\/zeit-der-leser\/2012\/11\/04\/das-ist-mein-ding-17\/#breadcrumb\"},\"inLanguage\":\"de\",\"potentialAction\":[{\"@type\":\"ReadAction\",\"target\":[\"https:\/\/blog.zeit.de\/zeit-der-leser\/2012\/11\/04\/das-ist-mein-ding-17\/\"]}]},{\"@type\":\"BreadcrumbList\",\"@id\":\"https:\/\/blog.zeit.de\/zeit-der-leser\/2012\/11\/04\/das-ist-mein-ding-17\/#breadcrumb\",\"itemListElement\":[{\"@type\":\"ListItem\",\"position\":1,\"name\":\"Startseite\",\"item\":\"https:\/\/blog.zeit.de\/zeit-der-leser\/\"},{\"@type\":\"ListItem\",\"position\":2,\"name\":\"Das ist mein Ding\"}]},{\"@type\":\"WebSite\",\"@id\":\"https:\/\/blog.zeit.de\/zeit-der-leser\/#website\",\"url\":\"https:\/\/blog.zeit.de\/zeit-der-leser\/\",\"name\":\"ZEIT der Leser\",\"description\":\"Ein Blog mit Ihren Notizen, Gedichten und Bildern f\u00fcr die gedruckte ZEIT\",\"potentialAction\":[{\"@type\":\"SearchAction\",\"target\":{\"@type\":\"EntryPoint\",\"urlTemplate\":\"https:\/\/blog.zeit.de\/zeit-der-leser\/?s={search_term_string}\"},\"query-input\":\"required name=search_term_string\"}],\"inLanguage\":\"de\"},{\"@type\":\"Person\",\"@id\":\"https:\/\/blog.zeit.de\/zeit-der-leser\/#\/schema\/person\/583b14e5ad6368c23af846ecbde9f20f\",\"name\":\"\\\"Zeit der Leser\\\"-Redaktion\",\"image\":{\"@type\":\"ImageObject\",\"inLanguage\":\"de\",\"@id\":\"https:\/\/blog.zeit.de\/zeit-der-leser\/#\/schema\/person\/image\/\",\"url\":\"https:\/\/secure.gravatar.com\/avatar\/e801a681bd3bbf2345131a815930b48d9f8e0a94de1346b624840dc850f67ad0?s=96&d=mm&r=g\",\"contentUrl\":\"https:\/\/secure.gravatar.com\/avatar\/e801a681bd3bbf2345131a815930b48d9f8e0a94de1346b624840dc850f67ad0?s=96&d=mm&r=g\",\"caption\":\"\\\"Zeit der Leser\\\"-Redaktion\"},\"url\":\"https:\/\/blog.zeit.de\/zeit-der-leser\/author\/zeit-der-leser-redaktion\/\"}]}<\/script>\n<!-- \/ Yoast SEO plugin. -->","yoast_head_json":{"title":"Das ist mein Ding - ZEIT der Leser","robots":{"index":"index","follow":"follow","max-snippet":"max-snippet:-1","max-image-preview":"max-image-preview:large","max-video-preview":"max-video-preview:-1"},"canonical":"https:\/\/blog.zeit.de\/zeit-der-leser\/2012\/11\/04\/das-ist-mein-ding-17\/","og_locale":"de_DE","og_type":"article","og_title":"Das ist mein Ding - ZEIT der Leser","og_description":"Diese Taschenuhr erinnert mich an meinen Gro\u00dfvater. Die Kette wurde aus dem Haar meiner Gro\u00dfmutter geflochten. F\u00fcr mich, aufgewachsen am Ende des Zweiten Weltkriegs in einer zerbombten Gro\u00dfstadt, waren die Besuche bei den Gro\u00dfeltern immer ein ganz besonderes Erlebnis: eine friedliche Idylle auf dem Lande. Und wenn Gro\u00dfvater lamentierte, dass das Ziffernblatt in der Schlacht [&hellip;]","og_url":"https:\/\/blog.zeit.de\/zeit-der-leser\/2012\/11\/04\/das-ist-mein-ding-17\/","og_site_name":"ZEIT der Leser","article_published_time":"2012-11-04T17:00:08+00:00","article_modified_time":"2012-11-01T15:00:20+00:00","og_image":[{"url":"https:\/\/blog.zeit.de\/zeit-der-leser\/files\/2012\/11\/s90-mein-ding.jpg"}],"author":"\"Zeit der Leser\"-Redaktion","twitter_card":"summary_large_image","twitter_misc":{"Geschrieben von":"\"Zeit der Leser\"-Redaktion"},"schema":{"@context":"https:\/\/schema.org","@graph":[{"@type":"WebPage","@id":"https:\/\/blog.zeit.de\/zeit-der-leser\/2012\/11\/04\/das-ist-mein-ding-17\/","url":"https:\/\/blog.zeit.de\/zeit-der-leser\/2012\/11\/04\/das-ist-mein-ding-17\/","name":"Das ist mein Ding - ZEIT der Leser","isPartOf":{"@id":"https:\/\/blog.zeit.de\/zeit-der-leser\/#website"},"datePublished":"2012-11-04T17:00:08+00:00","dateModified":"2012-11-01T15:00:20+00:00","author":{"@id":"https:\/\/blog.zeit.de\/zeit-der-leser\/#\/schema\/person\/583b14e5ad6368c23af846ecbde9f20f"},"breadcrumb":{"@id":"https:\/\/blog.zeit.de\/zeit-der-leser\/2012\/11\/04\/das-ist-mein-ding-17\/#breadcrumb"},"inLanguage":"de","potentialAction":[{"@type":"ReadAction","target":["https:\/\/blog.zeit.de\/zeit-der-leser\/2012\/11\/04\/das-ist-mein-ding-17\/"]}]},{"@type":"BreadcrumbList","@id":"https:\/\/blog.zeit.de\/zeit-der-leser\/2012\/11\/04\/das-ist-mein-ding-17\/#breadcrumb","itemListElement":[{"@type":"ListItem","position":1,"name":"Startseite","item":"https:\/\/blog.zeit.de\/zeit-der-leser\/"},{"@type":"ListItem","position":2,"name":"Das ist mein Ding"}]},{"@type":"WebSite","@id":"https:\/\/blog.zeit.de\/zeit-der-leser\/#website","url":"https:\/\/blog.zeit.de\/zeit-der-leser\/","name":"ZEIT der Leser","description":"Ein Blog mit Ihren Notizen, Gedichten und Bildern f\u00fcr die gedruckte ZEIT","potentialAction":[{"@type":"SearchAction","target":{"@type":"EntryPoint","urlTemplate":"https:\/\/blog.zeit.de\/zeit-der-leser\/?s={search_term_string}"},"query-input":"required name=search_term_string"}],"inLanguage":"de"},{"@type":"Person","@id":"https:\/\/blog.zeit.de\/zeit-der-leser\/#\/schema\/person\/583b14e5ad6368c23af846ecbde9f20f","name":"\"Zeit der Leser\"-Redaktion","image":{"@type":"ImageObject","inLanguage":"de","@id":"https:\/\/blog.zeit.de\/zeit-der-leser\/#\/schema\/person\/image\/","url":"https:\/\/secure.gravatar.com\/avatar\/e801a681bd3bbf2345131a815930b48d9f8e0a94de1346b624840dc850f67ad0?s=96&d=mm&r=g","contentUrl":"https:\/\/secure.gravatar.com\/avatar\/e801a681bd3bbf2345131a815930b48d9f8e0a94de1346b624840dc850f67ad0?s=96&d=mm&r=g","caption":"\"Zeit der Leser\"-Redaktion"},"url":"https:\/\/blog.zeit.de\/zeit-der-leser\/author\/zeit-der-leser-redaktion\/"}]}},"jetpack_featured_media_url":"","jetpack_sharing_enabled":true,"_links":{"self":[{"href":"https:\/\/blog.zeit.de\/zeit-der-leser\/wp-json\/wp\/v2\/posts\/11391","targetHints":{"allow":["GET"]}}],"collection":[{"href":"https:\/\/blog.zeit.de\/zeit-der-leser\/wp-json\/wp\/v2\/posts"}],"about":[{"href":"https:\/\/blog.zeit.de\/zeit-der-leser\/wp-json\/wp\/v2\/types\/post"}],"author":[{"embeddable":true,"href":"https:\/\/blog.zeit.de\/zeit-der-leser\/wp-json\/wp\/v2\/users\/265"}],"replies":[{"embeddable":true,"href":"https:\/\/blog.zeit.de\/zeit-der-leser\/wp-json\/wp\/v2\/comments?post=11391"}],"version-history":[{"count":3,"href":"https:\/\/blog.zeit.de\/zeit-der-leser\/wp-json\/wp\/v2\/posts\/11391\/revisions"}],"predecessor-version":[{"id":11394,"href":"https:\/\/blog.zeit.de\/zeit-der-leser\/wp-json\/wp\/v2\/posts\/11391\/revisions\/11394"}],"wp:attachment":[{"href":"https:\/\/blog.zeit.de\/zeit-der-leser\/wp-json\/wp\/v2\/media?parent=11391"}],"wp:term":[{"taxonomy":"category","embeddable":true,"href":"https:\/\/blog.zeit.de\/zeit-der-leser\/wp-json\/wp\/v2\/categories?post=11391"},{"taxonomy":"post_tag","embeddable":true,"href":"https:\/\/blog.zeit.de\/zeit-der-leser\/wp-json\/wp\/v2\/tags?post=11391"}],"curies":[{"name":"wp","href":"https:\/\/api.w.org\/{rel}","templated":true}]}}