{"id":11409,"date":"2012-11-08T12:00:27","date_gmt":"2012-11-08T11:00:27","guid":{"rendered":"http:\/\/blog.zeit.de\/zeit-der-leser\/?p=11409"},"modified":"2015-02-20T17:02:12","modified_gmt":"2015-02-20T16:02:12","slug":"mein-wort-schatz-bregenkloeterig","status":"publish","type":"post","link":"https:\/\/blog.zeit.de\/zeit-der-leser\/2012\/11\/08\/mein-wort-schatz-bregenkloeterig\/","title":{"rendered":"Bregenkl\u00f6terig: Mein Wort-Schatz"},"content":{"rendered":"<p>Es ist eigentlich ein Wort aus dem Niederdeutschen: <strong>bregenkl\u00f6terig<\/strong>. Das bedeutet so viel wie \u00bbetwas durcheinander\u00ab oder \u00bbverwirrt\u00ab, manchmal auch schlichtweg \u00bbbl\u00f6d\u00ab. Meine Frau, die in Mittelfranken aufgewachsen ist, hat gro\u00dfe Schwierigkeiten, bei der Aussprache des Wortes das <em>r<\/em> richtig zu rollen, und zwar mit der Zunge am vorderen Gaumen oben. Dann und wann kann ich meine Frau mit diesem Wort etwas reizen, denn sie hat es bisher nicht fertiggebracht, es mit dem richtig gerollten <em>r<\/em> \u00fcber ihre Lippen zu bringen. Allerdings werde ich dann meinerseits gefordert, bestimmte W\u00f6rter in der fr\u00e4nkischen Mundart zu artikulieren, was mir auch nur teilweise oder gar nicht gelingt. Immerhin: \u00bbBregenkl\u00f6terig\u00ab hat sich in unserer Alltagssprache eingeb\u00fcrgert.<\/p>\n<p><strong>Helmut P. Hagge<\/strong>, Hamburg<\/p>\n","protected":false},"excerpt":{"rendered":"<p>Es ist eigentlich ein Wort aus dem Niederdeutschen: bregenkl\u00f6terig. Das bedeutet so viel wie \u00bbetwas durcheinander\u00ab oder \u00bbverwirrt\u00ab, manchmal auch schlichtweg \u00bbbl\u00f6d\u00ab. Meine Frau, die in Mittelfranken aufgewachsen ist, hat gro\u00dfe Schwierigkeiten, bei der Aussprache des Wortes das r richtig zu rollen, und zwar mit der Zunge am vorderen Gaumen oben. Dann und wann kann [&hellip;]<\/p>\n","protected":false},"author":265,"featured_media":0,"comment_status":"open","ping_status":"open","sticky":false,"template":"","format":"standard","meta":{"_jetpack_memberships_contains_paid_content":false,"footnotes":""},"categories":[5687],"tags":[],"class_list":["post-11409","post","type-post","status-publish","format-standard","hentry","category-mein-wort-schatz"],"yoast_head":"<!-- This site is optimized with the Yoast SEO plugin v21.0 - https:\/\/yoast.com\/wordpress\/plugins\/seo\/ -->\n<title>Bregenkl\u00f6terig: Mein Wort-Schatz - ZEIT der Leser<\/title>\n<meta name=\"robots\" content=\"index, follow, max-snippet:-1, max-image-preview:large, max-video-preview:-1\" \/>\n<link rel=\"canonical\" href=\"https:\/\/blog.zeit.de\/zeit-der-leser\/2012\/11\/08\/mein-wort-schatz-bregenkloeterig\/\" \/>\n<meta property=\"og:locale\" content=\"de_DE\" \/>\n<meta property=\"og:type\" content=\"article\" \/>\n<meta property=\"og:title\" content=\"Bregenkl\u00f6terig: Mein Wort-Schatz - ZEIT der Leser\" \/>\n<meta property=\"og:description\" content=\"Es ist eigentlich ein Wort aus dem Niederdeutschen: bregenkl\u00f6terig. Das bedeutet so viel wie \u00bbetwas durcheinander\u00ab oder \u00bbverwirrt\u00ab, manchmal auch schlichtweg \u00bbbl\u00f6d\u00ab. Meine Frau, die in Mittelfranken aufgewachsen ist, hat gro\u00dfe Schwierigkeiten, bei der Aussprache des Wortes das r richtig zu rollen, und zwar mit der Zunge am vorderen Gaumen oben. Dann und wann kann [&hellip;]\" \/>\n<meta property=\"og:url\" content=\"https:\/\/blog.zeit.de\/zeit-der-leser\/2012\/11\/08\/mein-wort-schatz-bregenkloeterig\/\" \/>\n<meta property=\"og:site_name\" content=\"ZEIT der Leser\" \/>\n<meta property=\"article:published_time\" content=\"2012-11-08T11:00:27+00:00\" \/>\n<meta property=\"article:modified_time\" content=\"2015-02-20T16:02:12+00:00\" \/>\n<meta name=\"author\" content=\"&quot;Zeit der Leser&quot;-Redaktion\" \/>\n<meta name=\"twitter:card\" content=\"summary_large_image\" \/>\n<meta name=\"twitter:label1\" content=\"Geschrieben von\" \/>\n\t<meta name=\"twitter:data1\" content=\"\"Zeit der Leser\"-Redaktion\" \/>\n\t<meta name=\"twitter:label2\" content=\"Gesch\u00e4tzte Lesezeit\" \/>\n\t<meta name=\"twitter:data2\" content=\"1\u00a0Minute\" \/>\n<script type=\"application\/ld+json\" class=\"yoast-schema-graph\">{\"@context\":\"https:\/\/schema.org\",\"@graph\":[{\"@type\":\"WebPage\",\"@id\":\"https:\/\/blog.zeit.de\/zeit-der-leser\/2012\/11\/08\/mein-wort-schatz-bregenkloeterig\/\",\"url\":\"https:\/\/blog.zeit.de\/zeit-der-leser\/2012\/11\/08\/mein-wort-schatz-bregenkloeterig\/\",\"name\":\"Bregenkl\u00f6terig: Mein Wort-Schatz - ZEIT der Leser\",\"isPartOf\":{\"@id\":\"https:\/\/blog.zeit.de\/zeit-der-leser\/#website\"},\"datePublished\":\"2012-11-08T11:00:27+00:00\",\"dateModified\":\"2015-02-20T16:02:12+00:00\",\"author\":{\"@id\":\"https:\/\/blog.zeit.de\/zeit-der-leser\/#\/schema\/person\/583b14e5ad6368c23af846ecbde9f20f\"},\"breadcrumb\":{\"@id\":\"https:\/\/blog.zeit.de\/zeit-der-leser\/2012\/11\/08\/mein-wort-schatz-bregenkloeterig\/#breadcrumb\"},\"inLanguage\":\"de\",\"potentialAction\":[{\"@type\":\"ReadAction\",\"target\":[\"https:\/\/blog.zeit.de\/zeit-der-leser\/2012\/11\/08\/mein-wort-schatz-bregenkloeterig\/\"]}]},{\"@type\":\"BreadcrumbList\",\"@id\":\"https:\/\/blog.zeit.de\/zeit-der-leser\/2012\/11\/08\/mein-wort-schatz-bregenkloeterig\/#breadcrumb\",\"itemListElement\":[{\"@type\":\"ListItem\",\"position\":1,\"name\":\"Startseite\",\"item\":\"https:\/\/blog.zeit.de\/zeit-der-leser\/\"},{\"@type\":\"ListItem\",\"position\":2,\"name\":\"Bregenkl\u00f6terig: Mein Wort-Schatz\"}]},{\"@type\":\"WebSite\",\"@id\":\"https:\/\/blog.zeit.de\/zeit-der-leser\/#website\",\"url\":\"https:\/\/blog.zeit.de\/zeit-der-leser\/\",\"name\":\"ZEIT der Leser\",\"description\":\"Ein Blog mit Ihren Notizen, Gedichten und Bildern f\u00fcr die gedruckte ZEIT\",\"potentialAction\":[{\"@type\":\"SearchAction\",\"target\":{\"@type\":\"EntryPoint\",\"urlTemplate\":\"https:\/\/blog.zeit.de\/zeit-der-leser\/?s={search_term_string}\"},\"query-input\":\"required name=search_term_string\"}],\"inLanguage\":\"de\"},{\"@type\":\"Person\",\"@id\":\"https:\/\/blog.zeit.de\/zeit-der-leser\/#\/schema\/person\/583b14e5ad6368c23af846ecbde9f20f\",\"name\":\"\\\"Zeit der Leser\\\"-Redaktion\",\"image\":{\"@type\":\"ImageObject\",\"inLanguage\":\"de\",\"@id\":\"https:\/\/blog.zeit.de\/zeit-der-leser\/#\/schema\/person\/image\/\",\"url\":\"https:\/\/secure.gravatar.com\/avatar\/e801a681bd3bbf2345131a815930b48d9f8e0a94de1346b624840dc850f67ad0?s=96&d=mm&r=g\",\"contentUrl\":\"https:\/\/secure.gravatar.com\/avatar\/e801a681bd3bbf2345131a815930b48d9f8e0a94de1346b624840dc850f67ad0?s=96&d=mm&r=g\",\"caption\":\"\\\"Zeit der Leser\\\"-Redaktion\"},\"url\":\"https:\/\/blog.zeit.de\/zeit-der-leser\/author\/zeit-der-leser-redaktion\/\"}]}<\/script>\n<!-- \/ Yoast SEO plugin. -->","yoast_head_json":{"title":"Bregenkl\u00f6terig: Mein Wort-Schatz - ZEIT der Leser","robots":{"index":"index","follow":"follow","max-snippet":"max-snippet:-1","max-image-preview":"max-image-preview:large","max-video-preview":"max-video-preview:-1"},"canonical":"https:\/\/blog.zeit.de\/zeit-der-leser\/2012\/11\/08\/mein-wort-schatz-bregenkloeterig\/","og_locale":"de_DE","og_type":"article","og_title":"Bregenkl\u00f6terig: Mein Wort-Schatz - ZEIT der Leser","og_description":"Es ist eigentlich ein Wort aus dem Niederdeutschen: bregenkl\u00f6terig. Das bedeutet so viel wie \u00bbetwas durcheinander\u00ab oder \u00bbverwirrt\u00ab, manchmal auch schlichtweg \u00bbbl\u00f6d\u00ab. Meine Frau, die in Mittelfranken aufgewachsen ist, hat gro\u00dfe Schwierigkeiten, bei der Aussprache des Wortes das r richtig zu rollen, und zwar mit der Zunge am vorderen Gaumen oben. Dann und wann kann [&hellip;]","og_url":"https:\/\/blog.zeit.de\/zeit-der-leser\/2012\/11\/08\/mein-wort-schatz-bregenkloeterig\/","og_site_name":"ZEIT der Leser","article_published_time":"2012-11-08T11:00:27+00:00","article_modified_time":"2015-02-20T16:02:12+00:00","author":"\"Zeit der Leser\"-Redaktion","twitter_card":"summary_large_image","twitter_misc":{"Geschrieben von":"\"Zeit der Leser\"-Redaktion","Gesch\u00e4tzte Lesezeit":"1\u00a0Minute"},"schema":{"@context":"https:\/\/schema.org","@graph":[{"@type":"WebPage","@id":"https:\/\/blog.zeit.de\/zeit-der-leser\/2012\/11\/08\/mein-wort-schatz-bregenkloeterig\/","url":"https:\/\/blog.zeit.de\/zeit-der-leser\/2012\/11\/08\/mein-wort-schatz-bregenkloeterig\/","name":"Bregenkl\u00f6terig: Mein Wort-Schatz - ZEIT der Leser","isPartOf":{"@id":"https:\/\/blog.zeit.de\/zeit-der-leser\/#website"},"datePublished":"2012-11-08T11:00:27+00:00","dateModified":"2015-02-20T16:02:12+00:00","author":{"@id":"https:\/\/blog.zeit.de\/zeit-der-leser\/#\/schema\/person\/583b14e5ad6368c23af846ecbde9f20f"},"breadcrumb":{"@id":"https:\/\/blog.zeit.de\/zeit-der-leser\/2012\/11\/08\/mein-wort-schatz-bregenkloeterig\/#breadcrumb"},"inLanguage":"de","potentialAction":[{"@type":"ReadAction","target":["https:\/\/blog.zeit.de\/zeit-der-leser\/2012\/11\/08\/mein-wort-schatz-bregenkloeterig\/"]}]},{"@type":"BreadcrumbList","@id":"https:\/\/blog.zeit.de\/zeit-der-leser\/2012\/11\/08\/mein-wort-schatz-bregenkloeterig\/#breadcrumb","itemListElement":[{"@type":"ListItem","position":1,"name":"Startseite","item":"https:\/\/blog.zeit.de\/zeit-der-leser\/"},{"@type":"ListItem","position":2,"name":"Bregenkl\u00f6terig: Mein Wort-Schatz"}]},{"@type":"WebSite","@id":"https:\/\/blog.zeit.de\/zeit-der-leser\/#website","url":"https:\/\/blog.zeit.de\/zeit-der-leser\/","name":"ZEIT der Leser","description":"Ein Blog mit Ihren Notizen, Gedichten und Bildern f\u00fcr die gedruckte ZEIT","potentialAction":[{"@type":"SearchAction","target":{"@type":"EntryPoint","urlTemplate":"https:\/\/blog.zeit.de\/zeit-der-leser\/?s={search_term_string}"},"query-input":"required name=search_term_string"}],"inLanguage":"de"},{"@type":"Person","@id":"https:\/\/blog.zeit.de\/zeit-der-leser\/#\/schema\/person\/583b14e5ad6368c23af846ecbde9f20f","name":"\"Zeit der Leser\"-Redaktion","image":{"@type":"ImageObject","inLanguage":"de","@id":"https:\/\/blog.zeit.de\/zeit-der-leser\/#\/schema\/person\/image\/","url":"https:\/\/secure.gravatar.com\/avatar\/e801a681bd3bbf2345131a815930b48d9f8e0a94de1346b624840dc850f67ad0?s=96&d=mm&r=g","contentUrl":"https:\/\/secure.gravatar.com\/avatar\/e801a681bd3bbf2345131a815930b48d9f8e0a94de1346b624840dc850f67ad0?s=96&d=mm&r=g","caption":"\"Zeit der Leser\"-Redaktion"},"url":"https:\/\/blog.zeit.de\/zeit-der-leser\/author\/zeit-der-leser-redaktion\/"}]}},"jetpack_featured_media_url":"","jetpack_sharing_enabled":true,"_links":{"self":[{"href":"https:\/\/blog.zeit.de\/zeit-der-leser\/wp-json\/wp\/v2\/posts\/11409","targetHints":{"allow":["GET"]}}],"collection":[{"href":"https:\/\/blog.zeit.de\/zeit-der-leser\/wp-json\/wp\/v2\/posts"}],"about":[{"href":"https:\/\/blog.zeit.de\/zeit-der-leser\/wp-json\/wp\/v2\/types\/post"}],"author":[{"embeddable":true,"href":"https:\/\/blog.zeit.de\/zeit-der-leser\/wp-json\/wp\/v2\/users\/265"}],"replies":[{"embeddable":true,"href":"https:\/\/blog.zeit.de\/zeit-der-leser\/wp-json\/wp\/v2\/comments?post=11409"}],"version-history":[{"count":3,"href":"https:\/\/blog.zeit.de\/zeit-der-leser\/wp-json\/wp\/v2\/posts\/11409\/revisions"}],"predecessor-version":[{"id":17474,"href":"https:\/\/blog.zeit.de\/zeit-der-leser\/wp-json\/wp\/v2\/posts\/11409\/revisions\/17474"}],"wp:attachment":[{"href":"https:\/\/blog.zeit.de\/zeit-der-leser\/wp-json\/wp\/v2\/media?parent=11409"}],"wp:term":[{"taxonomy":"category","embeddable":true,"href":"https:\/\/blog.zeit.de\/zeit-der-leser\/wp-json\/wp\/v2\/categories?post=11409"},{"taxonomy":"post_tag","embeddable":true,"href":"https:\/\/blog.zeit.de\/zeit-der-leser\/wp-json\/wp\/v2\/tags?post=11409"}],"curies":[{"name":"wp","href":"https:\/\/api.w.org\/{rel}","templated":true}]}}