{"id":11450,"date":"2012-11-10T12:00:20","date_gmt":"2012-11-10T11:00:20","guid":{"rendered":"http:\/\/blog.zeit.de\/zeit-der-leser\/?p=11450"},"modified":"2015-02-20T17:04:07","modified_gmt":"2015-02-20T16:04:07","slug":"mein-wort-schatz-ach-du-liebe-guete","status":"publish","type":"post","link":"https:\/\/blog.zeit.de\/zeit-der-leser\/2012\/11\/10\/mein-wort-schatz-ach-du-liebe-guete\/","title":{"rendered":"Ach, du liebe G\u00fcte: Mein Wort-Schatz"},"content":{"rendered":"<p>Schon lange habe ich nicht mehr \u00bb<strong>Ach, du liebe G\u00fcte!<\/strong>\u00ab geh\u00f6rt. Ob es daran liegt, dass die G\u00fcte an sich eine eher unpopul\u00e4re Eigenschaft geworden ist?<\/p>\n<p>Wie herrlich nostalgisch h\u00f6rt es sich an, wenn die K\u00f6chin beim An- blick des \u00fcberkochenden Topfes ausruft: \u00bbAch, du liebe G\u00fcte!\u00ab Oder der unerwartete Besuch vor der T\u00fcr steht und die t\u00fcchtige Hausfrau gerade beim St\u00f6bern \u00fcberrascht wird: \u00bbAch, du liebe G\u00fcte!\u00ab Die Frage ist auch: Wenden sie sich an die G\u00fcte direkt, um ein \u00bbg\u00fctiges\u00ab Einwirken einer immateriellen Kraft zu erlangen, oder machen sie nur ihrem Erschrecken Luft? Und \u00fcberhaupt: Wie wirkt der Ausruf? Wer h\u00f6rt ihn? Wer hilft? Fragen \u00fcber Fragen.<\/p>\n<p>Auf jeden Fall wirkt das Anrufen der G\u00fcte immer beruhigend: Die G\u00fcte ist gro\u00df und gro\u00dfherzig. Wie wohltuend, zu wissen, dass es mehr gibt als Schrecken und Verunsiche- rung, n\u00e4mlich die \u00bbliebe G\u00fcte\u00ab!<\/p>\n<p><strong>Beatrix Strobl<\/strong>,\u00a0Eurasburg, Oberbayern<\/p>\n","protected":false},"excerpt":{"rendered":"<p>Schon lange habe ich nicht mehr \u00bbAch, du liebe G\u00fcte!\u00ab geh\u00f6rt. Ob es daran liegt, dass die G\u00fcte an sich eine eher unpopul\u00e4re Eigenschaft geworden ist? Wie herrlich nostalgisch h\u00f6rt es sich an, wenn die K\u00f6chin beim An- blick des \u00fcberkochenden Topfes ausruft: \u00bbAch, du liebe G\u00fcte!\u00ab Oder der unerwartete Besuch vor der T\u00fcr steht [&hellip;]<\/p>\n","protected":false},"author":265,"featured_media":0,"comment_status":"open","ping_status":"open","sticky":false,"template":"","format":"standard","meta":{"_jetpack_memberships_contains_paid_content":false,"footnotes":""},"categories":[5687],"tags":[],"class_list":["post-11450","post","type-post","status-publish","format-standard","hentry","category-mein-wort-schatz"],"yoast_head":"<!-- This site is optimized with the Yoast SEO plugin v21.0 - https:\/\/yoast.com\/wordpress\/plugins\/seo\/ -->\n<title>Ach, du liebe G\u00fcte: Mein Wort-Schatz - ZEIT der Leser<\/title>\n<meta name=\"robots\" content=\"index, follow, max-snippet:-1, max-image-preview:large, max-video-preview:-1\" \/>\n<link rel=\"canonical\" href=\"https:\/\/blog.zeit.de\/zeit-der-leser\/2012\/11\/10\/mein-wort-schatz-ach-du-liebe-guete\/\" \/>\n<meta property=\"og:locale\" content=\"de_DE\" \/>\n<meta property=\"og:type\" content=\"article\" \/>\n<meta property=\"og:title\" content=\"Ach, du liebe G\u00fcte: Mein Wort-Schatz - ZEIT der Leser\" \/>\n<meta property=\"og:description\" content=\"Schon lange habe ich nicht mehr \u00bbAch, du liebe G\u00fcte!\u00ab geh\u00f6rt. Ob es daran liegt, dass die G\u00fcte an sich eine eher unpopul\u00e4re Eigenschaft geworden ist? Wie herrlich nostalgisch h\u00f6rt es sich an, wenn die K\u00f6chin beim An- blick des \u00fcberkochenden Topfes ausruft: \u00bbAch, du liebe G\u00fcte!\u00ab Oder der unerwartete Besuch vor der T\u00fcr steht [&hellip;]\" \/>\n<meta property=\"og:url\" content=\"https:\/\/blog.zeit.de\/zeit-der-leser\/2012\/11\/10\/mein-wort-schatz-ach-du-liebe-guete\/\" \/>\n<meta property=\"og:site_name\" content=\"ZEIT der Leser\" \/>\n<meta property=\"article:published_time\" content=\"2012-11-10T11:00:20+00:00\" \/>\n<meta property=\"article:modified_time\" content=\"2015-02-20T16:04:07+00:00\" \/>\n<meta name=\"author\" content=\"&quot;Zeit der Leser&quot;-Redaktion\" \/>\n<meta name=\"twitter:card\" content=\"summary_large_image\" \/>\n<meta name=\"twitter:label1\" content=\"Geschrieben von\" \/>\n\t<meta name=\"twitter:data1\" content=\"\"Zeit der Leser\"-Redaktion\" \/>\n\t<meta name=\"twitter:label2\" content=\"Gesch\u00e4tzte Lesezeit\" \/>\n\t<meta name=\"twitter:data2\" content=\"1\u00a0Minute\" \/>\n<script type=\"application\/ld+json\" class=\"yoast-schema-graph\">{\"@context\":\"https:\/\/schema.org\",\"@graph\":[{\"@type\":\"WebPage\",\"@id\":\"https:\/\/blog.zeit.de\/zeit-der-leser\/2012\/11\/10\/mein-wort-schatz-ach-du-liebe-guete\/\",\"url\":\"https:\/\/blog.zeit.de\/zeit-der-leser\/2012\/11\/10\/mein-wort-schatz-ach-du-liebe-guete\/\",\"name\":\"Ach, du liebe G\u00fcte: Mein Wort-Schatz - ZEIT der Leser\",\"isPartOf\":{\"@id\":\"https:\/\/blog.zeit.de\/zeit-der-leser\/#website\"},\"datePublished\":\"2012-11-10T11:00:20+00:00\",\"dateModified\":\"2015-02-20T16:04:07+00:00\",\"author\":{\"@id\":\"https:\/\/blog.zeit.de\/zeit-der-leser\/#\/schema\/person\/583b14e5ad6368c23af846ecbde9f20f\"},\"breadcrumb\":{\"@id\":\"https:\/\/blog.zeit.de\/zeit-der-leser\/2012\/11\/10\/mein-wort-schatz-ach-du-liebe-guete\/#breadcrumb\"},\"inLanguage\":\"de\",\"potentialAction\":[{\"@type\":\"ReadAction\",\"target\":[\"https:\/\/blog.zeit.de\/zeit-der-leser\/2012\/11\/10\/mein-wort-schatz-ach-du-liebe-guete\/\"]}]},{\"@type\":\"BreadcrumbList\",\"@id\":\"https:\/\/blog.zeit.de\/zeit-der-leser\/2012\/11\/10\/mein-wort-schatz-ach-du-liebe-guete\/#breadcrumb\",\"itemListElement\":[{\"@type\":\"ListItem\",\"position\":1,\"name\":\"Startseite\",\"item\":\"https:\/\/blog.zeit.de\/zeit-der-leser\/\"},{\"@type\":\"ListItem\",\"position\":2,\"name\":\"Ach, du liebe G\u00fcte: Mein Wort-Schatz\"}]},{\"@type\":\"WebSite\",\"@id\":\"https:\/\/blog.zeit.de\/zeit-der-leser\/#website\",\"url\":\"https:\/\/blog.zeit.de\/zeit-der-leser\/\",\"name\":\"ZEIT der Leser\",\"description\":\"Ein Blog mit Ihren Notizen, Gedichten und Bildern f\u00fcr die gedruckte ZEIT\",\"potentialAction\":[{\"@type\":\"SearchAction\",\"target\":{\"@type\":\"EntryPoint\",\"urlTemplate\":\"https:\/\/blog.zeit.de\/zeit-der-leser\/?s={search_term_string}\"},\"query-input\":\"required name=search_term_string\"}],\"inLanguage\":\"de\"},{\"@type\":\"Person\",\"@id\":\"https:\/\/blog.zeit.de\/zeit-der-leser\/#\/schema\/person\/583b14e5ad6368c23af846ecbde9f20f\",\"name\":\"\\\"Zeit der Leser\\\"-Redaktion\",\"image\":{\"@type\":\"ImageObject\",\"inLanguage\":\"de\",\"@id\":\"https:\/\/blog.zeit.de\/zeit-der-leser\/#\/schema\/person\/image\/\",\"url\":\"https:\/\/secure.gravatar.com\/avatar\/e801a681bd3bbf2345131a815930b48d9f8e0a94de1346b624840dc850f67ad0?s=96&d=mm&r=g\",\"contentUrl\":\"https:\/\/secure.gravatar.com\/avatar\/e801a681bd3bbf2345131a815930b48d9f8e0a94de1346b624840dc850f67ad0?s=96&d=mm&r=g\",\"caption\":\"\\\"Zeit der Leser\\\"-Redaktion\"},\"url\":\"https:\/\/blog.zeit.de\/zeit-der-leser\/author\/zeit-der-leser-redaktion\/\"}]}<\/script>\n<!-- \/ Yoast SEO plugin. -->","yoast_head_json":{"title":"Ach, du liebe G\u00fcte: Mein Wort-Schatz - ZEIT der Leser","robots":{"index":"index","follow":"follow","max-snippet":"max-snippet:-1","max-image-preview":"max-image-preview:large","max-video-preview":"max-video-preview:-1"},"canonical":"https:\/\/blog.zeit.de\/zeit-der-leser\/2012\/11\/10\/mein-wort-schatz-ach-du-liebe-guete\/","og_locale":"de_DE","og_type":"article","og_title":"Ach, du liebe G\u00fcte: Mein Wort-Schatz - ZEIT der Leser","og_description":"Schon lange habe ich nicht mehr \u00bbAch, du liebe G\u00fcte!\u00ab geh\u00f6rt. Ob es daran liegt, dass die G\u00fcte an sich eine eher unpopul\u00e4re Eigenschaft geworden ist? Wie herrlich nostalgisch h\u00f6rt es sich an, wenn die K\u00f6chin beim An- blick des \u00fcberkochenden Topfes ausruft: \u00bbAch, du liebe G\u00fcte!\u00ab Oder der unerwartete Besuch vor der T\u00fcr steht [&hellip;]","og_url":"https:\/\/blog.zeit.de\/zeit-der-leser\/2012\/11\/10\/mein-wort-schatz-ach-du-liebe-guete\/","og_site_name":"ZEIT der Leser","article_published_time":"2012-11-10T11:00:20+00:00","article_modified_time":"2015-02-20T16:04:07+00:00","author":"\"Zeit der Leser\"-Redaktion","twitter_card":"summary_large_image","twitter_misc":{"Geschrieben von":"\"Zeit der Leser\"-Redaktion","Gesch\u00e4tzte Lesezeit":"1\u00a0Minute"},"schema":{"@context":"https:\/\/schema.org","@graph":[{"@type":"WebPage","@id":"https:\/\/blog.zeit.de\/zeit-der-leser\/2012\/11\/10\/mein-wort-schatz-ach-du-liebe-guete\/","url":"https:\/\/blog.zeit.de\/zeit-der-leser\/2012\/11\/10\/mein-wort-schatz-ach-du-liebe-guete\/","name":"Ach, du liebe G\u00fcte: Mein Wort-Schatz - ZEIT der Leser","isPartOf":{"@id":"https:\/\/blog.zeit.de\/zeit-der-leser\/#website"},"datePublished":"2012-11-10T11:00:20+00:00","dateModified":"2015-02-20T16:04:07+00:00","author":{"@id":"https:\/\/blog.zeit.de\/zeit-der-leser\/#\/schema\/person\/583b14e5ad6368c23af846ecbde9f20f"},"breadcrumb":{"@id":"https:\/\/blog.zeit.de\/zeit-der-leser\/2012\/11\/10\/mein-wort-schatz-ach-du-liebe-guete\/#breadcrumb"},"inLanguage":"de","potentialAction":[{"@type":"ReadAction","target":["https:\/\/blog.zeit.de\/zeit-der-leser\/2012\/11\/10\/mein-wort-schatz-ach-du-liebe-guete\/"]}]},{"@type":"BreadcrumbList","@id":"https:\/\/blog.zeit.de\/zeit-der-leser\/2012\/11\/10\/mein-wort-schatz-ach-du-liebe-guete\/#breadcrumb","itemListElement":[{"@type":"ListItem","position":1,"name":"Startseite","item":"https:\/\/blog.zeit.de\/zeit-der-leser\/"},{"@type":"ListItem","position":2,"name":"Ach, du liebe G\u00fcte: Mein Wort-Schatz"}]},{"@type":"WebSite","@id":"https:\/\/blog.zeit.de\/zeit-der-leser\/#website","url":"https:\/\/blog.zeit.de\/zeit-der-leser\/","name":"ZEIT der Leser","description":"Ein Blog mit Ihren Notizen, Gedichten und Bildern f\u00fcr die gedruckte ZEIT","potentialAction":[{"@type":"SearchAction","target":{"@type":"EntryPoint","urlTemplate":"https:\/\/blog.zeit.de\/zeit-der-leser\/?s={search_term_string}"},"query-input":"required name=search_term_string"}],"inLanguage":"de"},{"@type":"Person","@id":"https:\/\/blog.zeit.de\/zeit-der-leser\/#\/schema\/person\/583b14e5ad6368c23af846ecbde9f20f","name":"\"Zeit der Leser\"-Redaktion","image":{"@type":"ImageObject","inLanguage":"de","@id":"https:\/\/blog.zeit.de\/zeit-der-leser\/#\/schema\/person\/image\/","url":"https:\/\/secure.gravatar.com\/avatar\/e801a681bd3bbf2345131a815930b48d9f8e0a94de1346b624840dc850f67ad0?s=96&d=mm&r=g","contentUrl":"https:\/\/secure.gravatar.com\/avatar\/e801a681bd3bbf2345131a815930b48d9f8e0a94de1346b624840dc850f67ad0?s=96&d=mm&r=g","caption":"\"Zeit der Leser\"-Redaktion"},"url":"https:\/\/blog.zeit.de\/zeit-der-leser\/author\/zeit-der-leser-redaktion\/"}]}},"jetpack_featured_media_url":"","jetpack_sharing_enabled":true,"_links":{"self":[{"href":"https:\/\/blog.zeit.de\/zeit-der-leser\/wp-json\/wp\/v2\/posts\/11450","targetHints":{"allow":["GET"]}}],"collection":[{"href":"https:\/\/blog.zeit.de\/zeit-der-leser\/wp-json\/wp\/v2\/posts"}],"about":[{"href":"https:\/\/blog.zeit.de\/zeit-der-leser\/wp-json\/wp\/v2\/types\/post"}],"author":[{"embeddable":true,"href":"https:\/\/blog.zeit.de\/zeit-der-leser\/wp-json\/wp\/v2\/users\/265"}],"replies":[{"embeddable":true,"href":"https:\/\/blog.zeit.de\/zeit-der-leser\/wp-json\/wp\/v2\/comments?post=11450"}],"version-history":[{"count":3,"href":"https:\/\/blog.zeit.de\/zeit-der-leser\/wp-json\/wp\/v2\/posts\/11450\/revisions"}],"predecessor-version":[{"id":17473,"href":"https:\/\/blog.zeit.de\/zeit-der-leser\/wp-json\/wp\/v2\/posts\/11450\/revisions\/17473"}],"wp:attachment":[{"href":"https:\/\/blog.zeit.de\/zeit-der-leser\/wp-json\/wp\/v2\/media?parent=11450"}],"wp:term":[{"taxonomy":"category","embeddable":true,"href":"https:\/\/blog.zeit.de\/zeit-der-leser\/wp-json\/wp\/v2\/categories?post=11450"},{"taxonomy":"post_tag","embeddable":true,"href":"https:\/\/blog.zeit.de\/zeit-der-leser\/wp-json\/wp\/v2\/tags?post=11450"}],"curies":[{"name":"wp","href":"https:\/\/api.w.org\/{rel}","templated":true}]}}