{"id":11647,"date":"2012-12-06T12:00:20","date_gmt":"2012-12-06T11:00:20","guid":{"rendered":"http:\/\/blog.zeit.de\/zeit-der-leser\/?p=11647"},"modified":"2015-02-20T16:57:57","modified_gmt":"2015-02-20T15:57:57","slug":"mein-wort-schatz-daemmerstunde","status":"publish","type":"post","link":"https:\/\/blog.zeit.de\/zeit-der-leser\/2012\/12\/06\/mein-wort-schatz-daemmerstunde\/","title":{"rendered":"D\u00e4mmerstunde: Mein Wort-Schatz"},"content":{"rendered":"<p>Als Kind lebte ich mit meinen Eltern in einer kleinen Wohnung in Augsburg. Wenn es im Winter fr\u00fch dunkel wurde, klemmte meine Mutter sp\u00e4tnachmittags immer eine kleine Leselampe an unseren K\u00fcchentisch, legte einen Apfel zum Braten auf die hei\u00dfe Herdplatte und l\u00f6schte die Deckenbeleuchtung in unserer Wohnk\u00fcche. Dann kuschelten wir uns eng aneinander auf das Sofa, das Feuer im Ofen prasselte, und meine Mutter las mir Geschichten vor. Unsere magische <strong>D\u00e4mmerstunde<\/strong> dauerte leider immer nur so lange, bis mein eher realistisch veranlagter Vater von der Arbeit nach Hause kam. Mit den Worten \u00bbWarum sitzt ihr denn hier im Dunkeln?\u00ab knipste er die Deckenlampe wieder an und holte uns etwas unsanft aus unserer Traumwelt in die hellglei\u00dfende Wirklichkeit zur\u00fcck.<\/p>\n<p><strong>Regina Sp\u00f6ttl<\/strong>, Flensburg<\/p>\n","protected":false},"excerpt":{"rendered":"<p>Als Kind lebte ich mit meinen Eltern in einer kleinen Wohnung in Augsburg. Wenn es im Winter fr\u00fch dunkel wurde, klemmte meine Mutter sp\u00e4tnachmittags immer eine kleine Leselampe an unseren K\u00fcchentisch, legte einen Apfel zum Braten auf die hei\u00dfe Herdplatte und l\u00f6schte die Deckenbeleuchtung in unserer Wohnk\u00fcche. Dann kuschelten wir uns eng aneinander auf das [&hellip;]<\/p>\n","protected":false},"author":265,"featured_media":0,"comment_status":"open","ping_status":"open","sticky":false,"template":"","format":"standard","meta":{"_jetpack_memberships_contains_paid_content":false,"footnotes":""},"categories":[5687],"tags":[],"class_list":["post-11647","post","type-post","status-publish","format-standard","hentry","category-mein-wort-schatz"],"yoast_head":"<!-- This site is optimized with the Yoast SEO plugin v21.0 - https:\/\/yoast.com\/wordpress\/plugins\/seo\/ -->\n<title>D\u00e4mmerstunde: Mein Wort-Schatz - ZEIT der Leser<\/title>\n<meta name=\"robots\" content=\"index, follow, max-snippet:-1, max-image-preview:large, max-video-preview:-1\" \/>\n<link rel=\"canonical\" href=\"https:\/\/blog.zeit.de\/zeit-der-leser\/2012\/12\/06\/mein-wort-schatz-daemmerstunde\/\" \/>\n<meta property=\"og:locale\" content=\"de_DE\" \/>\n<meta property=\"og:type\" content=\"article\" \/>\n<meta property=\"og:title\" content=\"D\u00e4mmerstunde: Mein Wort-Schatz - ZEIT der Leser\" \/>\n<meta property=\"og:description\" content=\"Als Kind lebte ich mit meinen Eltern in einer kleinen Wohnung in Augsburg. Wenn es im Winter fr\u00fch dunkel wurde, klemmte meine Mutter sp\u00e4tnachmittags immer eine kleine Leselampe an unseren K\u00fcchentisch, legte einen Apfel zum Braten auf die hei\u00dfe Herdplatte und l\u00f6schte die Deckenbeleuchtung in unserer Wohnk\u00fcche. Dann kuschelten wir uns eng aneinander auf das [&hellip;]\" \/>\n<meta property=\"og:url\" content=\"https:\/\/blog.zeit.de\/zeit-der-leser\/2012\/12\/06\/mein-wort-schatz-daemmerstunde\/\" \/>\n<meta property=\"og:site_name\" content=\"ZEIT der Leser\" \/>\n<meta property=\"article:published_time\" content=\"2012-12-06T11:00:20+00:00\" \/>\n<meta property=\"article:modified_time\" content=\"2015-02-20T15:57:57+00:00\" \/>\n<meta name=\"author\" content=\"&quot;Zeit der Leser&quot;-Redaktion\" \/>\n<meta name=\"twitter:card\" content=\"summary_large_image\" \/>\n<meta name=\"twitter:label1\" content=\"Geschrieben von\" \/>\n\t<meta name=\"twitter:data1\" content=\"\"Zeit der Leser\"-Redaktion\" \/>\n\t<meta name=\"twitter:label2\" content=\"Gesch\u00e4tzte Lesezeit\" \/>\n\t<meta name=\"twitter:data2\" content=\"1\u00a0Minute\" \/>\n<script type=\"application\/ld+json\" class=\"yoast-schema-graph\">{\"@context\":\"https:\/\/schema.org\",\"@graph\":[{\"@type\":\"WebPage\",\"@id\":\"https:\/\/blog.zeit.de\/zeit-der-leser\/2012\/12\/06\/mein-wort-schatz-daemmerstunde\/\",\"url\":\"https:\/\/blog.zeit.de\/zeit-der-leser\/2012\/12\/06\/mein-wort-schatz-daemmerstunde\/\",\"name\":\"D\u00e4mmerstunde: Mein Wort-Schatz - ZEIT der Leser\",\"isPartOf\":{\"@id\":\"https:\/\/blog.zeit.de\/zeit-der-leser\/#website\"},\"datePublished\":\"2012-12-06T11:00:20+00:00\",\"dateModified\":\"2015-02-20T15:57:57+00:00\",\"author\":{\"@id\":\"https:\/\/blog.zeit.de\/zeit-der-leser\/#\/schema\/person\/583b14e5ad6368c23af846ecbde9f20f\"},\"breadcrumb\":{\"@id\":\"https:\/\/blog.zeit.de\/zeit-der-leser\/2012\/12\/06\/mein-wort-schatz-daemmerstunde\/#breadcrumb\"},\"inLanguage\":\"de\",\"potentialAction\":[{\"@type\":\"ReadAction\",\"target\":[\"https:\/\/blog.zeit.de\/zeit-der-leser\/2012\/12\/06\/mein-wort-schatz-daemmerstunde\/\"]}]},{\"@type\":\"BreadcrumbList\",\"@id\":\"https:\/\/blog.zeit.de\/zeit-der-leser\/2012\/12\/06\/mein-wort-schatz-daemmerstunde\/#breadcrumb\",\"itemListElement\":[{\"@type\":\"ListItem\",\"position\":1,\"name\":\"Startseite\",\"item\":\"https:\/\/blog.zeit.de\/zeit-der-leser\/\"},{\"@type\":\"ListItem\",\"position\":2,\"name\":\"D\u00e4mmerstunde: Mein Wort-Schatz\"}]},{\"@type\":\"WebSite\",\"@id\":\"https:\/\/blog.zeit.de\/zeit-der-leser\/#website\",\"url\":\"https:\/\/blog.zeit.de\/zeit-der-leser\/\",\"name\":\"ZEIT der Leser\",\"description\":\"Ein Blog mit Ihren Notizen, Gedichten und Bildern f\u00fcr die gedruckte ZEIT\",\"potentialAction\":[{\"@type\":\"SearchAction\",\"target\":{\"@type\":\"EntryPoint\",\"urlTemplate\":\"https:\/\/blog.zeit.de\/zeit-der-leser\/?s={search_term_string}\"},\"query-input\":\"required name=search_term_string\"}],\"inLanguage\":\"de\"},{\"@type\":\"Person\",\"@id\":\"https:\/\/blog.zeit.de\/zeit-der-leser\/#\/schema\/person\/583b14e5ad6368c23af846ecbde9f20f\",\"name\":\"\\\"Zeit der Leser\\\"-Redaktion\",\"image\":{\"@type\":\"ImageObject\",\"inLanguage\":\"de\",\"@id\":\"https:\/\/blog.zeit.de\/zeit-der-leser\/#\/schema\/person\/image\/\",\"url\":\"https:\/\/secure.gravatar.com\/avatar\/e801a681bd3bbf2345131a815930b48d9f8e0a94de1346b624840dc850f67ad0?s=96&d=mm&r=g\",\"contentUrl\":\"https:\/\/secure.gravatar.com\/avatar\/e801a681bd3bbf2345131a815930b48d9f8e0a94de1346b624840dc850f67ad0?s=96&d=mm&r=g\",\"caption\":\"\\\"Zeit der Leser\\\"-Redaktion\"},\"url\":\"https:\/\/blog.zeit.de\/zeit-der-leser\/author\/zeit-der-leser-redaktion\/\"}]}<\/script>\n<!-- \/ Yoast SEO plugin. -->","yoast_head_json":{"title":"D\u00e4mmerstunde: Mein Wort-Schatz - ZEIT der Leser","robots":{"index":"index","follow":"follow","max-snippet":"max-snippet:-1","max-image-preview":"max-image-preview:large","max-video-preview":"max-video-preview:-1"},"canonical":"https:\/\/blog.zeit.de\/zeit-der-leser\/2012\/12\/06\/mein-wort-schatz-daemmerstunde\/","og_locale":"de_DE","og_type":"article","og_title":"D\u00e4mmerstunde: Mein Wort-Schatz - ZEIT der Leser","og_description":"Als Kind lebte ich mit meinen Eltern in einer kleinen Wohnung in Augsburg. Wenn es im Winter fr\u00fch dunkel wurde, klemmte meine Mutter sp\u00e4tnachmittags immer eine kleine Leselampe an unseren K\u00fcchentisch, legte einen Apfel zum Braten auf die hei\u00dfe Herdplatte und l\u00f6schte die Deckenbeleuchtung in unserer Wohnk\u00fcche. Dann kuschelten wir uns eng aneinander auf das [&hellip;]","og_url":"https:\/\/blog.zeit.de\/zeit-der-leser\/2012\/12\/06\/mein-wort-schatz-daemmerstunde\/","og_site_name":"ZEIT der Leser","article_published_time":"2012-12-06T11:00:20+00:00","article_modified_time":"2015-02-20T15:57:57+00:00","author":"\"Zeit der Leser\"-Redaktion","twitter_card":"summary_large_image","twitter_misc":{"Geschrieben von":"\"Zeit der Leser\"-Redaktion","Gesch\u00e4tzte Lesezeit":"1\u00a0Minute"},"schema":{"@context":"https:\/\/schema.org","@graph":[{"@type":"WebPage","@id":"https:\/\/blog.zeit.de\/zeit-der-leser\/2012\/12\/06\/mein-wort-schatz-daemmerstunde\/","url":"https:\/\/blog.zeit.de\/zeit-der-leser\/2012\/12\/06\/mein-wort-schatz-daemmerstunde\/","name":"D\u00e4mmerstunde: Mein Wort-Schatz - ZEIT der Leser","isPartOf":{"@id":"https:\/\/blog.zeit.de\/zeit-der-leser\/#website"},"datePublished":"2012-12-06T11:00:20+00:00","dateModified":"2015-02-20T15:57:57+00:00","author":{"@id":"https:\/\/blog.zeit.de\/zeit-der-leser\/#\/schema\/person\/583b14e5ad6368c23af846ecbde9f20f"},"breadcrumb":{"@id":"https:\/\/blog.zeit.de\/zeit-der-leser\/2012\/12\/06\/mein-wort-schatz-daemmerstunde\/#breadcrumb"},"inLanguage":"de","potentialAction":[{"@type":"ReadAction","target":["https:\/\/blog.zeit.de\/zeit-der-leser\/2012\/12\/06\/mein-wort-schatz-daemmerstunde\/"]}]},{"@type":"BreadcrumbList","@id":"https:\/\/blog.zeit.de\/zeit-der-leser\/2012\/12\/06\/mein-wort-schatz-daemmerstunde\/#breadcrumb","itemListElement":[{"@type":"ListItem","position":1,"name":"Startseite","item":"https:\/\/blog.zeit.de\/zeit-der-leser\/"},{"@type":"ListItem","position":2,"name":"D\u00e4mmerstunde: Mein Wort-Schatz"}]},{"@type":"WebSite","@id":"https:\/\/blog.zeit.de\/zeit-der-leser\/#website","url":"https:\/\/blog.zeit.de\/zeit-der-leser\/","name":"ZEIT der Leser","description":"Ein Blog mit Ihren Notizen, Gedichten und Bildern f\u00fcr die gedruckte ZEIT","potentialAction":[{"@type":"SearchAction","target":{"@type":"EntryPoint","urlTemplate":"https:\/\/blog.zeit.de\/zeit-der-leser\/?s={search_term_string}"},"query-input":"required name=search_term_string"}],"inLanguage":"de"},{"@type":"Person","@id":"https:\/\/blog.zeit.de\/zeit-der-leser\/#\/schema\/person\/583b14e5ad6368c23af846ecbde9f20f","name":"\"Zeit der Leser\"-Redaktion","image":{"@type":"ImageObject","inLanguage":"de","@id":"https:\/\/blog.zeit.de\/zeit-der-leser\/#\/schema\/person\/image\/","url":"https:\/\/secure.gravatar.com\/avatar\/e801a681bd3bbf2345131a815930b48d9f8e0a94de1346b624840dc850f67ad0?s=96&d=mm&r=g","contentUrl":"https:\/\/secure.gravatar.com\/avatar\/e801a681bd3bbf2345131a815930b48d9f8e0a94de1346b624840dc850f67ad0?s=96&d=mm&r=g","caption":"\"Zeit der Leser\"-Redaktion"},"url":"https:\/\/blog.zeit.de\/zeit-der-leser\/author\/zeit-der-leser-redaktion\/"}]}},"jetpack_featured_media_url":"","jetpack_sharing_enabled":true,"_links":{"self":[{"href":"https:\/\/blog.zeit.de\/zeit-der-leser\/wp-json\/wp\/v2\/posts\/11647","targetHints":{"allow":["GET"]}}],"collection":[{"href":"https:\/\/blog.zeit.de\/zeit-der-leser\/wp-json\/wp\/v2\/posts"}],"about":[{"href":"https:\/\/blog.zeit.de\/zeit-der-leser\/wp-json\/wp\/v2\/types\/post"}],"author":[{"embeddable":true,"href":"https:\/\/blog.zeit.de\/zeit-der-leser\/wp-json\/wp\/v2\/users\/265"}],"replies":[{"embeddable":true,"href":"https:\/\/blog.zeit.de\/zeit-der-leser\/wp-json\/wp\/v2\/comments?post=11647"}],"version-history":[{"count":3,"href":"https:\/\/blog.zeit.de\/zeit-der-leser\/wp-json\/wp\/v2\/posts\/11647\/revisions"}],"predecessor-version":[{"id":19730,"href":"https:\/\/blog.zeit.de\/zeit-der-leser\/wp-json\/wp\/v2\/posts\/11647\/revisions\/19730"}],"wp:attachment":[{"href":"https:\/\/blog.zeit.de\/zeit-der-leser\/wp-json\/wp\/v2\/media?parent=11647"}],"wp:term":[{"taxonomy":"category","embeddable":true,"href":"https:\/\/blog.zeit.de\/zeit-der-leser\/wp-json\/wp\/v2\/categories?post=11647"},{"taxonomy":"post_tag","embeddable":true,"href":"https:\/\/blog.zeit.de\/zeit-der-leser\/wp-json\/wp\/v2\/tags?post=11647"}],"curies":[{"name":"wp","href":"https:\/\/api.w.org\/{rel}","templated":true}]}}