{"id":11741,"date":"2012-12-16T15:00:48","date_gmt":"2012-12-16T14:00:48","guid":{"rendered":"http:\/\/blog.zeit.de\/zeit-der-leser\/?p=11741"},"modified":"2012-12-12T13:43:40","modified_gmt":"2012-12-12T12:43:40","slug":"das-ist-mein-ding-21","status":"publish","type":"post","link":"https:\/\/blog.zeit.de\/zeit-der-leser\/2012\/12\/16\/das-ist-mein-ding-21\/","title":{"rendered":"Das ist mein Ding"},"content":{"rendered":"<p><a href=\"https:\/\/blog.zeit.de\/zeit-der-leser\/files\/2012\/12\/s108-weihnachtsengel-ding.jpg\"><img loading=\"lazy\" decoding=\"async\" class=\"alignleft size-full wp-image-11742\" src=\"https:\/\/blog.zeit.de\/zeit-der-leser\/files\/2012\/12\/s108-weihnachtsengel-ding.jpg\" alt=\"\" width=\"540\" height=\"572\" srcset=\"https:\/\/blog.zeit.de\/zeit-der-leser\/files\/2012\/12\/s108-weihnachtsengel-ding.jpg 540w, https:\/\/blog.zeit.de\/zeit-der-leser\/files\/2012\/12\/s108-weihnachtsengel-ding-283x300.jpg 283w\" sizes=\"auto, (max-width: 540px) 100vw, 540px\" \/><\/a><\/p>\n<p>Dieser Engel geh\u00f6rte meiner Mutter. Jedes Jahr in der Adventszeit bekam er seinen Platz im Wohnzimmer. Ich fand ihn schon immer sehr sch\u00f6n, und nach dem Tod meiner Mutter vor vier Jahren fiel er mir bei der Haushaltsaufl\u00f6sung wieder in die H\u00e4nde. Nur ein kleiner Gegenstand, auch nicht von materiellem Wert, aber f\u00fcr mich mit vielen guten Erinnerungen verbunden. Jetzt steht er bei mir am Fenster. Jeden Tag sehe ich ihn an und freue mich, dass ich ihn hier habe.<\/p>\n<p><strong>Gisela Eschment<\/strong>,\u00a0Hermannsburg, Niedersachsen<\/p>\n","protected":false},"excerpt":{"rendered":"<p>Dieser Engel geh\u00f6rte meiner Mutter. Jedes Jahr in der Adventszeit bekam er seinen Platz im Wohnzimmer. Ich fand ihn schon immer sehr sch\u00f6n, und nach dem Tod meiner Mutter vor vier Jahren fiel er mir bei der Haushaltsaufl\u00f6sung wieder in die H\u00e4nde. Nur ein kleiner Gegenstand, auch nicht von materiellem Wert, aber f\u00fcr mich mit [&hellip;]<\/p>\n","protected":false},"author":265,"featured_media":0,"comment_status":"open","ping_status":"open","sticky":false,"template":"","format":"standard","meta":{"_jetpack_memberships_contains_paid_content":false,"footnotes":""},"categories":[5689],"tags":[],"class_list":["post-11741","post","type-post","status-publish","format-standard","hentry","category-mein-ding"],"yoast_head":"<!-- This site is optimized with the Yoast SEO plugin v21.0 - https:\/\/yoast.com\/wordpress\/plugins\/seo\/ -->\n<title>Das ist mein Ding - ZEIT der Leser<\/title>\n<meta name=\"robots\" content=\"index, follow, max-snippet:-1, max-image-preview:large, max-video-preview:-1\" \/>\n<link rel=\"canonical\" href=\"https:\/\/blog.zeit.de\/zeit-der-leser\/2012\/12\/16\/das-ist-mein-ding-21\/\" \/>\n<meta property=\"og:locale\" content=\"de_DE\" \/>\n<meta property=\"og:type\" content=\"article\" \/>\n<meta property=\"og:title\" content=\"Das ist mein Ding - ZEIT der Leser\" \/>\n<meta property=\"og:description\" content=\"Dieser Engel geh\u00f6rte meiner Mutter. Jedes Jahr in der Adventszeit bekam er seinen Platz im Wohnzimmer. Ich fand ihn schon immer sehr sch\u00f6n, und nach dem Tod meiner Mutter vor vier Jahren fiel er mir bei der Haushaltsaufl\u00f6sung wieder in die H\u00e4nde. Nur ein kleiner Gegenstand, auch nicht von materiellem Wert, aber f\u00fcr mich mit [&hellip;]\" \/>\n<meta property=\"og:url\" content=\"https:\/\/blog.zeit.de\/zeit-der-leser\/2012\/12\/16\/das-ist-mein-ding-21\/\" \/>\n<meta property=\"og:site_name\" content=\"ZEIT der Leser\" \/>\n<meta property=\"article:published_time\" content=\"2012-12-16T14:00:48+00:00\" \/>\n<meta property=\"article:modified_time\" content=\"2012-12-12T12:43:40+00:00\" \/>\n<meta property=\"og:image\" content=\"https:\/\/blog.zeit.de\/zeit-der-leser\/files\/2012\/12\/s108-weihnachtsengel-ding.jpg\" \/>\n<meta name=\"author\" content=\"&quot;Zeit der Leser&quot;-Redaktion\" \/>\n<meta name=\"twitter:card\" content=\"summary_large_image\" \/>\n<meta name=\"twitter:label1\" content=\"Geschrieben von\" \/>\n\t<meta name=\"twitter:data1\" content=\"\"Zeit der Leser\"-Redaktion\" \/>\n<script type=\"application\/ld+json\" class=\"yoast-schema-graph\">{\"@context\":\"https:\/\/schema.org\",\"@graph\":[{\"@type\":\"WebPage\",\"@id\":\"https:\/\/blog.zeit.de\/zeit-der-leser\/2012\/12\/16\/das-ist-mein-ding-21\/\",\"url\":\"https:\/\/blog.zeit.de\/zeit-der-leser\/2012\/12\/16\/das-ist-mein-ding-21\/\",\"name\":\"Das ist mein Ding - ZEIT der Leser\",\"isPartOf\":{\"@id\":\"https:\/\/blog.zeit.de\/zeit-der-leser\/#website\"},\"datePublished\":\"2012-12-16T14:00:48+00:00\",\"dateModified\":\"2012-12-12T12:43:40+00:00\",\"author\":{\"@id\":\"https:\/\/blog.zeit.de\/zeit-der-leser\/#\/schema\/person\/583b14e5ad6368c23af846ecbde9f20f\"},\"breadcrumb\":{\"@id\":\"https:\/\/blog.zeit.de\/zeit-der-leser\/2012\/12\/16\/das-ist-mein-ding-21\/#breadcrumb\"},\"inLanguage\":\"de\",\"potentialAction\":[{\"@type\":\"ReadAction\",\"target\":[\"https:\/\/blog.zeit.de\/zeit-der-leser\/2012\/12\/16\/das-ist-mein-ding-21\/\"]}]},{\"@type\":\"BreadcrumbList\",\"@id\":\"https:\/\/blog.zeit.de\/zeit-der-leser\/2012\/12\/16\/das-ist-mein-ding-21\/#breadcrumb\",\"itemListElement\":[{\"@type\":\"ListItem\",\"position\":1,\"name\":\"Startseite\",\"item\":\"https:\/\/blog.zeit.de\/zeit-der-leser\/\"},{\"@type\":\"ListItem\",\"position\":2,\"name\":\"Das ist mein Ding\"}]},{\"@type\":\"WebSite\",\"@id\":\"https:\/\/blog.zeit.de\/zeit-der-leser\/#website\",\"url\":\"https:\/\/blog.zeit.de\/zeit-der-leser\/\",\"name\":\"ZEIT der Leser\",\"description\":\"Ein Blog mit Ihren Notizen, Gedichten und Bildern f\u00fcr die gedruckte ZEIT\",\"potentialAction\":[{\"@type\":\"SearchAction\",\"target\":{\"@type\":\"EntryPoint\",\"urlTemplate\":\"https:\/\/blog.zeit.de\/zeit-der-leser\/?s={search_term_string}\"},\"query-input\":\"required name=search_term_string\"}],\"inLanguage\":\"de\"},{\"@type\":\"Person\",\"@id\":\"https:\/\/blog.zeit.de\/zeit-der-leser\/#\/schema\/person\/583b14e5ad6368c23af846ecbde9f20f\",\"name\":\"\\\"Zeit der Leser\\\"-Redaktion\",\"image\":{\"@type\":\"ImageObject\",\"inLanguage\":\"de\",\"@id\":\"https:\/\/blog.zeit.de\/zeit-der-leser\/#\/schema\/person\/image\/\",\"url\":\"https:\/\/secure.gravatar.com\/avatar\/e801a681bd3bbf2345131a815930b48d9f8e0a94de1346b624840dc850f67ad0?s=96&d=mm&r=g\",\"contentUrl\":\"https:\/\/secure.gravatar.com\/avatar\/e801a681bd3bbf2345131a815930b48d9f8e0a94de1346b624840dc850f67ad0?s=96&d=mm&r=g\",\"caption\":\"\\\"Zeit der Leser\\\"-Redaktion\"},\"url\":\"https:\/\/blog.zeit.de\/zeit-der-leser\/author\/zeit-der-leser-redaktion\/\"}]}<\/script>\n<!-- \/ Yoast SEO plugin. -->","yoast_head_json":{"title":"Das ist mein Ding - ZEIT der Leser","robots":{"index":"index","follow":"follow","max-snippet":"max-snippet:-1","max-image-preview":"max-image-preview:large","max-video-preview":"max-video-preview:-1"},"canonical":"https:\/\/blog.zeit.de\/zeit-der-leser\/2012\/12\/16\/das-ist-mein-ding-21\/","og_locale":"de_DE","og_type":"article","og_title":"Das ist mein Ding - ZEIT der Leser","og_description":"Dieser Engel geh\u00f6rte meiner Mutter. Jedes Jahr in der Adventszeit bekam er seinen Platz im Wohnzimmer. Ich fand ihn schon immer sehr sch\u00f6n, und nach dem Tod meiner Mutter vor vier Jahren fiel er mir bei der Haushaltsaufl\u00f6sung wieder in die H\u00e4nde. Nur ein kleiner Gegenstand, auch nicht von materiellem Wert, aber f\u00fcr mich mit [&hellip;]","og_url":"https:\/\/blog.zeit.de\/zeit-der-leser\/2012\/12\/16\/das-ist-mein-ding-21\/","og_site_name":"ZEIT der Leser","article_published_time":"2012-12-16T14:00:48+00:00","article_modified_time":"2012-12-12T12:43:40+00:00","og_image":[{"url":"https:\/\/blog.zeit.de\/zeit-der-leser\/files\/2012\/12\/s108-weihnachtsengel-ding.jpg"}],"author":"\"Zeit der Leser\"-Redaktion","twitter_card":"summary_large_image","twitter_misc":{"Geschrieben von":"\"Zeit der Leser\"-Redaktion"},"schema":{"@context":"https:\/\/schema.org","@graph":[{"@type":"WebPage","@id":"https:\/\/blog.zeit.de\/zeit-der-leser\/2012\/12\/16\/das-ist-mein-ding-21\/","url":"https:\/\/blog.zeit.de\/zeit-der-leser\/2012\/12\/16\/das-ist-mein-ding-21\/","name":"Das ist mein Ding - ZEIT der Leser","isPartOf":{"@id":"https:\/\/blog.zeit.de\/zeit-der-leser\/#website"},"datePublished":"2012-12-16T14:00:48+00:00","dateModified":"2012-12-12T12:43:40+00:00","author":{"@id":"https:\/\/blog.zeit.de\/zeit-der-leser\/#\/schema\/person\/583b14e5ad6368c23af846ecbde9f20f"},"breadcrumb":{"@id":"https:\/\/blog.zeit.de\/zeit-der-leser\/2012\/12\/16\/das-ist-mein-ding-21\/#breadcrumb"},"inLanguage":"de","potentialAction":[{"@type":"ReadAction","target":["https:\/\/blog.zeit.de\/zeit-der-leser\/2012\/12\/16\/das-ist-mein-ding-21\/"]}]},{"@type":"BreadcrumbList","@id":"https:\/\/blog.zeit.de\/zeit-der-leser\/2012\/12\/16\/das-ist-mein-ding-21\/#breadcrumb","itemListElement":[{"@type":"ListItem","position":1,"name":"Startseite","item":"https:\/\/blog.zeit.de\/zeit-der-leser\/"},{"@type":"ListItem","position":2,"name":"Das ist mein Ding"}]},{"@type":"WebSite","@id":"https:\/\/blog.zeit.de\/zeit-der-leser\/#website","url":"https:\/\/blog.zeit.de\/zeit-der-leser\/","name":"ZEIT der Leser","description":"Ein Blog mit Ihren Notizen, Gedichten und Bildern f\u00fcr die gedruckte ZEIT","potentialAction":[{"@type":"SearchAction","target":{"@type":"EntryPoint","urlTemplate":"https:\/\/blog.zeit.de\/zeit-der-leser\/?s={search_term_string}"},"query-input":"required name=search_term_string"}],"inLanguage":"de"},{"@type":"Person","@id":"https:\/\/blog.zeit.de\/zeit-der-leser\/#\/schema\/person\/583b14e5ad6368c23af846ecbde9f20f","name":"\"Zeit der Leser\"-Redaktion","image":{"@type":"ImageObject","inLanguage":"de","@id":"https:\/\/blog.zeit.de\/zeit-der-leser\/#\/schema\/person\/image\/","url":"https:\/\/secure.gravatar.com\/avatar\/e801a681bd3bbf2345131a815930b48d9f8e0a94de1346b624840dc850f67ad0?s=96&d=mm&r=g","contentUrl":"https:\/\/secure.gravatar.com\/avatar\/e801a681bd3bbf2345131a815930b48d9f8e0a94de1346b624840dc850f67ad0?s=96&d=mm&r=g","caption":"\"Zeit der Leser\"-Redaktion"},"url":"https:\/\/blog.zeit.de\/zeit-der-leser\/author\/zeit-der-leser-redaktion\/"}]}},"jetpack_featured_media_url":"","jetpack_sharing_enabled":true,"_links":{"self":[{"href":"https:\/\/blog.zeit.de\/zeit-der-leser\/wp-json\/wp\/v2\/posts\/11741","targetHints":{"allow":["GET"]}}],"collection":[{"href":"https:\/\/blog.zeit.de\/zeit-der-leser\/wp-json\/wp\/v2\/posts"}],"about":[{"href":"https:\/\/blog.zeit.de\/zeit-der-leser\/wp-json\/wp\/v2\/types\/post"}],"author":[{"embeddable":true,"href":"https:\/\/blog.zeit.de\/zeit-der-leser\/wp-json\/wp\/v2\/users\/265"}],"replies":[{"embeddable":true,"href":"https:\/\/blog.zeit.de\/zeit-der-leser\/wp-json\/wp\/v2\/comments?post=11741"}],"version-history":[{"count":2,"href":"https:\/\/blog.zeit.de\/zeit-der-leser\/wp-json\/wp\/v2\/posts\/11741\/revisions"}],"predecessor-version":[{"id":11744,"href":"https:\/\/blog.zeit.de\/zeit-der-leser\/wp-json\/wp\/v2\/posts\/11741\/revisions\/11744"}],"wp:attachment":[{"href":"https:\/\/blog.zeit.de\/zeit-der-leser\/wp-json\/wp\/v2\/media?parent=11741"}],"wp:term":[{"taxonomy":"category","embeddable":true,"href":"https:\/\/blog.zeit.de\/zeit-der-leser\/wp-json\/wp\/v2\/categories?post=11741"},{"taxonomy":"post_tag","embeddable":true,"href":"https:\/\/blog.zeit.de\/zeit-der-leser\/wp-json\/wp\/v2\/tags?post=11741"}],"curies":[{"name":"wp","href":"https:\/\/api.w.org\/{rel}","templated":true}]}}