{"id":11766,"date":"2012-12-18T15:00:26","date_gmt":"2012-12-18T14:00:26","guid":{"rendered":"http:\/\/blog.zeit.de\/zeit-der-leser\/?p=11766"},"modified":"2012-12-12T14:32:35","modified_gmt":"2012-12-12T13:32:35","slug":"das-ist-mein-ding-22","status":"publish","type":"post","link":"https:\/\/blog.zeit.de\/zeit-der-leser\/2012\/12\/18\/das-ist-mein-ding-22\/","title":{"rendered":"Das ist mein Ding"},"content":{"rendered":"<p><a href=\"https:\/\/blog.zeit.de\/zeit-der-leser\/files\/2012\/12\/s86-wiedergefunden-180.jpg\"><img loading=\"lazy\" decoding=\"async\" class=\"alignleft size-full wp-image-11767\" src=\"https:\/\/blog.zeit.de\/zeit-der-leser\/files\/2012\/12\/s86-wiedergefunden-180.jpg\" alt=\"\" width=\"180\" height=\"250\" \/><\/a><\/p>\n<p>Ost-West-Pakete: Mein Bruder und ich wurden Anfang der f\u00fcnfziger Jahre im ostdeutschen Wittenberg geboren. Bald danach lie\u00dfen sich meine Eltern scheiden. Mein Vater zog in den Westen nach K\u00f6ln, und wir blieben in der Lutherstadt. Dabei trafen meine Eltern eine sehr schlaue Regelung f\u00fcr die Alimente: Seit ich denken kann, kamen regelm\u00e4\u00dfig \u00bbWestpakete\u00ab von meinem Vater. Jedes Kind bekam zwei Pakete pro Monat. Meiner Mutter war es immer eine gro\u00dfe Hilfe und f\u00fcr uns Kinder oft eine Freude. Als wir erwachsen waren und selbst Familien gr\u00fcndeten, setzte mein Vater diese Gewohnheit fort. Er lebt immer noch in K\u00f6ln, und bekommt \u2013 heute 86-j\u00e4hrig \u2013 so manches \u00bbOstpaket\u00ab von uns.<\/p>\n<p><strong>Barbara Anthes<\/strong>, Lutherstadt Wittenberg<\/p>\n","protected":false},"excerpt":{"rendered":"<p>Ost-West-Pakete: Mein Bruder und ich wurden Anfang der f\u00fcnfziger Jahre im ostdeutschen Wittenberg geboren. Bald danach lie\u00dfen sich meine Eltern scheiden. Mein Vater zog in den Westen nach K\u00f6ln, und wir blieben in der Lutherstadt. Dabei trafen meine Eltern eine sehr schlaue Regelung f\u00fcr die Alimente: Seit ich denken kann, kamen regelm\u00e4\u00dfig \u00bbWestpakete\u00ab von meinem [&hellip;]<\/p>\n","protected":false},"author":265,"featured_media":0,"comment_status":"open","ping_status":"open","sticky":false,"template":"","format":"standard","meta":{"_jetpack_memberships_contains_paid_content":false,"footnotes":""},"categories":[5689],"tags":[],"class_list":["post-11766","post","type-post","status-publish","format-standard","hentry","category-mein-ding"],"yoast_head":"<!-- This site is optimized with the Yoast SEO plugin v21.0 - https:\/\/yoast.com\/wordpress\/plugins\/seo\/ -->\n<title>Das ist mein Ding - ZEIT der Leser<\/title>\n<meta name=\"robots\" content=\"index, follow, max-snippet:-1, max-image-preview:large, max-video-preview:-1\" \/>\n<link rel=\"canonical\" href=\"https:\/\/blog.zeit.de\/zeit-der-leser\/2012\/12\/18\/das-ist-mein-ding-22\/\" \/>\n<meta property=\"og:locale\" content=\"de_DE\" \/>\n<meta property=\"og:type\" content=\"article\" \/>\n<meta property=\"og:title\" content=\"Das ist mein Ding - ZEIT der Leser\" \/>\n<meta property=\"og:description\" content=\"Ost-West-Pakete: Mein Bruder und ich wurden Anfang der f\u00fcnfziger Jahre im ostdeutschen Wittenberg geboren. Bald danach lie\u00dfen sich meine Eltern scheiden. Mein Vater zog in den Westen nach K\u00f6ln, und wir blieben in der Lutherstadt. Dabei trafen meine Eltern eine sehr schlaue Regelung f\u00fcr die Alimente: Seit ich denken kann, kamen regelm\u00e4\u00dfig \u00bbWestpakete\u00ab von meinem [&hellip;]\" \/>\n<meta property=\"og:url\" content=\"https:\/\/blog.zeit.de\/zeit-der-leser\/2012\/12\/18\/das-ist-mein-ding-22\/\" \/>\n<meta property=\"og:site_name\" content=\"ZEIT der Leser\" \/>\n<meta property=\"article:published_time\" content=\"2012-12-18T14:00:26+00:00\" \/>\n<meta property=\"article:modified_time\" content=\"2012-12-12T13:32:35+00:00\" \/>\n<meta property=\"og:image\" content=\"https:\/\/blog.zeit.de\/zeit-der-leser\/files\/2012\/12\/s86-wiedergefunden-180.jpg\" \/>\n<meta name=\"author\" content=\"&quot;Zeit der Leser&quot;-Redaktion\" \/>\n<meta name=\"twitter:card\" content=\"summary_large_image\" \/>\n<meta name=\"twitter:label1\" content=\"Geschrieben von\" \/>\n\t<meta name=\"twitter:data1\" content=\"\"Zeit der Leser\"-Redaktion\" \/>\n\t<meta name=\"twitter:label2\" content=\"Gesch\u00e4tzte Lesezeit\" \/>\n\t<meta name=\"twitter:data2\" content=\"1\u00a0Minute\" \/>\n<script type=\"application\/ld+json\" class=\"yoast-schema-graph\">{\"@context\":\"https:\/\/schema.org\",\"@graph\":[{\"@type\":\"WebPage\",\"@id\":\"https:\/\/blog.zeit.de\/zeit-der-leser\/2012\/12\/18\/das-ist-mein-ding-22\/\",\"url\":\"https:\/\/blog.zeit.de\/zeit-der-leser\/2012\/12\/18\/das-ist-mein-ding-22\/\",\"name\":\"Das ist mein Ding - ZEIT der Leser\",\"isPartOf\":{\"@id\":\"https:\/\/blog.zeit.de\/zeit-der-leser\/#website\"},\"datePublished\":\"2012-12-18T14:00:26+00:00\",\"dateModified\":\"2012-12-12T13:32:35+00:00\",\"author\":{\"@id\":\"https:\/\/blog.zeit.de\/zeit-der-leser\/#\/schema\/person\/583b14e5ad6368c23af846ecbde9f20f\"},\"breadcrumb\":{\"@id\":\"https:\/\/blog.zeit.de\/zeit-der-leser\/2012\/12\/18\/das-ist-mein-ding-22\/#breadcrumb\"},\"inLanguage\":\"de\",\"potentialAction\":[{\"@type\":\"ReadAction\",\"target\":[\"https:\/\/blog.zeit.de\/zeit-der-leser\/2012\/12\/18\/das-ist-mein-ding-22\/\"]}]},{\"@type\":\"BreadcrumbList\",\"@id\":\"https:\/\/blog.zeit.de\/zeit-der-leser\/2012\/12\/18\/das-ist-mein-ding-22\/#breadcrumb\",\"itemListElement\":[{\"@type\":\"ListItem\",\"position\":1,\"name\":\"Startseite\",\"item\":\"https:\/\/blog.zeit.de\/zeit-der-leser\/\"},{\"@type\":\"ListItem\",\"position\":2,\"name\":\"Das ist mein Ding\"}]},{\"@type\":\"WebSite\",\"@id\":\"https:\/\/blog.zeit.de\/zeit-der-leser\/#website\",\"url\":\"https:\/\/blog.zeit.de\/zeit-der-leser\/\",\"name\":\"ZEIT der Leser\",\"description\":\"Ein Blog mit Ihren Notizen, Gedichten und Bildern f\u00fcr die gedruckte ZEIT\",\"potentialAction\":[{\"@type\":\"SearchAction\",\"target\":{\"@type\":\"EntryPoint\",\"urlTemplate\":\"https:\/\/blog.zeit.de\/zeit-der-leser\/?s={search_term_string}\"},\"query-input\":\"required name=search_term_string\"}],\"inLanguage\":\"de\"},{\"@type\":\"Person\",\"@id\":\"https:\/\/blog.zeit.de\/zeit-der-leser\/#\/schema\/person\/583b14e5ad6368c23af846ecbde9f20f\",\"name\":\"\\\"Zeit der Leser\\\"-Redaktion\",\"image\":{\"@type\":\"ImageObject\",\"inLanguage\":\"de\",\"@id\":\"https:\/\/blog.zeit.de\/zeit-der-leser\/#\/schema\/person\/image\/\",\"url\":\"https:\/\/secure.gravatar.com\/avatar\/e801a681bd3bbf2345131a815930b48d9f8e0a94de1346b624840dc850f67ad0?s=96&d=mm&r=g\",\"contentUrl\":\"https:\/\/secure.gravatar.com\/avatar\/e801a681bd3bbf2345131a815930b48d9f8e0a94de1346b624840dc850f67ad0?s=96&d=mm&r=g\",\"caption\":\"\\\"Zeit der Leser\\\"-Redaktion\"},\"url\":\"https:\/\/blog.zeit.de\/zeit-der-leser\/author\/zeit-der-leser-redaktion\/\"}]}<\/script>\n<!-- \/ Yoast SEO plugin. -->","yoast_head_json":{"title":"Das ist mein Ding - ZEIT der Leser","robots":{"index":"index","follow":"follow","max-snippet":"max-snippet:-1","max-image-preview":"max-image-preview:large","max-video-preview":"max-video-preview:-1"},"canonical":"https:\/\/blog.zeit.de\/zeit-der-leser\/2012\/12\/18\/das-ist-mein-ding-22\/","og_locale":"de_DE","og_type":"article","og_title":"Das ist mein Ding - ZEIT der Leser","og_description":"Ost-West-Pakete: Mein Bruder und ich wurden Anfang der f\u00fcnfziger Jahre im ostdeutschen Wittenberg geboren. Bald danach lie\u00dfen sich meine Eltern scheiden. Mein Vater zog in den Westen nach K\u00f6ln, und wir blieben in der Lutherstadt. Dabei trafen meine Eltern eine sehr schlaue Regelung f\u00fcr die Alimente: Seit ich denken kann, kamen regelm\u00e4\u00dfig \u00bbWestpakete\u00ab von meinem [&hellip;]","og_url":"https:\/\/blog.zeit.de\/zeit-der-leser\/2012\/12\/18\/das-ist-mein-ding-22\/","og_site_name":"ZEIT der Leser","article_published_time":"2012-12-18T14:00:26+00:00","article_modified_time":"2012-12-12T13:32:35+00:00","og_image":[{"url":"https:\/\/blog.zeit.de\/zeit-der-leser\/files\/2012\/12\/s86-wiedergefunden-180.jpg"}],"author":"\"Zeit der Leser\"-Redaktion","twitter_card":"summary_large_image","twitter_misc":{"Geschrieben von":"\"Zeit der Leser\"-Redaktion","Gesch\u00e4tzte Lesezeit":"1\u00a0Minute"},"schema":{"@context":"https:\/\/schema.org","@graph":[{"@type":"WebPage","@id":"https:\/\/blog.zeit.de\/zeit-der-leser\/2012\/12\/18\/das-ist-mein-ding-22\/","url":"https:\/\/blog.zeit.de\/zeit-der-leser\/2012\/12\/18\/das-ist-mein-ding-22\/","name":"Das ist mein Ding - ZEIT der Leser","isPartOf":{"@id":"https:\/\/blog.zeit.de\/zeit-der-leser\/#website"},"datePublished":"2012-12-18T14:00:26+00:00","dateModified":"2012-12-12T13:32:35+00:00","author":{"@id":"https:\/\/blog.zeit.de\/zeit-der-leser\/#\/schema\/person\/583b14e5ad6368c23af846ecbde9f20f"},"breadcrumb":{"@id":"https:\/\/blog.zeit.de\/zeit-der-leser\/2012\/12\/18\/das-ist-mein-ding-22\/#breadcrumb"},"inLanguage":"de","potentialAction":[{"@type":"ReadAction","target":["https:\/\/blog.zeit.de\/zeit-der-leser\/2012\/12\/18\/das-ist-mein-ding-22\/"]}]},{"@type":"BreadcrumbList","@id":"https:\/\/blog.zeit.de\/zeit-der-leser\/2012\/12\/18\/das-ist-mein-ding-22\/#breadcrumb","itemListElement":[{"@type":"ListItem","position":1,"name":"Startseite","item":"https:\/\/blog.zeit.de\/zeit-der-leser\/"},{"@type":"ListItem","position":2,"name":"Das ist mein Ding"}]},{"@type":"WebSite","@id":"https:\/\/blog.zeit.de\/zeit-der-leser\/#website","url":"https:\/\/blog.zeit.de\/zeit-der-leser\/","name":"ZEIT der Leser","description":"Ein Blog mit Ihren Notizen, Gedichten und Bildern f\u00fcr die gedruckte ZEIT","potentialAction":[{"@type":"SearchAction","target":{"@type":"EntryPoint","urlTemplate":"https:\/\/blog.zeit.de\/zeit-der-leser\/?s={search_term_string}"},"query-input":"required name=search_term_string"}],"inLanguage":"de"},{"@type":"Person","@id":"https:\/\/blog.zeit.de\/zeit-der-leser\/#\/schema\/person\/583b14e5ad6368c23af846ecbde9f20f","name":"\"Zeit der Leser\"-Redaktion","image":{"@type":"ImageObject","inLanguage":"de","@id":"https:\/\/blog.zeit.de\/zeit-der-leser\/#\/schema\/person\/image\/","url":"https:\/\/secure.gravatar.com\/avatar\/e801a681bd3bbf2345131a815930b48d9f8e0a94de1346b624840dc850f67ad0?s=96&d=mm&r=g","contentUrl":"https:\/\/secure.gravatar.com\/avatar\/e801a681bd3bbf2345131a815930b48d9f8e0a94de1346b624840dc850f67ad0?s=96&d=mm&r=g","caption":"\"Zeit der Leser\"-Redaktion"},"url":"https:\/\/blog.zeit.de\/zeit-der-leser\/author\/zeit-der-leser-redaktion\/"}]}},"jetpack_featured_media_url":"","jetpack_sharing_enabled":true,"_links":{"self":[{"href":"https:\/\/blog.zeit.de\/zeit-der-leser\/wp-json\/wp\/v2\/posts\/11766","targetHints":{"allow":["GET"]}}],"collection":[{"href":"https:\/\/blog.zeit.de\/zeit-der-leser\/wp-json\/wp\/v2\/posts"}],"about":[{"href":"https:\/\/blog.zeit.de\/zeit-der-leser\/wp-json\/wp\/v2\/types\/post"}],"author":[{"embeddable":true,"href":"https:\/\/blog.zeit.de\/zeit-der-leser\/wp-json\/wp\/v2\/users\/265"}],"replies":[{"embeddable":true,"href":"https:\/\/blog.zeit.de\/zeit-der-leser\/wp-json\/wp\/v2\/comments?post=11766"}],"version-history":[{"count":3,"href":"https:\/\/blog.zeit.de\/zeit-der-leser\/wp-json\/wp\/v2\/posts\/11766\/revisions"}],"predecessor-version":[{"id":11770,"href":"https:\/\/blog.zeit.de\/zeit-der-leser\/wp-json\/wp\/v2\/posts\/11766\/revisions\/11770"}],"wp:attachment":[{"href":"https:\/\/blog.zeit.de\/zeit-der-leser\/wp-json\/wp\/v2\/media?parent=11766"}],"wp:term":[{"taxonomy":"category","embeddable":true,"href":"https:\/\/blog.zeit.de\/zeit-der-leser\/wp-json\/wp\/v2\/categories?post=11766"},{"taxonomy":"post_tag","embeddable":true,"href":"https:\/\/blog.zeit.de\/zeit-der-leser\/wp-json\/wp\/v2\/tags?post=11766"}],"curies":[{"name":"wp","href":"https:\/\/api.w.org\/{rel}","templated":true}]}}