{"id":11940,"date":"2013-01-03T12:00:36","date_gmt":"2013-01-03T11:00:36","guid":{"rendered":"http:\/\/blog.zeit.de\/zeit-der-leser\/?p=11940"},"modified":"2012-12-27T17:36:19","modified_gmt":"2012-12-27T16:36:19","slug":"zeitsprung-jahreszeiten","status":"publish","type":"post","link":"https:\/\/blog.zeit.de\/zeit-der-leser\/2013\/01\/03\/zeitsprung-jahreszeiten\/","title":{"rendered":"Zeitsprung: Jahreszeiten"},"content":{"rendered":"<p><div id='gallery-1' class='gallery galleryid-11940 gallery-columns-2 gallery-size-thumbnail'><figure class='gallery-item'>\n\t\t\t<div class='gallery-icon landscape'>\n\t\t\t\t<a href='https:\/\/blog.zeit.de\/zeit-der-leser\/files\/2012\/12\/s88-zeitsprung-1.jpg'><img loading=\"lazy\" decoding=\"async\" width=\"150\" height=\"150\" src=\"https:\/\/blog.zeit.de\/zeit-der-leser\/files\/2012\/12\/s88-zeitsprung-1-150x150.jpg\" class=\"attachment-thumbnail size-thumbnail\" alt=\"\" \/><\/a>\n\t\t\t<\/div><\/figure><figure class='gallery-item'>\n\t\t\t<div class='gallery-icon landscape'>\n\t\t\t\t<a href='https:\/\/blog.zeit.de\/zeit-der-leser\/files\/2012\/12\/s88-zeitsprung-2.jpg'><img loading=\"lazy\" decoding=\"async\" width=\"150\" height=\"150\" src=\"https:\/\/blog.zeit.de\/zeit-der-leser\/files\/2012\/12\/s88-zeitsprung-2-150x150.jpg\" class=\"attachment-thumbnail size-thumbnail\" alt=\"\" \/><\/a>\n\t\t\t<\/div><\/figure>\n\t\t<\/div>\n<\/p>\n<p>Vor rund 20 Jahren hatten wir uns entschlossen, einen kleinen \u00bbjapanischen Garten\u00ab\u00a0auf unserem Grundst\u00fcck anzulegen. Die Pflanzen waren damals alle sehr klein, aber man sieht, es hat sich gelohnt. Vor wenigen Tagen, mit dem frischen Schnee auf den Pflanzen, hatten wir die Idee\u00a0f\u00fcr diesen Zeitsprung. Wir suchten in den alten Aufnahmen und fanden das Bild aus dem Fr\u00fchjahr. So hat jede Jahreszeit im Garten ihre sch\u00f6nen Seiten.<\/p>\n<p><strong>Gerda und Klaus-Detlev Voelcker<\/strong>, Hamburg<\/p>\n","protected":false},"excerpt":{"rendered":"<p>Vor rund 20 Jahren hatten wir uns entschlossen, einen kleinen \u00bbjapanischen Garten\u00ab\u00a0auf unserem Grundst\u00fcck anzulegen. Die Pflanzen waren damals alle sehr klein, aber man sieht, es hat sich gelohnt. Vor wenigen Tagen, mit dem frischen Schnee auf den Pflanzen, hatten wir die Idee\u00a0f\u00fcr diesen Zeitsprung. Wir suchten in den alten Aufnahmen und fanden das Bild [&hellip;]<\/p>\n","protected":false},"author":265,"featured_media":0,"comment_status":"open","ping_status":"open","sticky":false,"template":"","format":"standard","meta":{"_jetpack_memberships_contains_paid_content":false,"footnotes":""},"categories":[1878],"tags":[],"class_list":["post-11940","post","type-post","status-publish","format-standard","hentry","category-zeitsprung"],"yoast_head":"<!-- This site is optimized with the Yoast SEO plugin v21.0 - https:\/\/yoast.com\/wordpress\/plugins\/seo\/ -->\n<title>Zeitsprung: Jahreszeiten - ZEIT der Leser<\/title>\n<meta name=\"robots\" content=\"index, follow, max-snippet:-1, max-image-preview:large, max-video-preview:-1\" \/>\n<link rel=\"canonical\" href=\"https:\/\/blog.zeit.de\/zeit-der-leser\/2013\/01\/03\/zeitsprung-jahreszeiten\/\" \/>\n<meta property=\"og:locale\" content=\"de_DE\" \/>\n<meta property=\"og:type\" content=\"article\" \/>\n<meta property=\"og:title\" content=\"Zeitsprung: Jahreszeiten - ZEIT der Leser\" \/>\n<meta property=\"og:description\" content=\"Vor rund 20 Jahren hatten wir uns entschlossen, einen kleinen \u00bbjapanischen Garten\u00ab\u00a0auf unserem Grundst\u00fcck anzulegen. Die Pflanzen waren damals alle sehr klein, aber man sieht, es hat sich gelohnt. Vor wenigen Tagen, mit dem frischen Schnee auf den Pflanzen, hatten wir die Idee\u00a0f\u00fcr diesen Zeitsprung. Wir suchten in den alten Aufnahmen und fanden das Bild [&hellip;]\" \/>\n<meta property=\"og:url\" content=\"https:\/\/blog.zeit.de\/zeit-der-leser\/2013\/01\/03\/zeitsprung-jahreszeiten\/\" \/>\n<meta property=\"og:site_name\" content=\"ZEIT der Leser\" \/>\n<meta property=\"article:published_time\" content=\"2013-01-03T11:00:36+00:00\" \/>\n<meta property=\"article:modified_time\" content=\"2012-12-27T16:36:19+00:00\" \/>\n<meta property=\"og:image\" content=\"https:\/\/blog.zeit.de\/zeit-der-leser\/files\/2012\/12\/s88-zeitsprung-1-150x150.jpg\" \/>\n<meta name=\"author\" content=\"&quot;Zeit der Leser&quot;-Redaktion\" \/>\n<meta name=\"twitter:card\" content=\"summary_large_image\" \/>\n<meta name=\"twitter:label1\" content=\"Geschrieben von\" \/>\n\t<meta name=\"twitter:data1\" content=\"\"Zeit der Leser\"-Redaktion\" \/>\n<script type=\"application\/ld+json\" class=\"yoast-schema-graph\">{\"@context\":\"https:\/\/schema.org\",\"@graph\":[{\"@type\":\"WebPage\",\"@id\":\"https:\/\/blog.zeit.de\/zeit-der-leser\/2013\/01\/03\/zeitsprung-jahreszeiten\/\",\"url\":\"https:\/\/blog.zeit.de\/zeit-der-leser\/2013\/01\/03\/zeitsprung-jahreszeiten\/\",\"name\":\"Zeitsprung: Jahreszeiten - ZEIT der Leser\",\"isPartOf\":{\"@id\":\"https:\/\/blog.zeit.de\/zeit-der-leser\/#website\"},\"datePublished\":\"2013-01-03T11:00:36+00:00\",\"dateModified\":\"2012-12-27T16:36:19+00:00\",\"author\":{\"@id\":\"https:\/\/blog.zeit.de\/zeit-der-leser\/#\/schema\/person\/583b14e5ad6368c23af846ecbde9f20f\"},\"breadcrumb\":{\"@id\":\"https:\/\/blog.zeit.de\/zeit-der-leser\/2013\/01\/03\/zeitsprung-jahreszeiten\/#breadcrumb\"},\"inLanguage\":\"de\",\"potentialAction\":[{\"@type\":\"ReadAction\",\"target\":[\"https:\/\/blog.zeit.de\/zeit-der-leser\/2013\/01\/03\/zeitsprung-jahreszeiten\/\"]}]},{\"@type\":\"BreadcrumbList\",\"@id\":\"https:\/\/blog.zeit.de\/zeit-der-leser\/2013\/01\/03\/zeitsprung-jahreszeiten\/#breadcrumb\",\"itemListElement\":[{\"@type\":\"ListItem\",\"position\":1,\"name\":\"Startseite\",\"item\":\"https:\/\/blog.zeit.de\/zeit-der-leser\/\"},{\"@type\":\"ListItem\",\"position\":2,\"name\":\"Zeitsprung: Jahreszeiten\"}]},{\"@type\":\"WebSite\",\"@id\":\"https:\/\/blog.zeit.de\/zeit-der-leser\/#website\",\"url\":\"https:\/\/blog.zeit.de\/zeit-der-leser\/\",\"name\":\"ZEIT der Leser\",\"description\":\"Ein Blog mit Ihren Notizen, Gedichten und Bildern f\u00fcr die gedruckte ZEIT\",\"potentialAction\":[{\"@type\":\"SearchAction\",\"target\":{\"@type\":\"EntryPoint\",\"urlTemplate\":\"https:\/\/blog.zeit.de\/zeit-der-leser\/?s={search_term_string}\"},\"query-input\":\"required name=search_term_string\"}],\"inLanguage\":\"de\"},{\"@type\":\"Person\",\"@id\":\"https:\/\/blog.zeit.de\/zeit-der-leser\/#\/schema\/person\/583b14e5ad6368c23af846ecbde9f20f\",\"name\":\"\\\"Zeit der Leser\\\"-Redaktion\",\"image\":{\"@type\":\"ImageObject\",\"inLanguage\":\"de\",\"@id\":\"https:\/\/blog.zeit.de\/zeit-der-leser\/#\/schema\/person\/image\/\",\"url\":\"https:\/\/secure.gravatar.com\/avatar\/e801a681bd3bbf2345131a815930b48d9f8e0a94de1346b624840dc850f67ad0?s=96&d=mm&r=g\",\"contentUrl\":\"https:\/\/secure.gravatar.com\/avatar\/e801a681bd3bbf2345131a815930b48d9f8e0a94de1346b624840dc850f67ad0?s=96&d=mm&r=g\",\"caption\":\"\\\"Zeit der Leser\\\"-Redaktion\"},\"url\":\"https:\/\/blog.zeit.de\/zeit-der-leser\/author\/zeit-der-leser-redaktion\/\"}]}<\/script>\n<!-- \/ Yoast SEO plugin. -->","yoast_head_json":{"title":"Zeitsprung: Jahreszeiten - ZEIT der Leser","robots":{"index":"index","follow":"follow","max-snippet":"max-snippet:-1","max-image-preview":"max-image-preview:large","max-video-preview":"max-video-preview:-1"},"canonical":"https:\/\/blog.zeit.de\/zeit-der-leser\/2013\/01\/03\/zeitsprung-jahreszeiten\/","og_locale":"de_DE","og_type":"article","og_title":"Zeitsprung: Jahreszeiten - ZEIT der Leser","og_description":"Vor rund 20 Jahren hatten wir uns entschlossen, einen kleinen \u00bbjapanischen Garten\u00ab\u00a0auf unserem Grundst\u00fcck anzulegen. Die Pflanzen waren damals alle sehr klein, aber man sieht, es hat sich gelohnt. Vor wenigen Tagen, mit dem frischen Schnee auf den Pflanzen, hatten wir die Idee\u00a0f\u00fcr diesen Zeitsprung. Wir suchten in den alten Aufnahmen und fanden das Bild [&hellip;]","og_url":"https:\/\/blog.zeit.de\/zeit-der-leser\/2013\/01\/03\/zeitsprung-jahreszeiten\/","og_site_name":"ZEIT der Leser","article_published_time":"2013-01-03T11:00:36+00:00","article_modified_time":"2012-12-27T16:36:19+00:00","og_image":[{"url":"https:\/\/blog.zeit.de\/zeit-der-leser\/files\/2012\/12\/s88-zeitsprung-1-150x150.jpg"}],"author":"\"Zeit der Leser\"-Redaktion","twitter_card":"summary_large_image","twitter_misc":{"Geschrieben von":"\"Zeit der Leser\"-Redaktion"},"schema":{"@context":"https:\/\/schema.org","@graph":[{"@type":"WebPage","@id":"https:\/\/blog.zeit.de\/zeit-der-leser\/2013\/01\/03\/zeitsprung-jahreszeiten\/","url":"https:\/\/blog.zeit.de\/zeit-der-leser\/2013\/01\/03\/zeitsprung-jahreszeiten\/","name":"Zeitsprung: Jahreszeiten - ZEIT der Leser","isPartOf":{"@id":"https:\/\/blog.zeit.de\/zeit-der-leser\/#website"},"datePublished":"2013-01-03T11:00:36+00:00","dateModified":"2012-12-27T16:36:19+00:00","author":{"@id":"https:\/\/blog.zeit.de\/zeit-der-leser\/#\/schema\/person\/583b14e5ad6368c23af846ecbde9f20f"},"breadcrumb":{"@id":"https:\/\/blog.zeit.de\/zeit-der-leser\/2013\/01\/03\/zeitsprung-jahreszeiten\/#breadcrumb"},"inLanguage":"de","potentialAction":[{"@type":"ReadAction","target":["https:\/\/blog.zeit.de\/zeit-der-leser\/2013\/01\/03\/zeitsprung-jahreszeiten\/"]}]},{"@type":"BreadcrumbList","@id":"https:\/\/blog.zeit.de\/zeit-der-leser\/2013\/01\/03\/zeitsprung-jahreszeiten\/#breadcrumb","itemListElement":[{"@type":"ListItem","position":1,"name":"Startseite","item":"https:\/\/blog.zeit.de\/zeit-der-leser\/"},{"@type":"ListItem","position":2,"name":"Zeitsprung: Jahreszeiten"}]},{"@type":"WebSite","@id":"https:\/\/blog.zeit.de\/zeit-der-leser\/#website","url":"https:\/\/blog.zeit.de\/zeit-der-leser\/","name":"ZEIT der Leser","description":"Ein Blog mit Ihren Notizen, Gedichten und Bildern f\u00fcr die gedruckte ZEIT","potentialAction":[{"@type":"SearchAction","target":{"@type":"EntryPoint","urlTemplate":"https:\/\/blog.zeit.de\/zeit-der-leser\/?s={search_term_string}"},"query-input":"required name=search_term_string"}],"inLanguage":"de"},{"@type":"Person","@id":"https:\/\/blog.zeit.de\/zeit-der-leser\/#\/schema\/person\/583b14e5ad6368c23af846ecbde9f20f","name":"\"Zeit der Leser\"-Redaktion","image":{"@type":"ImageObject","inLanguage":"de","@id":"https:\/\/blog.zeit.de\/zeit-der-leser\/#\/schema\/person\/image\/","url":"https:\/\/secure.gravatar.com\/avatar\/e801a681bd3bbf2345131a815930b48d9f8e0a94de1346b624840dc850f67ad0?s=96&d=mm&r=g","contentUrl":"https:\/\/secure.gravatar.com\/avatar\/e801a681bd3bbf2345131a815930b48d9f8e0a94de1346b624840dc850f67ad0?s=96&d=mm&r=g","caption":"\"Zeit der Leser\"-Redaktion"},"url":"https:\/\/blog.zeit.de\/zeit-der-leser\/author\/zeit-der-leser-redaktion\/"}]}},"jetpack_featured_media_url":"","jetpack_sharing_enabled":true,"_links":{"self":[{"href":"https:\/\/blog.zeit.de\/zeit-der-leser\/wp-json\/wp\/v2\/posts\/11940","targetHints":{"allow":["GET"]}}],"collection":[{"href":"https:\/\/blog.zeit.de\/zeit-der-leser\/wp-json\/wp\/v2\/posts"}],"about":[{"href":"https:\/\/blog.zeit.de\/zeit-der-leser\/wp-json\/wp\/v2\/types\/post"}],"author":[{"embeddable":true,"href":"https:\/\/blog.zeit.de\/zeit-der-leser\/wp-json\/wp\/v2\/users\/265"}],"replies":[{"embeddable":true,"href":"https:\/\/blog.zeit.de\/zeit-der-leser\/wp-json\/wp\/v2\/comments?post=11940"}],"version-history":[{"count":2,"href":"https:\/\/blog.zeit.de\/zeit-der-leser\/wp-json\/wp\/v2\/posts\/11940\/revisions"}],"predecessor-version":[{"id":11944,"href":"https:\/\/blog.zeit.de\/zeit-der-leser\/wp-json\/wp\/v2\/posts\/11940\/revisions\/11944"}],"wp:attachment":[{"href":"https:\/\/blog.zeit.de\/zeit-der-leser\/wp-json\/wp\/v2\/media?parent=11940"}],"wp:term":[{"taxonomy":"category","embeddable":true,"href":"https:\/\/blog.zeit.de\/zeit-der-leser\/wp-json\/wp\/v2\/categories?post=11940"},{"taxonomy":"post_tag","embeddable":true,"href":"https:\/\/blog.zeit.de\/zeit-der-leser\/wp-json\/wp\/v2\/tags?post=11940"}],"curies":[{"name":"wp","href":"https:\/\/api.w.org\/{rel}","templated":true}]}}