{"id":11950,"date":"2013-01-05T12:00:54","date_gmt":"2013-01-05T11:00:54","guid":{"rendered":"http:\/\/blog.zeit.de\/zeit-der-leser\/?p=11950"},"modified":"2015-02-20T16:29:48","modified_gmt":"2015-02-20T15:29:48","slug":"mein-wort-schatz-haudegen","status":"publish","type":"post","link":"https:\/\/blog.zeit.de\/zeit-der-leser\/2013\/01\/05\/mein-wort-schatz-haudegen\/","title":{"rendered":"Haudegen: Mein Wort-Schatz"},"content":{"rendered":"<p>\u00bbKomm her, alter\u00a0<strong>Haudegen<\/strong>!\u00ab So for\u00adderte mich kleinen Knirps mein Opa in den fr\u00fchen f\u00fcnfzigerer Jahren immer zu unseren Ring\u00ad- und Kitzelk\u00e4mpfen auf. Dabei war er selbst einer, fast 90 Jahre alt, mit wucherndem Vollbart und einem Ohr\u00adring aus Flussgold wie ein Pirat. Wie aus einer urspr\u00fcnglichen Hiebwaffe die Be\u00adzeichnung f\u00fcr einen mutigen erfahrenen K\u00e4mpfer geworden war, dar\u00fcber machte er sich wahrscheinlich keine Gedanken.<\/p>\n<p><strong>Peter Mandery<\/strong>, Limburgerhof, Rheinland\u00ad-Pfalz<\/p>\n","protected":false},"excerpt":{"rendered":"<p>\u00bbKomm her, alter\u00a0Haudegen!\u00ab So for\u00adderte mich kleinen Knirps mein Opa in den fr\u00fchen f\u00fcnfzigerer Jahren immer zu unseren Ring\u00ad- und Kitzelk\u00e4mpfen auf. Dabei war er selbst einer, fast 90 Jahre alt, mit wucherndem Vollbart und einem Ohr\u00adring aus Flussgold wie ein Pirat. Wie aus einer urspr\u00fcnglichen Hiebwaffe die Be\u00adzeichnung f\u00fcr einen mutigen erfahrenen K\u00e4mpfer geworden [&hellip;]<\/p>\n","protected":false},"author":265,"featured_media":0,"comment_status":"open","ping_status":"open","sticky":false,"template":"","format":"standard","meta":{"_jetpack_memberships_contains_paid_content":false,"footnotes":""},"categories":[5687],"tags":[],"class_list":["post-11950","post","type-post","status-publish","format-standard","hentry","category-mein-wort-schatz"],"yoast_head":"<!-- This site is optimized with the Yoast SEO plugin v21.0 - https:\/\/yoast.com\/wordpress\/plugins\/seo\/ -->\n<title>Haudegen: Mein Wort-Schatz - ZEIT der Leser<\/title>\n<meta name=\"robots\" content=\"index, follow, max-snippet:-1, max-image-preview:large, max-video-preview:-1\" \/>\n<link rel=\"canonical\" href=\"https:\/\/blog.zeit.de\/zeit-der-leser\/2013\/01\/05\/mein-wort-schatz-haudegen\/\" \/>\n<meta property=\"og:locale\" content=\"de_DE\" \/>\n<meta property=\"og:type\" content=\"article\" \/>\n<meta property=\"og:title\" content=\"Haudegen: Mein Wort-Schatz - ZEIT der Leser\" \/>\n<meta property=\"og:description\" content=\"\u00bbKomm her, alter\u00a0Haudegen!\u00ab So for\u00adderte mich kleinen Knirps mein Opa in den fr\u00fchen f\u00fcnfzigerer Jahren immer zu unseren Ring\u00ad- und Kitzelk\u00e4mpfen auf. Dabei war er selbst einer, fast 90 Jahre alt, mit wucherndem Vollbart und einem Ohr\u00adring aus Flussgold wie ein Pirat. Wie aus einer urspr\u00fcnglichen Hiebwaffe die Be\u00adzeichnung f\u00fcr einen mutigen erfahrenen K\u00e4mpfer geworden [&hellip;]\" \/>\n<meta property=\"og:url\" content=\"https:\/\/blog.zeit.de\/zeit-der-leser\/2013\/01\/05\/mein-wort-schatz-haudegen\/\" \/>\n<meta property=\"og:site_name\" content=\"ZEIT der Leser\" \/>\n<meta property=\"article:published_time\" content=\"2013-01-05T11:00:54+00:00\" \/>\n<meta property=\"article:modified_time\" content=\"2015-02-20T15:29:48+00:00\" \/>\n<meta name=\"author\" content=\"&quot;Zeit der Leser&quot;-Redaktion\" \/>\n<meta name=\"twitter:card\" content=\"summary_large_image\" \/>\n<meta name=\"twitter:label1\" content=\"Geschrieben von\" \/>\n\t<meta name=\"twitter:data1\" content=\"\"Zeit der Leser\"-Redaktion\" \/>\n<script type=\"application\/ld+json\" class=\"yoast-schema-graph\">{\"@context\":\"https:\/\/schema.org\",\"@graph\":[{\"@type\":\"WebPage\",\"@id\":\"https:\/\/blog.zeit.de\/zeit-der-leser\/2013\/01\/05\/mein-wort-schatz-haudegen\/\",\"url\":\"https:\/\/blog.zeit.de\/zeit-der-leser\/2013\/01\/05\/mein-wort-schatz-haudegen\/\",\"name\":\"Haudegen: Mein Wort-Schatz - ZEIT der Leser\",\"isPartOf\":{\"@id\":\"https:\/\/blog.zeit.de\/zeit-der-leser\/#website\"},\"datePublished\":\"2013-01-05T11:00:54+00:00\",\"dateModified\":\"2015-02-20T15:29:48+00:00\",\"author\":{\"@id\":\"https:\/\/blog.zeit.de\/zeit-der-leser\/#\/schema\/person\/583b14e5ad6368c23af846ecbde9f20f\"},\"breadcrumb\":{\"@id\":\"https:\/\/blog.zeit.de\/zeit-der-leser\/2013\/01\/05\/mein-wort-schatz-haudegen\/#breadcrumb\"},\"inLanguage\":\"de\",\"potentialAction\":[{\"@type\":\"ReadAction\",\"target\":[\"https:\/\/blog.zeit.de\/zeit-der-leser\/2013\/01\/05\/mein-wort-schatz-haudegen\/\"]}]},{\"@type\":\"BreadcrumbList\",\"@id\":\"https:\/\/blog.zeit.de\/zeit-der-leser\/2013\/01\/05\/mein-wort-schatz-haudegen\/#breadcrumb\",\"itemListElement\":[{\"@type\":\"ListItem\",\"position\":1,\"name\":\"Startseite\",\"item\":\"https:\/\/blog.zeit.de\/zeit-der-leser\/\"},{\"@type\":\"ListItem\",\"position\":2,\"name\":\"Haudegen: Mein Wort-Schatz\"}]},{\"@type\":\"WebSite\",\"@id\":\"https:\/\/blog.zeit.de\/zeit-der-leser\/#website\",\"url\":\"https:\/\/blog.zeit.de\/zeit-der-leser\/\",\"name\":\"ZEIT der Leser\",\"description\":\"Ein Blog mit Ihren Notizen, Gedichten und Bildern f\u00fcr die gedruckte ZEIT\",\"potentialAction\":[{\"@type\":\"SearchAction\",\"target\":{\"@type\":\"EntryPoint\",\"urlTemplate\":\"https:\/\/blog.zeit.de\/zeit-der-leser\/?s={search_term_string}\"},\"query-input\":\"required name=search_term_string\"}],\"inLanguage\":\"de\"},{\"@type\":\"Person\",\"@id\":\"https:\/\/blog.zeit.de\/zeit-der-leser\/#\/schema\/person\/583b14e5ad6368c23af846ecbde9f20f\",\"name\":\"\\\"Zeit der Leser\\\"-Redaktion\",\"image\":{\"@type\":\"ImageObject\",\"inLanguage\":\"de\",\"@id\":\"https:\/\/blog.zeit.de\/zeit-der-leser\/#\/schema\/person\/image\/\",\"url\":\"https:\/\/secure.gravatar.com\/avatar\/e801a681bd3bbf2345131a815930b48d9f8e0a94de1346b624840dc850f67ad0?s=96&d=mm&r=g\",\"contentUrl\":\"https:\/\/secure.gravatar.com\/avatar\/e801a681bd3bbf2345131a815930b48d9f8e0a94de1346b624840dc850f67ad0?s=96&d=mm&r=g\",\"caption\":\"\\\"Zeit der Leser\\\"-Redaktion\"},\"url\":\"https:\/\/blog.zeit.de\/zeit-der-leser\/author\/zeit-der-leser-redaktion\/\"}]}<\/script>\n<!-- \/ Yoast SEO plugin. -->","yoast_head_json":{"title":"Haudegen: Mein Wort-Schatz - ZEIT der Leser","robots":{"index":"index","follow":"follow","max-snippet":"max-snippet:-1","max-image-preview":"max-image-preview:large","max-video-preview":"max-video-preview:-1"},"canonical":"https:\/\/blog.zeit.de\/zeit-der-leser\/2013\/01\/05\/mein-wort-schatz-haudegen\/","og_locale":"de_DE","og_type":"article","og_title":"Haudegen: Mein Wort-Schatz - ZEIT der Leser","og_description":"\u00bbKomm her, alter\u00a0Haudegen!\u00ab So for\u00adderte mich kleinen Knirps mein Opa in den fr\u00fchen f\u00fcnfzigerer Jahren immer zu unseren Ring\u00ad- und Kitzelk\u00e4mpfen auf. Dabei war er selbst einer, fast 90 Jahre alt, mit wucherndem Vollbart und einem Ohr\u00adring aus Flussgold wie ein Pirat. Wie aus einer urspr\u00fcnglichen Hiebwaffe die Be\u00adzeichnung f\u00fcr einen mutigen erfahrenen K\u00e4mpfer geworden [&hellip;]","og_url":"https:\/\/blog.zeit.de\/zeit-der-leser\/2013\/01\/05\/mein-wort-schatz-haudegen\/","og_site_name":"ZEIT der Leser","article_published_time":"2013-01-05T11:00:54+00:00","article_modified_time":"2015-02-20T15:29:48+00:00","author":"\"Zeit der Leser\"-Redaktion","twitter_card":"summary_large_image","twitter_misc":{"Geschrieben von":"\"Zeit der Leser\"-Redaktion"},"schema":{"@context":"https:\/\/schema.org","@graph":[{"@type":"WebPage","@id":"https:\/\/blog.zeit.de\/zeit-der-leser\/2013\/01\/05\/mein-wort-schatz-haudegen\/","url":"https:\/\/blog.zeit.de\/zeit-der-leser\/2013\/01\/05\/mein-wort-schatz-haudegen\/","name":"Haudegen: Mein Wort-Schatz - ZEIT der Leser","isPartOf":{"@id":"https:\/\/blog.zeit.de\/zeit-der-leser\/#website"},"datePublished":"2013-01-05T11:00:54+00:00","dateModified":"2015-02-20T15:29:48+00:00","author":{"@id":"https:\/\/blog.zeit.de\/zeit-der-leser\/#\/schema\/person\/583b14e5ad6368c23af846ecbde9f20f"},"breadcrumb":{"@id":"https:\/\/blog.zeit.de\/zeit-der-leser\/2013\/01\/05\/mein-wort-schatz-haudegen\/#breadcrumb"},"inLanguage":"de","potentialAction":[{"@type":"ReadAction","target":["https:\/\/blog.zeit.de\/zeit-der-leser\/2013\/01\/05\/mein-wort-schatz-haudegen\/"]}]},{"@type":"BreadcrumbList","@id":"https:\/\/blog.zeit.de\/zeit-der-leser\/2013\/01\/05\/mein-wort-schatz-haudegen\/#breadcrumb","itemListElement":[{"@type":"ListItem","position":1,"name":"Startseite","item":"https:\/\/blog.zeit.de\/zeit-der-leser\/"},{"@type":"ListItem","position":2,"name":"Haudegen: Mein Wort-Schatz"}]},{"@type":"WebSite","@id":"https:\/\/blog.zeit.de\/zeit-der-leser\/#website","url":"https:\/\/blog.zeit.de\/zeit-der-leser\/","name":"ZEIT der Leser","description":"Ein Blog mit Ihren Notizen, Gedichten und Bildern f\u00fcr die gedruckte ZEIT","potentialAction":[{"@type":"SearchAction","target":{"@type":"EntryPoint","urlTemplate":"https:\/\/blog.zeit.de\/zeit-der-leser\/?s={search_term_string}"},"query-input":"required name=search_term_string"}],"inLanguage":"de"},{"@type":"Person","@id":"https:\/\/blog.zeit.de\/zeit-der-leser\/#\/schema\/person\/583b14e5ad6368c23af846ecbde9f20f","name":"\"Zeit der Leser\"-Redaktion","image":{"@type":"ImageObject","inLanguage":"de","@id":"https:\/\/blog.zeit.de\/zeit-der-leser\/#\/schema\/person\/image\/","url":"https:\/\/secure.gravatar.com\/avatar\/e801a681bd3bbf2345131a815930b48d9f8e0a94de1346b624840dc850f67ad0?s=96&d=mm&r=g","contentUrl":"https:\/\/secure.gravatar.com\/avatar\/e801a681bd3bbf2345131a815930b48d9f8e0a94de1346b624840dc850f67ad0?s=96&d=mm&r=g","caption":"\"Zeit der Leser\"-Redaktion"},"url":"https:\/\/blog.zeit.de\/zeit-der-leser\/author\/zeit-der-leser-redaktion\/"}]}},"jetpack_featured_media_url":"","jetpack_sharing_enabled":true,"_links":{"self":[{"href":"https:\/\/blog.zeit.de\/zeit-der-leser\/wp-json\/wp\/v2\/posts\/11950","targetHints":{"allow":["GET"]}}],"collection":[{"href":"https:\/\/blog.zeit.de\/zeit-der-leser\/wp-json\/wp\/v2\/posts"}],"about":[{"href":"https:\/\/blog.zeit.de\/zeit-der-leser\/wp-json\/wp\/v2\/types\/post"}],"author":[{"embeddable":true,"href":"https:\/\/blog.zeit.de\/zeit-der-leser\/wp-json\/wp\/v2\/users\/265"}],"replies":[{"embeddable":true,"href":"https:\/\/blog.zeit.de\/zeit-der-leser\/wp-json\/wp\/v2\/comments?post=11950"}],"version-history":[{"count":3,"href":"https:\/\/blog.zeit.de\/zeit-der-leser\/wp-json\/wp\/v2\/posts\/11950\/revisions"}],"predecessor-version":[{"id":17496,"href":"https:\/\/blog.zeit.de\/zeit-der-leser\/wp-json\/wp\/v2\/posts\/11950\/revisions\/17496"}],"wp:attachment":[{"href":"https:\/\/blog.zeit.de\/zeit-der-leser\/wp-json\/wp\/v2\/media?parent=11950"}],"wp:term":[{"taxonomy":"category","embeddable":true,"href":"https:\/\/blog.zeit.de\/zeit-der-leser\/wp-json\/wp\/v2\/categories?post=11950"},{"taxonomy":"post_tag","embeddable":true,"href":"https:\/\/blog.zeit.de\/zeit-der-leser\/wp-json\/wp\/v2\/tags?post=11950"}],"curies":[{"name":"wp","href":"https:\/\/api.w.org\/{rel}","templated":true}]}}