{"id":11977,"date":"2013-01-07T18:00:40","date_gmt":"2013-01-07T17:00:40","guid":{"rendered":"http:\/\/blog.zeit.de\/zeit-der-leser\/?p=11977"},"modified":"2013-01-03T13:22:12","modified_gmt":"2013-01-03T12:22:12","slug":"das-ist-mein-ding-24","status":"publish","type":"post","link":"https:\/\/blog.zeit.de\/zeit-der-leser\/2013\/01\/07\/das-ist-mein-ding-24\/","title":{"rendered":"Das ist Mein Ding"},"content":{"rendered":"<p><a href=\"https:\/\/blog.zeit.de\/zeit-der-leser\/files\/2013\/01\/s70-ding-180.jpg\"><img loading=\"lazy\" decoding=\"async\" class=\"alignleft size-full wp-image-11980\" src=\"https:\/\/blog.zeit.de\/zeit-der-leser\/files\/2013\/01\/s70-ding-180.jpg\" alt=\"\" width=\"180\" height=\"250\" \/><\/a><\/p>\n<p>Den Duft von frisch gemahlenem Bohnen\u00adkaffee verbinde ich mit Kindheitserinne\u00adrungen in den Sechzigern: Es roch nach Wochenende, denn unter der Woche gab es nur \u00bbMuckefuck\u00ab, den Getreidekaffee. Irgendwann wich unser Ding dem tech\u00adnischen Fortschritt, doch es bereicherte wenige Jahre sp\u00e4ter das Inventar meiner Kochnischen in diversen Studentenbuden und schlie\u00dflich meine erste eigene K\u00fcche nach dem Studium. Eine Renaissance erlebte mein Ding im Kaufladen unserer drei T\u00f6chter. Heute genie\u00dfen wir jeden Tag Bohnenkaffee, daf\u00fcr aber biologischen Kaffee und fair gehandelt!<\/p>\n<p><strong>Sigrid Heuer<\/strong>, Vallendar bei Koblenz<\/p>\n","protected":false},"excerpt":{"rendered":"<p>Den Duft von frisch gemahlenem Bohnen\u00adkaffee verbinde ich mit Kindheitserinne\u00adrungen in den Sechzigern: Es roch nach Wochenende, denn unter der Woche gab es nur \u00bbMuckefuck\u00ab, den Getreidekaffee. Irgendwann wich unser Ding dem tech\u00adnischen Fortschritt, doch es bereicherte wenige Jahre sp\u00e4ter das Inventar meiner Kochnischen in diversen Studentenbuden und schlie\u00dflich meine erste eigene K\u00fcche nach dem [&hellip;]<\/p>\n","protected":false},"author":265,"featured_media":0,"comment_status":"open","ping_status":"open","sticky":false,"template":"","format":"standard","meta":{"_jetpack_memberships_contains_paid_content":false,"footnotes":""},"categories":[5689],"tags":[],"class_list":["post-11977","post","type-post","status-publish","format-standard","hentry","category-mein-ding"],"yoast_head":"<!-- This site is optimized with the Yoast SEO plugin v21.0 - https:\/\/yoast.com\/wordpress\/plugins\/seo\/ -->\n<title>Das ist Mein Ding - ZEIT der Leser<\/title>\n<meta name=\"robots\" content=\"index, follow, max-snippet:-1, max-image-preview:large, max-video-preview:-1\" \/>\n<link rel=\"canonical\" href=\"https:\/\/blog.zeit.de\/zeit-der-leser\/2013\/01\/07\/das-ist-mein-ding-24\/\" \/>\n<meta property=\"og:locale\" content=\"de_DE\" \/>\n<meta property=\"og:type\" content=\"article\" \/>\n<meta property=\"og:title\" content=\"Das ist Mein Ding - ZEIT der Leser\" \/>\n<meta property=\"og:description\" content=\"Den Duft von frisch gemahlenem Bohnen\u00adkaffee verbinde ich mit Kindheitserinne\u00adrungen in den Sechzigern: Es roch nach Wochenende, denn unter der Woche gab es nur \u00bbMuckefuck\u00ab, den Getreidekaffee. Irgendwann wich unser Ding dem tech\u00adnischen Fortschritt, doch es bereicherte wenige Jahre sp\u00e4ter das Inventar meiner Kochnischen in diversen Studentenbuden und schlie\u00dflich meine erste eigene K\u00fcche nach dem [&hellip;]\" \/>\n<meta property=\"og:url\" content=\"https:\/\/blog.zeit.de\/zeit-der-leser\/2013\/01\/07\/das-ist-mein-ding-24\/\" \/>\n<meta property=\"og:site_name\" content=\"ZEIT der Leser\" \/>\n<meta property=\"article:published_time\" content=\"2013-01-07T17:00:40+00:00\" \/>\n<meta property=\"article:modified_time\" content=\"2013-01-03T12:22:12+00:00\" \/>\n<meta property=\"og:image\" content=\"https:\/\/blog.zeit.de\/zeit-der-leser\/files\/2013\/01\/s70-ding-180.jpg\" \/>\n<meta name=\"author\" content=\"&quot;Zeit der Leser&quot;-Redaktion\" \/>\n<meta name=\"twitter:card\" content=\"summary_large_image\" \/>\n<meta name=\"twitter:label1\" content=\"Geschrieben von\" \/>\n\t<meta name=\"twitter:data1\" content=\"\"Zeit der Leser\"-Redaktion\" \/>\n<script type=\"application\/ld+json\" class=\"yoast-schema-graph\">{\"@context\":\"https:\/\/schema.org\",\"@graph\":[{\"@type\":\"WebPage\",\"@id\":\"https:\/\/blog.zeit.de\/zeit-der-leser\/2013\/01\/07\/das-ist-mein-ding-24\/\",\"url\":\"https:\/\/blog.zeit.de\/zeit-der-leser\/2013\/01\/07\/das-ist-mein-ding-24\/\",\"name\":\"Das ist Mein Ding - ZEIT der Leser\",\"isPartOf\":{\"@id\":\"https:\/\/blog.zeit.de\/zeit-der-leser\/#website\"},\"datePublished\":\"2013-01-07T17:00:40+00:00\",\"dateModified\":\"2013-01-03T12:22:12+00:00\",\"author\":{\"@id\":\"https:\/\/blog.zeit.de\/zeit-der-leser\/#\/schema\/person\/583b14e5ad6368c23af846ecbde9f20f\"},\"breadcrumb\":{\"@id\":\"https:\/\/blog.zeit.de\/zeit-der-leser\/2013\/01\/07\/das-ist-mein-ding-24\/#breadcrumb\"},\"inLanguage\":\"de\",\"potentialAction\":[{\"@type\":\"ReadAction\",\"target\":[\"https:\/\/blog.zeit.de\/zeit-der-leser\/2013\/01\/07\/das-ist-mein-ding-24\/\"]}]},{\"@type\":\"BreadcrumbList\",\"@id\":\"https:\/\/blog.zeit.de\/zeit-der-leser\/2013\/01\/07\/das-ist-mein-ding-24\/#breadcrumb\",\"itemListElement\":[{\"@type\":\"ListItem\",\"position\":1,\"name\":\"Startseite\",\"item\":\"https:\/\/blog.zeit.de\/zeit-der-leser\/\"},{\"@type\":\"ListItem\",\"position\":2,\"name\":\"Das ist Mein Ding\"}]},{\"@type\":\"WebSite\",\"@id\":\"https:\/\/blog.zeit.de\/zeit-der-leser\/#website\",\"url\":\"https:\/\/blog.zeit.de\/zeit-der-leser\/\",\"name\":\"ZEIT der Leser\",\"description\":\"Ein Blog mit Ihren Notizen, Gedichten und Bildern f\u00fcr die gedruckte ZEIT\",\"potentialAction\":[{\"@type\":\"SearchAction\",\"target\":{\"@type\":\"EntryPoint\",\"urlTemplate\":\"https:\/\/blog.zeit.de\/zeit-der-leser\/?s={search_term_string}\"},\"query-input\":\"required name=search_term_string\"}],\"inLanguage\":\"de\"},{\"@type\":\"Person\",\"@id\":\"https:\/\/blog.zeit.de\/zeit-der-leser\/#\/schema\/person\/583b14e5ad6368c23af846ecbde9f20f\",\"name\":\"\\\"Zeit der Leser\\\"-Redaktion\",\"image\":{\"@type\":\"ImageObject\",\"inLanguage\":\"de\",\"@id\":\"https:\/\/blog.zeit.de\/zeit-der-leser\/#\/schema\/person\/image\/\",\"url\":\"https:\/\/secure.gravatar.com\/avatar\/e801a681bd3bbf2345131a815930b48d9f8e0a94de1346b624840dc850f67ad0?s=96&d=mm&r=g\",\"contentUrl\":\"https:\/\/secure.gravatar.com\/avatar\/e801a681bd3bbf2345131a815930b48d9f8e0a94de1346b624840dc850f67ad0?s=96&d=mm&r=g\",\"caption\":\"\\\"Zeit der Leser\\\"-Redaktion\"},\"url\":\"https:\/\/blog.zeit.de\/zeit-der-leser\/author\/zeit-der-leser-redaktion\/\"}]}<\/script>\n<!-- \/ Yoast SEO plugin. -->","yoast_head_json":{"title":"Das ist Mein Ding - ZEIT der Leser","robots":{"index":"index","follow":"follow","max-snippet":"max-snippet:-1","max-image-preview":"max-image-preview:large","max-video-preview":"max-video-preview:-1"},"canonical":"https:\/\/blog.zeit.de\/zeit-der-leser\/2013\/01\/07\/das-ist-mein-ding-24\/","og_locale":"de_DE","og_type":"article","og_title":"Das ist Mein Ding - ZEIT der Leser","og_description":"Den Duft von frisch gemahlenem Bohnen\u00adkaffee verbinde ich mit Kindheitserinne\u00adrungen in den Sechzigern: Es roch nach Wochenende, denn unter der Woche gab es nur \u00bbMuckefuck\u00ab, den Getreidekaffee. Irgendwann wich unser Ding dem tech\u00adnischen Fortschritt, doch es bereicherte wenige Jahre sp\u00e4ter das Inventar meiner Kochnischen in diversen Studentenbuden und schlie\u00dflich meine erste eigene K\u00fcche nach dem [&hellip;]","og_url":"https:\/\/blog.zeit.de\/zeit-der-leser\/2013\/01\/07\/das-ist-mein-ding-24\/","og_site_name":"ZEIT der Leser","article_published_time":"2013-01-07T17:00:40+00:00","article_modified_time":"2013-01-03T12:22:12+00:00","og_image":[{"url":"https:\/\/blog.zeit.de\/zeit-der-leser\/files\/2013\/01\/s70-ding-180.jpg"}],"author":"\"Zeit der Leser\"-Redaktion","twitter_card":"summary_large_image","twitter_misc":{"Geschrieben von":"\"Zeit der Leser\"-Redaktion"},"schema":{"@context":"https:\/\/schema.org","@graph":[{"@type":"WebPage","@id":"https:\/\/blog.zeit.de\/zeit-der-leser\/2013\/01\/07\/das-ist-mein-ding-24\/","url":"https:\/\/blog.zeit.de\/zeit-der-leser\/2013\/01\/07\/das-ist-mein-ding-24\/","name":"Das ist Mein Ding - ZEIT der Leser","isPartOf":{"@id":"https:\/\/blog.zeit.de\/zeit-der-leser\/#website"},"datePublished":"2013-01-07T17:00:40+00:00","dateModified":"2013-01-03T12:22:12+00:00","author":{"@id":"https:\/\/blog.zeit.de\/zeit-der-leser\/#\/schema\/person\/583b14e5ad6368c23af846ecbde9f20f"},"breadcrumb":{"@id":"https:\/\/blog.zeit.de\/zeit-der-leser\/2013\/01\/07\/das-ist-mein-ding-24\/#breadcrumb"},"inLanguage":"de","potentialAction":[{"@type":"ReadAction","target":["https:\/\/blog.zeit.de\/zeit-der-leser\/2013\/01\/07\/das-ist-mein-ding-24\/"]}]},{"@type":"BreadcrumbList","@id":"https:\/\/blog.zeit.de\/zeit-der-leser\/2013\/01\/07\/das-ist-mein-ding-24\/#breadcrumb","itemListElement":[{"@type":"ListItem","position":1,"name":"Startseite","item":"https:\/\/blog.zeit.de\/zeit-der-leser\/"},{"@type":"ListItem","position":2,"name":"Das ist Mein Ding"}]},{"@type":"WebSite","@id":"https:\/\/blog.zeit.de\/zeit-der-leser\/#website","url":"https:\/\/blog.zeit.de\/zeit-der-leser\/","name":"ZEIT der Leser","description":"Ein Blog mit Ihren Notizen, Gedichten und Bildern f\u00fcr die gedruckte ZEIT","potentialAction":[{"@type":"SearchAction","target":{"@type":"EntryPoint","urlTemplate":"https:\/\/blog.zeit.de\/zeit-der-leser\/?s={search_term_string}"},"query-input":"required name=search_term_string"}],"inLanguage":"de"},{"@type":"Person","@id":"https:\/\/blog.zeit.de\/zeit-der-leser\/#\/schema\/person\/583b14e5ad6368c23af846ecbde9f20f","name":"\"Zeit der Leser\"-Redaktion","image":{"@type":"ImageObject","inLanguage":"de","@id":"https:\/\/blog.zeit.de\/zeit-der-leser\/#\/schema\/person\/image\/","url":"https:\/\/secure.gravatar.com\/avatar\/e801a681bd3bbf2345131a815930b48d9f8e0a94de1346b624840dc850f67ad0?s=96&d=mm&r=g","contentUrl":"https:\/\/secure.gravatar.com\/avatar\/e801a681bd3bbf2345131a815930b48d9f8e0a94de1346b624840dc850f67ad0?s=96&d=mm&r=g","caption":"\"Zeit der Leser\"-Redaktion"},"url":"https:\/\/blog.zeit.de\/zeit-der-leser\/author\/zeit-der-leser-redaktion\/"}]}},"jetpack_featured_media_url":"","jetpack_sharing_enabled":true,"_links":{"self":[{"href":"https:\/\/blog.zeit.de\/zeit-der-leser\/wp-json\/wp\/v2\/posts\/11977","targetHints":{"allow":["GET"]}}],"collection":[{"href":"https:\/\/blog.zeit.de\/zeit-der-leser\/wp-json\/wp\/v2\/posts"}],"about":[{"href":"https:\/\/blog.zeit.de\/zeit-der-leser\/wp-json\/wp\/v2\/types\/post"}],"author":[{"embeddable":true,"href":"https:\/\/blog.zeit.de\/zeit-der-leser\/wp-json\/wp\/v2\/users\/265"}],"replies":[{"embeddable":true,"href":"https:\/\/blog.zeit.de\/zeit-der-leser\/wp-json\/wp\/v2\/comments?post=11977"}],"version-history":[{"count":3,"href":"https:\/\/blog.zeit.de\/zeit-der-leser\/wp-json\/wp\/v2\/posts\/11977\/revisions"}],"predecessor-version":[{"id":11981,"href":"https:\/\/blog.zeit.de\/zeit-der-leser\/wp-json\/wp\/v2\/posts\/11977\/revisions\/11981"}],"wp:attachment":[{"href":"https:\/\/blog.zeit.de\/zeit-der-leser\/wp-json\/wp\/v2\/media?parent=11977"}],"wp:term":[{"taxonomy":"category","embeddable":true,"href":"https:\/\/blog.zeit.de\/zeit-der-leser\/wp-json\/wp\/v2\/categories?post=11977"},{"taxonomy":"post_tag","embeddable":true,"href":"https:\/\/blog.zeit.de\/zeit-der-leser\/wp-json\/wp\/v2\/tags?post=11977"}],"curies":[{"name":"wp","href":"https:\/\/api.w.org\/{rel}","templated":true}]}}