{"id":12131,"date":"2013-01-22T12:00:04","date_gmt":"2013-01-22T11:00:04","guid":{"rendered":"http:\/\/blog.zeit.de\/zeit-der-leser\/?p=12131"},"modified":"2015-02-20T16:07:10","modified_gmt":"2015-02-20T15:07:10","slug":"mein-wort-schatz-immens","status":"publish","type":"post","link":"https:\/\/blog.zeit.de\/zeit-der-leser\/2013\/01\/22\/mein-wort-schatz-immens\/","title":{"rendered":"Immens: Mein Wort-Schatz"},"content":{"rendered":"<p>Ein kleiner Beitrag aus meiner rhetorischen Schatzkiste: <strong>immens<\/strong>. Ich benutze dieses Wort, wenn ich einem Wert mehr Wichtigkeit geben will. So kann man etwa sagen: \u00bbDas Abitur war schon ein ganz sch\u00f6ner Zeit- und Energieaufwand.\u00ab aber \u00bbimmenser Zeit- und Energieaufwand\u00ab wirkt doch gleich viel eindringlicher. Es gibt keine \u00bbImmensit\u00e4t\u00ab oder \u00bbImmensit\u00e4ter\u00ab, aber wenn etwas \u00bbimmens\u00ab wichtig ist, klingt das einfach besser als \u00bbsehr\u00ab wichtig oder \u00bbungeheuer\u00ab wichtig. Ich liebe es, dieses Doppel \u00bbm\u00ab und dann das \u00bbw\u00ab von wichtig mit dem F\u00fcllfederhalter zu schreiben. Toll \u00fcberdies, so ein kleines W\u00f6rtchen auch noch trennen zu k\u00f6nnen: \u00bbimmens\u00ab. Es ist so klein, aber gibt dem, den es unterst\u00fctzt, den Kick zu unermesslichem Wert.<\/p>\n<p>So, das wollte ich schon lange mal schreiben, habe aber als 52-j\u00e4hriger Abiturient des Peter A. Silbermann-Abendgymnasiums hier in Berlin zwischendurch immens wenig Zeit gehabt&#8230;<\/p>\n<p><strong>Jochen Heine<\/strong>, Berlin<\/p>\n","protected":false},"excerpt":{"rendered":"<p>Ein kleiner Beitrag aus meiner rhetorischen Schatzkiste: immens. Ich benutze dieses Wort, wenn ich einem Wert mehr Wichtigkeit geben will. So kann man etwa sagen: \u00bbDas Abitur war schon ein ganz sch\u00f6ner Zeit- und Energieaufwand.\u00ab aber \u00bbimmenser Zeit- und Energieaufwand\u00ab wirkt doch gleich viel eindringlicher. Es gibt keine \u00bbImmensit\u00e4t\u00ab oder \u00bbImmensit\u00e4ter\u00ab, aber wenn etwas \u00bbimmens\u00ab [&hellip;]<\/p>\n","protected":false},"author":265,"featured_media":0,"comment_status":"open","ping_status":"open","sticky":false,"template":"","format":"standard","meta":{"_jetpack_memberships_contains_paid_content":false,"footnotes":""},"categories":[5687],"tags":[],"class_list":["post-12131","post","type-post","status-publish","format-standard","hentry","category-mein-wort-schatz"],"yoast_head":"<!-- This site is optimized with the Yoast SEO plugin v21.0 - https:\/\/yoast.com\/wordpress\/plugins\/seo\/ -->\n<title>Immens: Mein Wort-Schatz - ZEIT der Leser<\/title>\n<meta name=\"robots\" content=\"index, follow, max-snippet:-1, max-image-preview:large, max-video-preview:-1\" \/>\n<link rel=\"canonical\" href=\"https:\/\/blog.zeit.de\/zeit-der-leser\/2013\/01\/22\/mein-wort-schatz-immens\/\" \/>\n<meta property=\"og:locale\" content=\"de_DE\" \/>\n<meta property=\"og:type\" content=\"article\" \/>\n<meta property=\"og:title\" content=\"Immens: Mein Wort-Schatz - ZEIT der Leser\" \/>\n<meta property=\"og:description\" content=\"Ein kleiner Beitrag aus meiner rhetorischen Schatzkiste: immens. Ich benutze dieses Wort, wenn ich einem Wert mehr Wichtigkeit geben will. So kann man etwa sagen: \u00bbDas Abitur war schon ein ganz sch\u00f6ner Zeit- und Energieaufwand.\u00ab aber \u00bbimmenser Zeit- und Energieaufwand\u00ab wirkt doch gleich viel eindringlicher. Es gibt keine \u00bbImmensit\u00e4t\u00ab oder \u00bbImmensit\u00e4ter\u00ab, aber wenn etwas \u00bbimmens\u00ab [&hellip;]\" \/>\n<meta property=\"og:url\" content=\"https:\/\/blog.zeit.de\/zeit-der-leser\/2013\/01\/22\/mein-wort-schatz-immens\/\" \/>\n<meta property=\"og:site_name\" content=\"ZEIT der Leser\" \/>\n<meta property=\"article:published_time\" content=\"2013-01-22T11:00:04+00:00\" \/>\n<meta property=\"article:modified_time\" content=\"2015-02-20T15:07:10+00:00\" \/>\n<meta name=\"author\" content=\"&quot;Zeit der Leser&quot;-Redaktion\" \/>\n<meta name=\"twitter:card\" content=\"summary_large_image\" \/>\n<meta name=\"twitter:label1\" content=\"Geschrieben von\" \/>\n\t<meta name=\"twitter:data1\" content=\"\"Zeit der Leser\"-Redaktion\" \/>\n\t<meta name=\"twitter:label2\" content=\"Gesch\u00e4tzte Lesezeit\" \/>\n\t<meta name=\"twitter:data2\" content=\"1\u00a0Minute\" \/>\n<script type=\"application\/ld+json\" class=\"yoast-schema-graph\">{\"@context\":\"https:\/\/schema.org\",\"@graph\":[{\"@type\":\"WebPage\",\"@id\":\"https:\/\/blog.zeit.de\/zeit-der-leser\/2013\/01\/22\/mein-wort-schatz-immens\/\",\"url\":\"https:\/\/blog.zeit.de\/zeit-der-leser\/2013\/01\/22\/mein-wort-schatz-immens\/\",\"name\":\"Immens: Mein Wort-Schatz - ZEIT der Leser\",\"isPartOf\":{\"@id\":\"https:\/\/blog.zeit.de\/zeit-der-leser\/#website\"},\"datePublished\":\"2013-01-22T11:00:04+00:00\",\"dateModified\":\"2015-02-20T15:07:10+00:00\",\"author\":{\"@id\":\"https:\/\/blog.zeit.de\/zeit-der-leser\/#\/schema\/person\/583b14e5ad6368c23af846ecbde9f20f\"},\"breadcrumb\":{\"@id\":\"https:\/\/blog.zeit.de\/zeit-der-leser\/2013\/01\/22\/mein-wort-schatz-immens\/#breadcrumb\"},\"inLanguage\":\"de\",\"potentialAction\":[{\"@type\":\"ReadAction\",\"target\":[\"https:\/\/blog.zeit.de\/zeit-der-leser\/2013\/01\/22\/mein-wort-schatz-immens\/\"]}]},{\"@type\":\"BreadcrumbList\",\"@id\":\"https:\/\/blog.zeit.de\/zeit-der-leser\/2013\/01\/22\/mein-wort-schatz-immens\/#breadcrumb\",\"itemListElement\":[{\"@type\":\"ListItem\",\"position\":1,\"name\":\"Startseite\",\"item\":\"https:\/\/blog.zeit.de\/zeit-der-leser\/\"},{\"@type\":\"ListItem\",\"position\":2,\"name\":\"Immens: Mein Wort-Schatz\"}]},{\"@type\":\"WebSite\",\"@id\":\"https:\/\/blog.zeit.de\/zeit-der-leser\/#website\",\"url\":\"https:\/\/blog.zeit.de\/zeit-der-leser\/\",\"name\":\"ZEIT der Leser\",\"description\":\"Ein Blog mit Ihren Notizen, Gedichten und Bildern f\u00fcr die gedruckte ZEIT\",\"potentialAction\":[{\"@type\":\"SearchAction\",\"target\":{\"@type\":\"EntryPoint\",\"urlTemplate\":\"https:\/\/blog.zeit.de\/zeit-der-leser\/?s={search_term_string}\"},\"query-input\":\"required name=search_term_string\"}],\"inLanguage\":\"de\"},{\"@type\":\"Person\",\"@id\":\"https:\/\/blog.zeit.de\/zeit-der-leser\/#\/schema\/person\/583b14e5ad6368c23af846ecbde9f20f\",\"name\":\"\\\"Zeit der Leser\\\"-Redaktion\",\"image\":{\"@type\":\"ImageObject\",\"inLanguage\":\"de\",\"@id\":\"https:\/\/blog.zeit.de\/zeit-der-leser\/#\/schema\/person\/image\/\",\"url\":\"https:\/\/secure.gravatar.com\/avatar\/e801a681bd3bbf2345131a815930b48d9f8e0a94de1346b624840dc850f67ad0?s=96&d=mm&r=g\",\"contentUrl\":\"https:\/\/secure.gravatar.com\/avatar\/e801a681bd3bbf2345131a815930b48d9f8e0a94de1346b624840dc850f67ad0?s=96&d=mm&r=g\",\"caption\":\"\\\"Zeit der Leser\\\"-Redaktion\"},\"url\":\"https:\/\/blog.zeit.de\/zeit-der-leser\/author\/zeit-der-leser-redaktion\/\"}]}<\/script>\n<!-- \/ Yoast SEO plugin. -->","yoast_head_json":{"title":"Immens: Mein Wort-Schatz - ZEIT der Leser","robots":{"index":"index","follow":"follow","max-snippet":"max-snippet:-1","max-image-preview":"max-image-preview:large","max-video-preview":"max-video-preview:-1"},"canonical":"https:\/\/blog.zeit.de\/zeit-der-leser\/2013\/01\/22\/mein-wort-schatz-immens\/","og_locale":"de_DE","og_type":"article","og_title":"Immens: Mein Wort-Schatz - ZEIT der Leser","og_description":"Ein kleiner Beitrag aus meiner rhetorischen Schatzkiste: immens. Ich benutze dieses Wort, wenn ich einem Wert mehr Wichtigkeit geben will. So kann man etwa sagen: \u00bbDas Abitur war schon ein ganz sch\u00f6ner Zeit- und Energieaufwand.\u00ab aber \u00bbimmenser Zeit- und Energieaufwand\u00ab wirkt doch gleich viel eindringlicher. Es gibt keine \u00bbImmensit\u00e4t\u00ab oder \u00bbImmensit\u00e4ter\u00ab, aber wenn etwas \u00bbimmens\u00ab [&hellip;]","og_url":"https:\/\/blog.zeit.de\/zeit-der-leser\/2013\/01\/22\/mein-wort-schatz-immens\/","og_site_name":"ZEIT der Leser","article_published_time":"2013-01-22T11:00:04+00:00","article_modified_time":"2015-02-20T15:07:10+00:00","author":"\"Zeit der Leser\"-Redaktion","twitter_card":"summary_large_image","twitter_misc":{"Geschrieben von":"\"Zeit der Leser\"-Redaktion","Gesch\u00e4tzte Lesezeit":"1\u00a0Minute"},"schema":{"@context":"https:\/\/schema.org","@graph":[{"@type":"WebPage","@id":"https:\/\/blog.zeit.de\/zeit-der-leser\/2013\/01\/22\/mein-wort-schatz-immens\/","url":"https:\/\/blog.zeit.de\/zeit-der-leser\/2013\/01\/22\/mein-wort-schatz-immens\/","name":"Immens: Mein Wort-Schatz - ZEIT der Leser","isPartOf":{"@id":"https:\/\/blog.zeit.de\/zeit-der-leser\/#website"},"datePublished":"2013-01-22T11:00:04+00:00","dateModified":"2015-02-20T15:07:10+00:00","author":{"@id":"https:\/\/blog.zeit.de\/zeit-der-leser\/#\/schema\/person\/583b14e5ad6368c23af846ecbde9f20f"},"breadcrumb":{"@id":"https:\/\/blog.zeit.de\/zeit-der-leser\/2013\/01\/22\/mein-wort-schatz-immens\/#breadcrumb"},"inLanguage":"de","potentialAction":[{"@type":"ReadAction","target":["https:\/\/blog.zeit.de\/zeit-der-leser\/2013\/01\/22\/mein-wort-schatz-immens\/"]}]},{"@type":"BreadcrumbList","@id":"https:\/\/blog.zeit.de\/zeit-der-leser\/2013\/01\/22\/mein-wort-schatz-immens\/#breadcrumb","itemListElement":[{"@type":"ListItem","position":1,"name":"Startseite","item":"https:\/\/blog.zeit.de\/zeit-der-leser\/"},{"@type":"ListItem","position":2,"name":"Immens: Mein Wort-Schatz"}]},{"@type":"WebSite","@id":"https:\/\/blog.zeit.de\/zeit-der-leser\/#website","url":"https:\/\/blog.zeit.de\/zeit-der-leser\/","name":"ZEIT der Leser","description":"Ein Blog mit Ihren Notizen, Gedichten und Bildern f\u00fcr die gedruckte ZEIT","potentialAction":[{"@type":"SearchAction","target":{"@type":"EntryPoint","urlTemplate":"https:\/\/blog.zeit.de\/zeit-der-leser\/?s={search_term_string}"},"query-input":"required name=search_term_string"}],"inLanguage":"de"},{"@type":"Person","@id":"https:\/\/blog.zeit.de\/zeit-der-leser\/#\/schema\/person\/583b14e5ad6368c23af846ecbde9f20f","name":"\"Zeit der Leser\"-Redaktion","image":{"@type":"ImageObject","inLanguage":"de","@id":"https:\/\/blog.zeit.de\/zeit-der-leser\/#\/schema\/person\/image\/","url":"https:\/\/secure.gravatar.com\/avatar\/e801a681bd3bbf2345131a815930b48d9f8e0a94de1346b624840dc850f67ad0?s=96&d=mm&r=g","contentUrl":"https:\/\/secure.gravatar.com\/avatar\/e801a681bd3bbf2345131a815930b48d9f8e0a94de1346b624840dc850f67ad0?s=96&d=mm&r=g","caption":"\"Zeit der Leser\"-Redaktion"},"url":"https:\/\/blog.zeit.de\/zeit-der-leser\/author\/zeit-der-leser-redaktion\/"}]}},"jetpack_featured_media_url":"","jetpack_sharing_enabled":true,"_links":{"self":[{"href":"https:\/\/blog.zeit.de\/zeit-der-leser\/wp-json\/wp\/v2\/posts\/12131","targetHints":{"allow":["GET"]}}],"collection":[{"href":"https:\/\/blog.zeit.de\/zeit-der-leser\/wp-json\/wp\/v2\/posts"}],"about":[{"href":"https:\/\/blog.zeit.de\/zeit-der-leser\/wp-json\/wp\/v2\/types\/post"}],"author":[{"embeddable":true,"href":"https:\/\/blog.zeit.de\/zeit-der-leser\/wp-json\/wp\/v2\/users\/265"}],"replies":[{"embeddable":true,"href":"https:\/\/blog.zeit.de\/zeit-der-leser\/wp-json\/wp\/v2\/comments?post=12131"}],"version-history":[{"count":4,"href":"https:\/\/blog.zeit.de\/zeit-der-leser\/wp-json\/wp\/v2\/posts\/12131\/revisions"}],"predecessor-version":[{"id":19723,"href":"https:\/\/blog.zeit.de\/zeit-der-leser\/wp-json\/wp\/v2\/posts\/12131\/revisions\/19723"}],"wp:attachment":[{"href":"https:\/\/blog.zeit.de\/zeit-der-leser\/wp-json\/wp\/v2\/media?parent=12131"}],"wp:term":[{"taxonomy":"category","embeddable":true,"href":"https:\/\/blog.zeit.de\/zeit-der-leser\/wp-json\/wp\/v2\/categories?post=12131"},{"taxonomy":"post_tag","embeddable":true,"href":"https:\/\/blog.zeit.de\/zeit-der-leser\/wp-json\/wp\/v2\/tags?post=12131"}],"curies":[{"name":"wp","href":"https:\/\/api.w.org\/{rel}","templated":true}]}}