{"id":12225,"date":"2013-01-29T18:00:47","date_gmt":"2013-01-29T17:00:47","guid":{"rendered":"http:\/\/blog.zeit.de\/zeit-der-leser\/?p=12225"},"modified":"2013-01-29T18:01:24","modified_gmt":"2013-01-29T17:01:24","slug":"zeitsprung-erderwarmung","status":"publish","type":"post","link":"https:\/\/blog.zeit.de\/zeit-der-leser\/2013\/01\/29\/zeitsprung-erderwarmung\/","title":{"rendered":"Zeitsprung: Erderw\u00e4rmung"},"content":{"rendered":"<p><a href=\"https:\/\/blog.zeit.de\/zeit-der-leser\/?attachment_id=12227\" rel=\"attachment wp-att-12227\"><img loading=\"lazy\" decoding=\"async\" class=\"alignleft size-full wp-image-12227\" alt=\"s68-zeitsprung-1980\" src=\"https:\/\/blog.zeit.de\/zeit-der-leser\/files\/2013\/01\/s68-zeitsprung-19801.jpg\" width=\"540\" height=\"750\" srcset=\"https:\/\/blog.zeit.de\/zeit-der-leser\/files\/2013\/01\/s68-zeitsprung-19801.jpg 540w, https:\/\/blog.zeit.de\/zeit-der-leser\/files\/2013\/01\/s68-zeitsprung-19801-216x300.jpg 216w\" sizes=\"auto, (max-width: 540px) 100vw, 540px\" \/><\/a> <a href=\"https:\/\/blog.zeit.de\/zeit-der-leser\/?attachment_id=12228\" rel=\"attachment wp-att-12228\"><img loading=\"lazy\" decoding=\"async\" class=\"alignleft size-full wp-image-12228\" alt=\"s68-zeitsprung-2010\" src=\"https:\/\/blog.zeit.de\/zeit-der-leser\/files\/2013\/01\/s68-zeitsprung-2010.jpg\" width=\"540\" height=\"750\" srcset=\"https:\/\/blog.zeit.de\/zeit-der-leser\/files\/2013\/01\/s68-zeitsprung-2010.jpg 540w, https:\/\/blog.zeit.de\/zeit-der-leser\/files\/2013\/01\/s68-zeitsprung-2010-216x300.jpg 216w\" sizes=\"auto, (max-width: 540px) 100vw, 540px\" \/><\/a><\/p>\n<p>Mein erster Urlaub mit Freunden f\u00fchrte mich 1980 im K\u00e4fer von Hamburg nach Norwegen. Dabei entstand das Foto oben. Damals konnten wir noch ganz nah an den Gletscher wandern. Als ich dann 2010 meiner Frau und unserem Sohn den Briksdalsbreen zeigen wollte, pr\u00e4sentierte sich uns ein deutlich anderes Bild. Klimaver\u00e4nderung, ganz pers\u00f6nlich erfahrbar.<\/p>\n<p><strong>Olaf Christen<\/strong>, Markkleeberg, Sachsen<\/p>\n","protected":false},"excerpt":{"rendered":"<p>Mein erster Urlaub mit Freunden f\u00fchrte mich 1980 im K\u00e4fer von Hamburg nach Norwegen. Dabei entstand das Foto oben. Damals konnten wir noch ganz nah an den Gletscher wandern. Als ich dann 2010 meiner Frau und unserem Sohn den Briksdalsbreen zeigen wollte, pr\u00e4sentierte sich uns ein deutlich anderes Bild. Klimaver\u00e4nderung, ganz pers\u00f6nlich erfahrbar. Olaf Christen, [&hellip;]<\/p>\n","protected":false},"author":265,"featured_media":0,"comment_status":"open","ping_status":"open","sticky":false,"template":"","format":"standard","meta":{"_jetpack_memberships_contains_paid_content":false,"footnotes":""},"categories":[1878],"tags":[],"class_list":["post-12225","post","type-post","status-publish","format-standard","hentry","category-zeitsprung"],"yoast_head":"<!-- This site is optimized with the Yoast SEO plugin v21.0 - https:\/\/yoast.com\/wordpress\/plugins\/seo\/ -->\n<title>Zeitsprung: Erderw\u00e4rmung - ZEIT der Leser<\/title>\n<meta name=\"robots\" content=\"index, follow, max-snippet:-1, max-image-preview:large, max-video-preview:-1\" \/>\n<link rel=\"canonical\" href=\"https:\/\/blog.zeit.de\/zeit-der-leser\/2013\/01\/29\/zeitsprung-erderwarmung\/\" \/>\n<meta property=\"og:locale\" content=\"de_DE\" \/>\n<meta property=\"og:type\" content=\"article\" \/>\n<meta property=\"og:title\" content=\"Zeitsprung: Erderw\u00e4rmung - ZEIT der Leser\" \/>\n<meta property=\"og:description\" content=\"Mein erster Urlaub mit Freunden f\u00fchrte mich 1980 im K\u00e4fer von Hamburg nach Norwegen. Dabei entstand das Foto oben. Damals konnten wir noch ganz nah an den Gletscher wandern. Als ich dann 2010 meiner Frau und unserem Sohn den Briksdalsbreen zeigen wollte, pr\u00e4sentierte sich uns ein deutlich anderes Bild. Klimaver\u00e4nderung, ganz pers\u00f6nlich erfahrbar. Olaf Christen, [&hellip;]\" \/>\n<meta property=\"og:url\" content=\"https:\/\/blog.zeit.de\/zeit-der-leser\/2013\/01\/29\/zeitsprung-erderwarmung\/\" \/>\n<meta property=\"og:site_name\" content=\"ZEIT der Leser\" \/>\n<meta property=\"article:published_time\" content=\"2013-01-29T17:00:47+00:00\" \/>\n<meta property=\"article:modified_time\" content=\"2013-01-29T17:01:24+00:00\" \/>\n<meta property=\"og:image\" content=\"https:\/\/blog.zeit.de\/zeit-der-leser\/files\/2013\/01\/s68-zeitsprung-19801.jpg\" \/>\n<meta name=\"author\" content=\"&quot;Zeit der Leser&quot;-Redaktion\" \/>\n<meta name=\"twitter:card\" content=\"summary_large_image\" \/>\n<meta name=\"twitter:label1\" content=\"Geschrieben von\" \/>\n\t<meta name=\"twitter:data1\" content=\"\"Zeit der Leser\"-Redaktion\" \/>\n<script type=\"application\/ld+json\" class=\"yoast-schema-graph\">{\"@context\":\"https:\/\/schema.org\",\"@graph\":[{\"@type\":\"WebPage\",\"@id\":\"https:\/\/blog.zeit.de\/zeit-der-leser\/2013\/01\/29\/zeitsprung-erderwarmung\/\",\"url\":\"https:\/\/blog.zeit.de\/zeit-der-leser\/2013\/01\/29\/zeitsprung-erderwarmung\/\",\"name\":\"Zeitsprung: Erderw\u00e4rmung - ZEIT der Leser\",\"isPartOf\":{\"@id\":\"https:\/\/blog.zeit.de\/zeit-der-leser\/#website\"},\"datePublished\":\"2013-01-29T17:00:47+00:00\",\"dateModified\":\"2013-01-29T17:01:24+00:00\",\"author\":{\"@id\":\"https:\/\/blog.zeit.de\/zeit-der-leser\/#\/schema\/person\/583b14e5ad6368c23af846ecbde9f20f\"},\"breadcrumb\":{\"@id\":\"https:\/\/blog.zeit.de\/zeit-der-leser\/2013\/01\/29\/zeitsprung-erderwarmung\/#breadcrumb\"},\"inLanguage\":\"de\",\"potentialAction\":[{\"@type\":\"ReadAction\",\"target\":[\"https:\/\/blog.zeit.de\/zeit-der-leser\/2013\/01\/29\/zeitsprung-erderwarmung\/\"]}]},{\"@type\":\"BreadcrumbList\",\"@id\":\"https:\/\/blog.zeit.de\/zeit-der-leser\/2013\/01\/29\/zeitsprung-erderwarmung\/#breadcrumb\",\"itemListElement\":[{\"@type\":\"ListItem\",\"position\":1,\"name\":\"Startseite\",\"item\":\"https:\/\/blog.zeit.de\/zeit-der-leser\/\"},{\"@type\":\"ListItem\",\"position\":2,\"name\":\"Zeitsprung: Erderw\u00e4rmung\"}]},{\"@type\":\"WebSite\",\"@id\":\"https:\/\/blog.zeit.de\/zeit-der-leser\/#website\",\"url\":\"https:\/\/blog.zeit.de\/zeit-der-leser\/\",\"name\":\"ZEIT der Leser\",\"description\":\"Ein Blog mit Ihren Notizen, Gedichten und Bildern f\u00fcr die gedruckte ZEIT\",\"potentialAction\":[{\"@type\":\"SearchAction\",\"target\":{\"@type\":\"EntryPoint\",\"urlTemplate\":\"https:\/\/blog.zeit.de\/zeit-der-leser\/?s={search_term_string}\"},\"query-input\":\"required name=search_term_string\"}],\"inLanguage\":\"de\"},{\"@type\":\"Person\",\"@id\":\"https:\/\/blog.zeit.de\/zeit-der-leser\/#\/schema\/person\/583b14e5ad6368c23af846ecbde9f20f\",\"name\":\"\\\"Zeit der Leser\\\"-Redaktion\",\"image\":{\"@type\":\"ImageObject\",\"inLanguage\":\"de\",\"@id\":\"https:\/\/blog.zeit.de\/zeit-der-leser\/#\/schema\/person\/image\/\",\"url\":\"https:\/\/secure.gravatar.com\/avatar\/e801a681bd3bbf2345131a815930b48d9f8e0a94de1346b624840dc850f67ad0?s=96&d=mm&r=g\",\"contentUrl\":\"https:\/\/secure.gravatar.com\/avatar\/e801a681bd3bbf2345131a815930b48d9f8e0a94de1346b624840dc850f67ad0?s=96&d=mm&r=g\",\"caption\":\"\\\"Zeit der Leser\\\"-Redaktion\"},\"url\":\"https:\/\/blog.zeit.de\/zeit-der-leser\/author\/zeit-der-leser-redaktion\/\"}]}<\/script>\n<!-- \/ Yoast SEO plugin. -->","yoast_head_json":{"title":"Zeitsprung: Erderw\u00e4rmung - ZEIT der Leser","robots":{"index":"index","follow":"follow","max-snippet":"max-snippet:-1","max-image-preview":"max-image-preview:large","max-video-preview":"max-video-preview:-1"},"canonical":"https:\/\/blog.zeit.de\/zeit-der-leser\/2013\/01\/29\/zeitsprung-erderwarmung\/","og_locale":"de_DE","og_type":"article","og_title":"Zeitsprung: Erderw\u00e4rmung - ZEIT der Leser","og_description":"Mein erster Urlaub mit Freunden f\u00fchrte mich 1980 im K\u00e4fer von Hamburg nach Norwegen. Dabei entstand das Foto oben. Damals konnten wir noch ganz nah an den Gletscher wandern. Als ich dann 2010 meiner Frau und unserem Sohn den Briksdalsbreen zeigen wollte, pr\u00e4sentierte sich uns ein deutlich anderes Bild. Klimaver\u00e4nderung, ganz pers\u00f6nlich erfahrbar. Olaf Christen, [&hellip;]","og_url":"https:\/\/blog.zeit.de\/zeit-der-leser\/2013\/01\/29\/zeitsprung-erderwarmung\/","og_site_name":"ZEIT der Leser","article_published_time":"2013-01-29T17:00:47+00:00","article_modified_time":"2013-01-29T17:01:24+00:00","og_image":[{"url":"https:\/\/blog.zeit.de\/zeit-der-leser\/files\/2013\/01\/s68-zeitsprung-19801.jpg"}],"author":"\"Zeit der Leser\"-Redaktion","twitter_card":"summary_large_image","twitter_misc":{"Geschrieben von":"\"Zeit der Leser\"-Redaktion"},"schema":{"@context":"https:\/\/schema.org","@graph":[{"@type":"WebPage","@id":"https:\/\/blog.zeit.de\/zeit-der-leser\/2013\/01\/29\/zeitsprung-erderwarmung\/","url":"https:\/\/blog.zeit.de\/zeit-der-leser\/2013\/01\/29\/zeitsprung-erderwarmung\/","name":"Zeitsprung: Erderw\u00e4rmung - ZEIT der Leser","isPartOf":{"@id":"https:\/\/blog.zeit.de\/zeit-der-leser\/#website"},"datePublished":"2013-01-29T17:00:47+00:00","dateModified":"2013-01-29T17:01:24+00:00","author":{"@id":"https:\/\/blog.zeit.de\/zeit-der-leser\/#\/schema\/person\/583b14e5ad6368c23af846ecbde9f20f"},"breadcrumb":{"@id":"https:\/\/blog.zeit.de\/zeit-der-leser\/2013\/01\/29\/zeitsprung-erderwarmung\/#breadcrumb"},"inLanguage":"de","potentialAction":[{"@type":"ReadAction","target":["https:\/\/blog.zeit.de\/zeit-der-leser\/2013\/01\/29\/zeitsprung-erderwarmung\/"]}]},{"@type":"BreadcrumbList","@id":"https:\/\/blog.zeit.de\/zeit-der-leser\/2013\/01\/29\/zeitsprung-erderwarmung\/#breadcrumb","itemListElement":[{"@type":"ListItem","position":1,"name":"Startseite","item":"https:\/\/blog.zeit.de\/zeit-der-leser\/"},{"@type":"ListItem","position":2,"name":"Zeitsprung: Erderw\u00e4rmung"}]},{"@type":"WebSite","@id":"https:\/\/blog.zeit.de\/zeit-der-leser\/#website","url":"https:\/\/blog.zeit.de\/zeit-der-leser\/","name":"ZEIT der Leser","description":"Ein Blog mit Ihren Notizen, Gedichten und Bildern f\u00fcr die gedruckte ZEIT","potentialAction":[{"@type":"SearchAction","target":{"@type":"EntryPoint","urlTemplate":"https:\/\/blog.zeit.de\/zeit-der-leser\/?s={search_term_string}"},"query-input":"required name=search_term_string"}],"inLanguage":"de"},{"@type":"Person","@id":"https:\/\/blog.zeit.de\/zeit-der-leser\/#\/schema\/person\/583b14e5ad6368c23af846ecbde9f20f","name":"\"Zeit der Leser\"-Redaktion","image":{"@type":"ImageObject","inLanguage":"de","@id":"https:\/\/blog.zeit.de\/zeit-der-leser\/#\/schema\/person\/image\/","url":"https:\/\/secure.gravatar.com\/avatar\/e801a681bd3bbf2345131a815930b48d9f8e0a94de1346b624840dc850f67ad0?s=96&d=mm&r=g","contentUrl":"https:\/\/secure.gravatar.com\/avatar\/e801a681bd3bbf2345131a815930b48d9f8e0a94de1346b624840dc850f67ad0?s=96&d=mm&r=g","caption":"\"Zeit der Leser\"-Redaktion"},"url":"https:\/\/blog.zeit.de\/zeit-der-leser\/author\/zeit-der-leser-redaktion\/"}]}},"jetpack_featured_media_url":"","jetpack_sharing_enabled":true,"_links":{"self":[{"href":"https:\/\/blog.zeit.de\/zeit-der-leser\/wp-json\/wp\/v2\/posts\/12225","targetHints":{"allow":["GET"]}}],"collection":[{"href":"https:\/\/blog.zeit.de\/zeit-der-leser\/wp-json\/wp\/v2\/posts"}],"about":[{"href":"https:\/\/blog.zeit.de\/zeit-der-leser\/wp-json\/wp\/v2\/types\/post"}],"author":[{"embeddable":true,"href":"https:\/\/blog.zeit.de\/zeit-der-leser\/wp-json\/wp\/v2\/users\/265"}],"replies":[{"embeddable":true,"href":"https:\/\/blog.zeit.de\/zeit-der-leser\/wp-json\/wp\/v2\/comments?post=12225"}],"version-history":[{"count":3,"href":"https:\/\/blog.zeit.de\/zeit-der-leser\/wp-json\/wp\/v2\/posts\/12225\/revisions"}],"predecessor-version":[{"id":12230,"href":"https:\/\/blog.zeit.de\/zeit-der-leser\/wp-json\/wp\/v2\/posts\/12225\/revisions\/12230"}],"wp:attachment":[{"href":"https:\/\/blog.zeit.de\/zeit-der-leser\/wp-json\/wp\/v2\/media?parent=12225"}],"wp:term":[{"taxonomy":"category","embeddable":true,"href":"https:\/\/blog.zeit.de\/zeit-der-leser\/wp-json\/wp\/v2\/categories?post=12225"},{"taxonomy":"post_tag","embeddable":true,"href":"https:\/\/blog.zeit.de\/zeit-der-leser\/wp-json\/wp\/v2\/tags?post=12225"}],"curies":[{"name":"wp","href":"https:\/\/api.w.org\/{rel}","templated":true}]}}