{"id":12287,"date":"2013-02-03T18:00:08","date_gmt":"2013-02-03T17:00:08","guid":{"rendered":"http:\/\/blog.zeit.de\/zeit-der-leser\/?p=12287"},"modified":"2013-02-03T18:00:20","modified_gmt":"2013-02-03T17:00:20","slug":"zeitsprung-70-jahre-nach-der-schlacht","status":"publish","type":"post","link":"https:\/\/blog.zeit.de\/zeit-der-leser\/2013\/02\/03\/zeitsprung-70-jahre-nach-der-schlacht\/","title":{"rendered":"Zeitsprung: 70 Jahre nach der Schlacht"},"content":{"rendered":"<p><div id='gallery-1' class='gallery galleryid-12287 gallery-columns-3 gallery-size-thumbnail'><figure class='gallery-item'>\n\t\t\t<div class='gallery-icon portrait'>\n\t\t\t\t<a href='https:\/\/blog.zeit.de\/zeit-der-leser\/2013\/02\/03\/zeitsprung-70-jahre-nach-der-schlacht\/s78-zeitsprung-1-4\/'><img loading=\"lazy\" decoding=\"async\" width=\"150\" height=\"150\" src=\"https:\/\/blog.zeit.de\/zeit-der-leser\/files\/2013\/01\/s78-zeitsprung-1-150x150.jpg\" class=\"attachment-thumbnail size-thumbnail\" alt=\"\" \/><\/a>\n\t\t\t<\/div><\/figure><figure class='gallery-item'>\n\t\t\t<div class='gallery-icon portrait'>\n\t\t\t\t<a href='https:\/\/blog.zeit.de\/zeit-der-leser\/2013\/02\/03\/zeitsprung-70-jahre-nach-der-schlacht\/s78-zeitsprung-2-5\/'><img loading=\"lazy\" decoding=\"async\" width=\"150\" height=\"150\" src=\"https:\/\/blog.zeit.de\/zeit-der-leser\/files\/2013\/01\/s78-zeitsprung-21-150x150.jpg\" class=\"attachment-thumbnail size-thumbnail\" alt=\"\" \/><\/a>\n\t\t\t<\/div><\/figure>\n\t\t<\/div>\n<\/p>\n<p>Das Foto links stammt aus dem Jahre 1942 und zeigt das Kaufhaus Univermag in Stalingrad. Es diente im Zweiten Weltkrieg als letztes Hauptquartier von Generalfeldmarschall Friedrich Paulus, der auf Befehl Hitlers die Kapitulation auch dann noch ablehnte, als seine Truppe im Januar 1943 vollst\u00e4ndig von russischen Soldaten eingekesselt war. Knapp 70 Jahre sp\u00e4ter habe ich die rechte Aufnahme von dem Geb\u00e4ude gemacht, dessen runder Eingang trotz der vielen Anbauten noch zu erkennen ist. Das Foto entstand bei einem Vorbereitungsbesuch, denn bald wird das Osnabr\u00fccker Symphonieorchester, dem ich als Geiger angeh\u00f6re, als erstes deutsches Ensemble nach dem Krieg in die Stadt reisen, die heute Wolgograd hei\u00dft. Zusammen mit dem dortigen Philharmonischen Orchester gedenken wir am 3. Februar in einem gemeinsamen Konzert der Opfer der furchtbaren Schlacht. auf meine Frage, ob deutsche Musiker an diesem Tag \u00fcberhaupt erw\u00fcnscht seien, antwortete mir bei meinem ersten Besuch eine \u00dcberlebende: \u00bbSie sind herzlich willkommen! Wir lieben die Deutschen, und wir hassen die Faschisten\u00ab \u2013 was mir die Tr\u00e4nen in die Augen trieb.<\/p>\n<p><strong>Christian Heinecke<\/strong>, Osnabr\u00fcck<\/p>\n","protected":false},"excerpt":{"rendered":"<p>Das Foto links stammt aus dem Jahre 1942 und zeigt das Kaufhaus Univermag in Stalingrad. Es diente im Zweiten Weltkrieg als letztes Hauptquartier von Generalfeldmarschall Friedrich Paulus, der auf Befehl Hitlers die Kapitulation auch dann noch ablehnte, als seine Truppe im Januar 1943 vollst\u00e4ndig von russischen Soldaten eingekesselt war. Knapp 70 Jahre sp\u00e4ter habe ich [&hellip;]<\/p>\n","protected":false},"author":265,"featured_media":0,"comment_status":"open","ping_status":"open","sticky":false,"template":"","format":"standard","meta":{"_jetpack_memberships_contains_paid_content":false,"footnotes":""},"categories":[1878],"tags":[],"class_list":["post-12287","post","type-post","status-publish","format-standard","hentry","category-zeitsprung"],"yoast_head":"<!-- This site is optimized with the Yoast SEO plugin v21.0 - https:\/\/yoast.com\/wordpress\/plugins\/seo\/ -->\n<title>Zeitsprung: 70 Jahre nach der Schlacht - ZEIT der Leser<\/title>\n<meta name=\"robots\" content=\"index, follow, max-snippet:-1, max-image-preview:large, max-video-preview:-1\" \/>\n<link rel=\"canonical\" href=\"https:\/\/blog.zeit.de\/zeit-der-leser\/2013\/02\/03\/zeitsprung-70-jahre-nach-der-schlacht\/\" \/>\n<meta property=\"og:locale\" content=\"de_DE\" \/>\n<meta property=\"og:type\" content=\"article\" \/>\n<meta property=\"og:title\" content=\"Zeitsprung: 70 Jahre nach der Schlacht - ZEIT der Leser\" \/>\n<meta property=\"og:description\" content=\"Das Foto links stammt aus dem Jahre 1942 und zeigt das Kaufhaus Univermag in Stalingrad. Es diente im Zweiten Weltkrieg als letztes Hauptquartier von Generalfeldmarschall Friedrich Paulus, der auf Befehl Hitlers die Kapitulation auch dann noch ablehnte, als seine Truppe im Januar 1943 vollst\u00e4ndig von russischen Soldaten eingekesselt war. Knapp 70 Jahre sp\u00e4ter habe ich [&hellip;]\" \/>\n<meta property=\"og:url\" content=\"https:\/\/blog.zeit.de\/zeit-der-leser\/2013\/02\/03\/zeitsprung-70-jahre-nach-der-schlacht\/\" \/>\n<meta property=\"og:site_name\" content=\"ZEIT der Leser\" \/>\n<meta property=\"article:published_time\" content=\"2013-02-03T17:00:08+00:00\" \/>\n<meta property=\"article:modified_time\" content=\"2013-02-03T17:00:20+00:00\" \/>\n<meta property=\"og:image\" content=\"https:\/\/blog.zeit.de\/zeit-der-leser\/files\/2013\/01\/s78-zeitsprung-1-150x150.jpg\" \/>\n<meta name=\"author\" content=\"&quot;Zeit der Leser&quot;-Redaktion\" \/>\n<meta name=\"twitter:card\" content=\"summary_large_image\" \/>\n<meta name=\"twitter:label1\" content=\"Geschrieben von\" \/>\n\t<meta name=\"twitter:data1\" content=\"\"Zeit der Leser\"-Redaktion\" \/>\n\t<meta name=\"twitter:label2\" content=\"Gesch\u00e4tzte Lesezeit\" \/>\n\t<meta name=\"twitter:data2\" content=\"1\u00a0Minute\" \/>\n<script type=\"application\/ld+json\" class=\"yoast-schema-graph\">{\"@context\":\"https:\/\/schema.org\",\"@graph\":[{\"@type\":\"WebPage\",\"@id\":\"https:\/\/blog.zeit.de\/zeit-der-leser\/2013\/02\/03\/zeitsprung-70-jahre-nach-der-schlacht\/\",\"url\":\"https:\/\/blog.zeit.de\/zeit-der-leser\/2013\/02\/03\/zeitsprung-70-jahre-nach-der-schlacht\/\",\"name\":\"Zeitsprung: 70 Jahre nach der Schlacht - ZEIT der Leser\",\"isPartOf\":{\"@id\":\"https:\/\/blog.zeit.de\/zeit-der-leser\/#website\"},\"datePublished\":\"2013-02-03T17:00:08+00:00\",\"dateModified\":\"2013-02-03T17:00:20+00:00\",\"author\":{\"@id\":\"https:\/\/blog.zeit.de\/zeit-der-leser\/#\/schema\/person\/583b14e5ad6368c23af846ecbde9f20f\"},\"breadcrumb\":{\"@id\":\"https:\/\/blog.zeit.de\/zeit-der-leser\/2013\/02\/03\/zeitsprung-70-jahre-nach-der-schlacht\/#breadcrumb\"},\"inLanguage\":\"de\",\"potentialAction\":[{\"@type\":\"ReadAction\",\"target\":[\"https:\/\/blog.zeit.de\/zeit-der-leser\/2013\/02\/03\/zeitsprung-70-jahre-nach-der-schlacht\/\"]}]},{\"@type\":\"BreadcrumbList\",\"@id\":\"https:\/\/blog.zeit.de\/zeit-der-leser\/2013\/02\/03\/zeitsprung-70-jahre-nach-der-schlacht\/#breadcrumb\",\"itemListElement\":[{\"@type\":\"ListItem\",\"position\":1,\"name\":\"Startseite\",\"item\":\"https:\/\/blog.zeit.de\/zeit-der-leser\/\"},{\"@type\":\"ListItem\",\"position\":2,\"name\":\"Zeitsprung: 70 Jahre nach der Schlacht\"}]},{\"@type\":\"WebSite\",\"@id\":\"https:\/\/blog.zeit.de\/zeit-der-leser\/#website\",\"url\":\"https:\/\/blog.zeit.de\/zeit-der-leser\/\",\"name\":\"ZEIT der Leser\",\"description\":\"Ein Blog mit Ihren Notizen, Gedichten und Bildern f\u00fcr die gedruckte ZEIT\",\"potentialAction\":[{\"@type\":\"SearchAction\",\"target\":{\"@type\":\"EntryPoint\",\"urlTemplate\":\"https:\/\/blog.zeit.de\/zeit-der-leser\/?s={search_term_string}\"},\"query-input\":\"required name=search_term_string\"}],\"inLanguage\":\"de\"},{\"@type\":\"Person\",\"@id\":\"https:\/\/blog.zeit.de\/zeit-der-leser\/#\/schema\/person\/583b14e5ad6368c23af846ecbde9f20f\",\"name\":\"\\\"Zeit der Leser\\\"-Redaktion\",\"image\":{\"@type\":\"ImageObject\",\"inLanguage\":\"de\",\"@id\":\"https:\/\/blog.zeit.de\/zeit-der-leser\/#\/schema\/person\/image\/\",\"url\":\"https:\/\/secure.gravatar.com\/avatar\/e801a681bd3bbf2345131a815930b48d9f8e0a94de1346b624840dc850f67ad0?s=96&d=mm&r=g\",\"contentUrl\":\"https:\/\/secure.gravatar.com\/avatar\/e801a681bd3bbf2345131a815930b48d9f8e0a94de1346b624840dc850f67ad0?s=96&d=mm&r=g\",\"caption\":\"\\\"Zeit der Leser\\\"-Redaktion\"},\"url\":\"https:\/\/blog.zeit.de\/zeit-der-leser\/author\/zeit-der-leser-redaktion\/\"}]}<\/script>\n<!-- \/ Yoast SEO plugin. -->","yoast_head_json":{"title":"Zeitsprung: 70 Jahre nach der Schlacht - ZEIT der Leser","robots":{"index":"index","follow":"follow","max-snippet":"max-snippet:-1","max-image-preview":"max-image-preview:large","max-video-preview":"max-video-preview:-1"},"canonical":"https:\/\/blog.zeit.de\/zeit-der-leser\/2013\/02\/03\/zeitsprung-70-jahre-nach-der-schlacht\/","og_locale":"de_DE","og_type":"article","og_title":"Zeitsprung: 70 Jahre nach der Schlacht - ZEIT der Leser","og_description":"Das Foto links stammt aus dem Jahre 1942 und zeigt das Kaufhaus Univermag in Stalingrad. Es diente im Zweiten Weltkrieg als letztes Hauptquartier von Generalfeldmarschall Friedrich Paulus, der auf Befehl Hitlers die Kapitulation auch dann noch ablehnte, als seine Truppe im Januar 1943 vollst\u00e4ndig von russischen Soldaten eingekesselt war. Knapp 70 Jahre sp\u00e4ter habe ich [&hellip;]","og_url":"https:\/\/blog.zeit.de\/zeit-der-leser\/2013\/02\/03\/zeitsprung-70-jahre-nach-der-schlacht\/","og_site_name":"ZEIT der Leser","article_published_time":"2013-02-03T17:00:08+00:00","article_modified_time":"2013-02-03T17:00:20+00:00","og_image":[{"url":"https:\/\/blog.zeit.de\/zeit-der-leser\/files\/2013\/01\/s78-zeitsprung-1-150x150.jpg"}],"author":"\"Zeit der Leser\"-Redaktion","twitter_card":"summary_large_image","twitter_misc":{"Geschrieben von":"\"Zeit der Leser\"-Redaktion","Gesch\u00e4tzte Lesezeit":"1\u00a0Minute"},"schema":{"@context":"https:\/\/schema.org","@graph":[{"@type":"WebPage","@id":"https:\/\/blog.zeit.de\/zeit-der-leser\/2013\/02\/03\/zeitsprung-70-jahre-nach-der-schlacht\/","url":"https:\/\/blog.zeit.de\/zeit-der-leser\/2013\/02\/03\/zeitsprung-70-jahre-nach-der-schlacht\/","name":"Zeitsprung: 70 Jahre nach der Schlacht - ZEIT der Leser","isPartOf":{"@id":"https:\/\/blog.zeit.de\/zeit-der-leser\/#website"},"datePublished":"2013-02-03T17:00:08+00:00","dateModified":"2013-02-03T17:00:20+00:00","author":{"@id":"https:\/\/blog.zeit.de\/zeit-der-leser\/#\/schema\/person\/583b14e5ad6368c23af846ecbde9f20f"},"breadcrumb":{"@id":"https:\/\/blog.zeit.de\/zeit-der-leser\/2013\/02\/03\/zeitsprung-70-jahre-nach-der-schlacht\/#breadcrumb"},"inLanguage":"de","potentialAction":[{"@type":"ReadAction","target":["https:\/\/blog.zeit.de\/zeit-der-leser\/2013\/02\/03\/zeitsprung-70-jahre-nach-der-schlacht\/"]}]},{"@type":"BreadcrumbList","@id":"https:\/\/blog.zeit.de\/zeit-der-leser\/2013\/02\/03\/zeitsprung-70-jahre-nach-der-schlacht\/#breadcrumb","itemListElement":[{"@type":"ListItem","position":1,"name":"Startseite","item":"https:\/\/blog.zeit.de\/zeit-der-leser\/"},{"@type":"ListItem","position":2,"name":"Zeitsprung: 70 Jahre nach der Schlacht"}]},{"@type":"WebSite","@id":"https:\/\/blog.zeit.de\/zeit-der-leser\/#website","url":"https:\/\/blog.zeit.de\/zeit-der-leser\/","name":"ZEIT der Leser","description":"Ein Blog mit Ihren Notizen, Gedichten und Bildern f\u00fcr die gedruckte ZEIT","potentialAction":[{"@type":"SearchAction","target":{"@type":"EntryPoint","urlTemplate":"https:\/\/blog.zeit.de\/zeit-der-leser\/?s={search_term_string}"},"query-input":"required name=search_term_string"}],"inLanguage":"de"},{"@type":"Person","@id":"https:\/\/blog.zeit.de\/zeit-der-leser\/#\/schema\/person\/583b14e5ad6368c23af846ecbde9f20f","name":"\"Zeit der Leser\"-Redaktion","image":{"@type":"ImageObject","inLanguage":"de","@id":"https:\/\/blog.zeit.de\/zeit-der-leser\/#\/schema\/person\/image\/","url":"https:\/\/secure.gravatar.com\/avatar\/e801a681bd3bbf2345131a815930b48d9f8e0a94de1346b624840dc850f67ad0?s=96&d=mm&r=g","contentUrl":"https:\/\/secure.gravatar.com\/avatar\/e801a681bd3bbf2345131a815930b48d9f8e0a94de1346b624840dc850f67ad0?s=96&d=mm&r=g","caption":"\"Zeit der Leser\"-Redaktion"},"url":"https:\/\/blog.zeit.de\/zeit-der-leser\/author\/zeit-der-leser-redaktion\/"}]}},"jetpack_featured_media_url":"","jetpack_sharing_enabled":true,"_links":{"self":[{"href":"https:\/\/blog.zeit.de\/zeit-der-leser\/wp-json\/wp\/v2\/posts\/12287","targetHints":{"allow":["GET"]}}],"collection":[{"href":"https:\/\/blog.zeit.de\/zeit-der-leser\/wp-json\/wp\/v2\/posts"}],"about":[{"href":"https:\/\/blog.zeit.de\/zeit-der-leser\/wp-json\/wp\/v2\/types\/post"}],"author":[{"embeddable":true,"href":"https:\/\/blog.zeit.de\/zeit-der-leser\/wp-json\/wp\/v2\/users\/265"}],"replies":[{"embeddable":true,"href":"https:\/\/blog.zeit.de\/zeit-der-leser\/wp-json\/wp\/v2\/comments?post=12287"}],"version-history":[{"count":4,"href":"https:\/\/blog.zeit.de\/zeit-der-leser\/wp-json\/wp\/v2\/posts\/12287\/revisions"}],"predecessor-version":[{"id":12309,"href":"https:\/\/blog.zeit.de\/zeit-der-leser\/wp-json\/wp\/v2\/posts\/12287\/revisions\/12309"}],"wp:attachment":[{"href":"https:\/\/blog.zeit.de\/zeit-der-leser\/wp-json\/wp\/v2\/media?parent=12287"}],"wp:term":[{"taxonomy":"category","embeddable":true,"href":"https:\/\/blog.zeit.de\/zeit-der-leser\/wp-json\/wp\/v2\/categories?post=12287"},{"taxonomy":"post_tag","embeddable":true,"href":"https:\/\/blog.zeit.de\/zeit-der-leser\/wp-json\/wp\/v2\/tags?post=12287"}],"curies":[{"name":"wp","href":"https:\/\/api.w.org\/{rel}","templated":true}]}}