{"id":12314,"date":"2013-02-07T18:00:41","date_gmt":"2013-02-07T17:00:41","guid":{"rendered":"http:\/\/blog.zeit.de\/zeit-der-leser\/?p=12314"},"modified":"2015-02-20T16:00:22","modified_gmt":"2015-02-20T15:00:22","slug":"mein-wort-schatz-hagestolz","status":"publish","type":"post","link":"https:\/\/blog.zeit.de\/zeit-der-leser\/2013\/02\/07\/mein-wort-schatz-hagestolz\/","title":{"rendered":"Hagestolz: Mein Wort-Schatz"},"content":{"rendered":"<p>In meiner Kindheit nannte man einen unverheirateten Mann <strong>Hagestolz<\/strong>. Ich kann mich an einen erinnern, der mein Lehrer in der Volksschule war. Er war alt, (also vielleicht um die 50 Jahre!), alleinstehend und \u00e4rmlich gekleidet und strafte gerne mit Linealschl\u00e4gen. Als ich 20 Jahre sp\u00e4ter in der gro\u00dfen Kreisstadt bei einer Bank arbeitete, sah ich ihn wieder. Er hatte dort ein Aktiendepot, war aber immer noch mit dem \u00e4rmlichen grauen Mantel bekleidet. Beim Nachschlagen findet man unter Hagestolz: \u00bbEin \u00e4lterer Junggeselle, ein Mann, der die Ehe verabscheut, Sonderling\u00ab. Auch wird das Wort \u00bbGeiz\u00ab erw\u00e4hnt. Gibt es heute noch Hagestolze? oder sind sie im weiten Feld der \u00bbSingles\u00ab untergetaucht?<\/p>\n<p><strong>Monika Schanz<\/strong>, Nagold, Schwarzwald<\/p>\n","protected":false},"excerpt":{"rendered":"<p>In meiner Kindheit nannte man einen unverheirateten Mann Hagestolz. Ich kann mich an einen erinnern, der mein Lehrer in der Volksschule war. Er war alt, (also vielleicht um die 50 Jahre!), alleinstehend und \u00e4rmlich gekleidet und strafte gerne mit Linealschl\u00e4gen. Als ich 20 Jahre sp\u00e4ter in der gro\u00dfen Kreisstadt bei einer Bank arbeitete, sah ich [&hellip;]<\/p>\n","protected":false},"author":265,"featured_media":0,"comment_status":"open","ping_status":"open","sticky":false,"template":"","format":"standard","meta":{"_jetpack_memberships_contains_paid_content":false,"footnotes":""},"categories":[5687],"tags":[],"class_list":["post-12314","post","type-post","status-publish","format-standard","hentry","category-mein-wort-schatz"],"yoast_head":"<!-- This site is optimized with the Yoast SEO plugin v21.0 - https:\/\/yoast.com\/wordpress\/plugins\/seo\/ -->\n<title>Hagestolz: Mein Wort-Schatz - ZEIT der Leser<\/title>\n<meta name=\"robots\" content=\"index, follow, max-snippet:-1, max-image-preview:large, max-video-preview:-1\" \/>\n<link rel=\"canonical\" href=\"https:\/\/blog.zeit.de\/zeit-der-leser\/2013\/02\/07\/mein-wort-schatz-hagestolz\/\" \/>\n<meta property=\"og:locale\" content=\"de_DE\" \/>\n<meta property=\"og:type\" content=\"article\" \/>\n<meta property=\"og:title\" content=\"Hagestolz: Mein Wort-Schatz - ZEIT der Leser\" \/>\n<meta property=\"og:description\" content=\"In meiner Kindheit nannte man einen unverheirateten Mann Hagestolz. Ich kann mich an einen erinnern, der mein Lehrer in der Volksschule war. Er war alt, (also vielleicht um die 50 Jahre!), alleinstehend und \u00e4rmlich gekleidet und strafte gerne mit Linealschl\u00e4gen. Als ich 20 Jahre sp\u00e4ter in der gro\u00dfen Kreisstadt bei einer Bank arbeitete, sah ich [&hellip;]\" \/>\n<meta property=\"og:url\" content=\"https:\/\/blog.zeit.de\/zeit-der-leser\/2013\/02\/07\/mein-wort-schatz-hagestolz\/\" \/>\n<meta property=\"og:site_name\" content=\"ZEIT der Leser\" \/>\n<meta property=\"article:published_time\" content=\"2013-02-07T17:00:41+00:00\" \/>\n<meta property=\"article:modified_time\" content=\"2015-02-20T15:00:22+00:00\" \/>\n<meta name=\"author\" content=\"&quot;Zeit der Leser&quot;-Redaktion\" \/>\n<meta name=\"twitter:card\" content=\"summary_large_image\" \/>\n<meta name=\"twitter:label1\" content=\"Geschrieben von\" \/>\n\t<meta name=\"twitter:data1\" content=\"\"Zeit der Leser\"-Redaktion\" \/>\n\t<meta name=\"twitter:label2\" content=\"Gesch\u00e4tzte Lesezeit\" \/>\n\t<meta name=\"twitter:data2\" content=\"1\u00a0Minute\" \/>\n<script type=\"application\/ld+json\" class=\"yoast-schema-graph\">{\"@context\":\"https:\/\/schema.org\",\"@graph\":[{\"@type\":\"WebPage\",\"@id\":\"https:\/\/blog.zeit.de\/zeit-der-leser\/2013\/02\/07\/mein-wort-schatz-hagestolz\/\",\"url\":\"https:\/\/blog.zeit.de\/zeit-der-leser\/2013\/02\/07\/mein-wort-schatz-hagestolz\/\",\"name\":\"Hagestolz: Mein Wort-Schatz - ZEIT der Leser\",\"isPartOf\":{\"@id\":\"https:\/\/blog.zeit.de\/zeit-der-leser\/#website\"},\"datePublished\":\"2013-02-07T17:00:41+00:00\",\"dateModified\":\"2015-02-20T15:00:22+00:00\",\"author\":{\"@id\":\"https:\/\/blog.zeit.de\/zeit-der-leser\/#\/schema\/person\/583b14e5ad6368c23af846ecbde9f20f\"},\"breadcrumb\":{\"@id\":\"https:\/\/blog.zeit.de\/zeit-der-leser\/2013\/02\/07\/mein-wort-schatz-hagestolz\/#breadcrumb\"},\"inLanguage\":\"de\",\"potentialAction\":[{\"@type\":\"ReadAction\",\"target\":[\"https:\/\/blog.zeit.de\/zeit-der-leser\/2013\/02\/07\/mein-wort-schatz-hagestolz\/\"]}]},{\"@type\":\"BreadcrumbList\",\"@id\":\"https:\/\/blog.zeit.de\/zeit-der-leser\/2013\/02\/07\/mein-wort-schatz-hagestolz\/#breadcrumb\",\"itemListElement\":[{\"@type\":\"ListItem\",\"position\":1,\"name\":\"Startseite\",\"item\":\"https:\/\/blog.zeit.de\/zeit-der-leser\/\"},{\"@type\":\"ListItem\",\"position\":2,\"name\":\"Hagestolz: Mein Wort-Schatz\"}]},{\"@type\":\"WebSite\",\"@id\":\"https:\/\/blog.zeit.de\/zeit-der-leser\/#website\",\"url\":\"https:\/\/blog.zeit.de\/zeit-der-leser\/\",\"name\":\"ZEIT der Leser\",\"description\":\"Ein Blog mit Ihren Notizen, Gedichten und Bildern f\u00fcr die gedruckte ZEIT\",\"potentialAction\":[{\"@type\":\"SearchAction\",\"target\":{\"@type\":\"EntryPoint\",\"urlTemplate\":\"https:\/\/blog.zeit.de\/zeit-der-leser\/?s={search_term_string}\"},\"query-input\":\"required name=search_term_string\"}],\"inLanguage\":\"de\"},{\"@type\":\"Person\",\"@id\":\"https:\/\/blog.zeit.de\/zeit-der-leser\/#\/schema\/person\/583b14e5ad6368c23af846ecbde9f20f\",\"name\":\"\\\"Zeit der Leser\\\"-Redaktion\",\"image\":{\"@type\":\"ImageObject\",\"inLanguage\":\"de\",\"@id\":\"https:\/\/blog.zeit.de\/zeit-der-leser\/#\/schema\/person\/image\/\",\"url\":\"https:\/\/secure.gravatar.com\/avatar\/e801a681bd3bbf2345131a815930b48d9f8e0a94de1346b624840dc850f67ad0?s=96&d=mm&r=g\",\"contentUrl\":\"https:\/\/secure.gravatar.com\/avatar\/e801a681bd3bbf2345131a815930b48d9f8e0a94de1346b624840dc850f67ad0?s=96&d=mm&r=g\",\"caption\":\"\\\"Zeit der Leser\\\"-Redaktion\"},\"url\":\"https:\/\/blog.zeit.de\/zeit-der-leser\/author\/zeit-der-leser-redaktion\/\"}]}<\/script>\n<!-- \/ Yoast SEO plugin. -->","yoast_head_json":{"title":"Hagestolz: Mein Wort-Schatz - ZEIT der Leser","robots":{"index":"index","follow":"follow","max-snippet":"max-snippet:-1","max-image-preview":"max-image-preview:large","max-video-preview":"max-video-preview:-1"},"canonical":"https:\/\/blog.zeit.de\/zeit-der-leser\/2013\/02\/07\/mein-wort-schatz-hagestolz\/","og_locale":"de_DE","og_type":"article","og_title":"Hagestolz: Mein Wort-Schatz - ZEIT der Leser","og_description":"In meiner Kindheit nannte man einen unverheirateten Mann Hagestolz. Ich kann mich an einen erinnern, der mein Lehrer in der Volksschule war. Er war alt, (also vielleicht um die 50 Jahre!), alleinstehend und \u00e4rmlich gekleidet und strafte gerne mit Linealschl\u00e4gen. Als ich 20 Jahre sp\u00e4ter in der gro\u00dfen Kreisstadt bei einer Bank arbeitete, sah ich [&hellip;]","og_url":"https:\/\/blog.zeit.de\/zeit-der-leser\/2013\/02\/07\/mein-wort-schatz-hagestolz\/","og_site_name":"ZEIT der Leser","article_published_time":"2013-02-07T17:00:41+00:00","article_modified_time":"2015-02-20T15:00:22+00:00","author":"\"Zeit der Leser\"-Redaktion","twitter_card":"summary_large_image","twitter_misc":{"Geschrieben von":"\"Zeit der Leser\"-Redaktion","Gesch\u00e4tzte Lesezeit":"1\u00a0Minute"},"schema":{"@context":"https:\/\/schema.org","@graph":[{"@type":"WebPage","@id":"https:\/\/blog.zeit.de\/zeit-der-leser\/2013\/02\/07\/mein-wort-schatz-hagestolz\/","url":"https:\/\/blog.zeit.de\/zeit-der-leser\/2013\/02\/07\/mein-wort-schatz-hagestolz\/","name":"Hagestolz: Mein Wort-Schatz - ZEIT der Leser","isPartOf":{"@id":"https:\/\/blog.zeit.de\/zeit-der-leser\/#website"},"datePublished":"2013-02-07T17:00:41+00:00","dateModified":"2015-02-20T15:00:22+00:00","author":{"@id":"https:\/\/blog.zeit.de\/zeit-der-leser\/#\/schema\/person\/583b14e5ad6368c23af846ecbde9f20f"},"breadcrumb":{"@id":"https:\/\/blog.zeit.de\/zeit-der-leser\/2013\/02\/07\/mein-wort-schatz-hagestolz\/#breadcrumb"},"inLanguage":"de","potentialAction":[{"@type":"ReadAction","target":["https:\/\/blog.zeit.de\/zeit-der-leser\/2013\/02\/07\/mein-wort-schatz-hagestolz\/"]}]},{"@type":"BreadcrumbList","@id":"https:\/\/blog.zeit.de\/zeit-der-leser\/2013\/02\/07\/mein-wort-schatz-hagestolz\/#breadcrumb","itemListElement":[{"@type":"ListItem","position":1,"name":"Startseite","item":"https:\/\/blog.zeit.de\/zeit-der-leser\/"},{"@type":"ListItem","position":2,"name":"Hagestolz: Mein Wort-Schatz"}]},{"@type":"WebSite","@id":"https:\/\/blog.zeit.de\/zeit-der-leser\/#website","url":"https:\/\/blog.zeit.de\/zeit-der-leser\/","name":"ZEIT der Leser","description":"Ein Blog mit Ihren Notizen, Gedichten und Bildern f\u00fcr die gedruckte ZEIT","potentialAction":[{"@type":"SearchAction","target":{"@type":"EntryPoint","urlTemplate":"https:\/\/blog.zeit.de\/zeit-der-leser\/?s={search_term_string}"},"query-input":"required name=search_term_string"}],"inLanguage":"de"},{"@type":"Person","@id":"https:\/\/blog.zeit.de\/zeit-der-leser\/#\/schema\/person\/583b14e5ad6368c23af846ecbde9f20f","name":"\"Zeit der Leser\"-Redaktion","image":{"@type":"ImageObject","inLanguage":"de","@id":"https:\/\/blog.zeit.de\/zeit-der-leser\/#\/schema\/person\/image\/","url":"https:\/\/secure.gravatar.com\/avatar\/e801a681bd3bbf2345131a815930b48d9f8e0a94de1346b624840dc850f67ad0?s=96&d=mm&r=g","contentUrl":"https:\/\/secure.gravatar.com\/avatar\/e801a681bd3bbf2345131a815930b48d9f8e0a94de1346b624840dc850f67ad0?s=96&d=mm&r=g","caption":"\"Zeit der Leser\"-Redaktion"},"url":"https:\/\/blog.zeit.de\/zeit-der-leser\/author\/zeit-der-leser-redaktion\/"}]}},"jetpack_featured_media_url":"","jetpack_sharing_enabled":true,"_links":{"self":[{"href":"https:\/\/blog.zeit.de\/zeit-der-leser\/wp-json\/wp\/v2\/posts\/12314","targetHints":{"allow":["GET"]}}],"collection":[{"href":"https:\/\/blog.zeit.de\/zeit-der-leser\/wp-json\/wp\/v2\/posts"}],"about":[{"href":"https:\/\/blog.zeit.de\/zeit-der-leser\/wp-json\/wp\/v2\/types\/post"}],"author":[{"embeddable":true,"href":"https:\/\/blog.zeit.de\/zeit-der-leser\/wp-json\/wp\/v2\/users\/265"}],"replies":[{"embeddable":true,"href":"https:\/\/blog.zeit.de\/zeit-der-leser\/wp-json\/wp\/v2\/comments?post=12314"}],"version-history":[{"count":3,"href":"https:\/\/blog.zeit.de\/zeit-der-leser\/wp-json\/wp\/v2\/posts\/12314\/revisions"}],"predecessor-version":[{"id":17482,"href":"https:\/\/blog.zeit.de\/zeit-der-leser\/wp-json\/wp\/v2\/posts\/12314\/revisions\/17482"}],"wp:attachment":[{"href":"https:\/\/blog.zeit.de\/zeit-der-leser\/wp-json\/wp\/v2\/media?parent=12314"}],"wp:term":[{"taxonomy":"category","embeddable":true,"href":"https:\/\/blog.zeit.de\/zeit-der-leser\/wp-json\/wp\/v2\/categories?post=12314"},{"taxonomy":"post_tag","embeddable":true,"href":"https:\/\/blog.zeit.de\/zeit-der-leser\/wp-json\/wp\/v2\/tags?post=12314"}],"curies":[{"name":"wp","href":"https:\/\/api.w.org\/{rel}","templated":true}]}}