{"id":12416,"date":"2013-02-16T18:00:29","date_gmt":"2013-02-16T17:00:29","guid":{"rendered":"http:\/\/blog.zeit.de\/zeit-der-leser\/?p=12416"},"modified":"2013-02-16T18:00:39","modified_gmt":"2013-02-16T17:00:39","slug":"das-ist-mein-ding-29","status":"publish","type":"post","link":"https:\/\/blog.zeit.de\/zeit-der-leser\/2013\/02\/16\/das-ist-mein-ding-29\/","title":{"rendered":"Das ist mein Ding"},"content":{"rendered":"<p><a href=\"https:\/\/blog.zeit.de\/zeit-der-leser\/2013\/02\/16\/das-ist-mein-ding-29\/s86-ding\/\" rel=\"attachment wp-att-12417\"><img loading=\"lazy\" decoding=\"async\" class=\"alignleft size-full wp-image-12417\" alt=\"s86-ding\" src=\"https:\/\/blog.zeit.de\/zeit-der-leser\/files\/2013\/02\/s86-ding.jpg\" width=\"540\" height=\"558\" srcset=\"https:\/\/blog.zeit.de\/zeit-der-leser\/files\/2013\/02\/s86-ding.jpg 540w, https:\/\/blog.zeit.de\/zeit-der-leser\/files\/2013\/02\/s86-ding-290x300.jpg 290w\" sizes=\"auto, (max-width: 540px) 100vw, 540px\" \/><\/a><\/p>\n<p>Dieser Pfriem erinnert an meine Schneiderlehre vor \u00fcber 50 Jahren. Ich benutzte ihn damals, um L\u00f6cher in G\u00fcrtel zu bohren, die dann fein umstochen wurden. Lange hatte ich auf Flohm\u00e4rkten nach so etwas gesucht. Die Freude war gro\u00df, als mir mein Bruder zu einem Geburtstag dieses Prachtst\u00fcck (Elfenbein, 6,5 Zentimeter lang) zum Geschenk machte. er hatte es bei einem Klavierrestaurator aus einer Klaviertaste arbeiten lassen.<\/p>\n<p>Wer wei\u00df, wer diese Taste schon zum Klingen brachte?<\/p>\n<p><strong>Luci Friese<\/strong>, Hamm<\/p>\n","protected":false},"excerpt":{"rendered":"<p>Dieser Pfriem erinnert an meine Schneiderlehre vor \u00fcber 50 Jahren. Ich benutzte ihn damals, um L\u00f6cher in G\u00fcrtel zu bohren, die dann fein umstochen wurden. Lange hatte ich auf Flohm\u00e4rkten nach so etwas gesucht. Die Freude war gro\u00df, als mir mein Bruder zu einem Geburtstag dieses Prachtst\u00fcck (Elfenbein, 6,5 Zentimeter lang) zum Geschenk machte. er [&hellip;]<\/p>\n","protected":false},"author":265,"featured_media":0,"comment_status":"open","ping_status":"open","sticky":false,"template":"","format":"standard","meta":{"_jetpack_memberships_contains_paid_content":false,"footnotes":""},"categories":[5689],"tags":[],"class_list":["post-12416","post","type-post","status-publish","format-standard","hentry","category-mein-ding"],"yoast_head":"<!-- This site is optimized with the Yoast SEO plugin v21.0 - https:\/\/yoast.com\/wordpress\/plugins\/seo\/ -->\n<title>Das ist mein Ding - ZEIT der Leser<\/title>\n<meta name=\"robots\" content=\"index, follow, max-snippet:-1, max-image-preview:large, max-video-preview:-1\" \/>\n<link rel=\"canonical\" href=\"https:\/\/blog.zeit.de\/zeit-der-leser\/2013\/02\/16\/das-ist-mein-ding-29\/\" \/>\n<meta property=\"og:locale\" content=\"de_DE\" \/>\n<meta property=\"og:type\" content=\"article\" \/>\n<meta property=\"og:title\" content=\"Das ist mein Ding - ZEIT der Leser\" \/>\n<meta property=\"og:description\" content=\"Dieser Pfriem erinnert an meine Schneiderlehre vor \u00fcber 50 Jahren. Ich benutzte ihn damals, um L\u00f6cher in G\u00fcrtel zu bohren, die dann fein umstochen wurden. Lange hatte ich auf Flohm\u00e4rkten nach so etwas gesucht. Die Freude war gro\u00df, als mir mein Bruder zu einem Geburtstag dieses Prachtst\u00fcck (Elfenbein, 6,5 Zentimeter lang) zum Geschenk machte. er [&hellip;]\" \/>\n<meta property=\"og:url\" content=\"https:\/\/blog.zeit.de\/zeit-der-leser\/2013\/02\/16\/das-ist-mein-ding-29\/\" \/>\n<meta property=\"og:site_name\" content=\"ZEIT der Leser\" \/>\n<meta property=\"article:published_time\" content=\"2013-02-16T17:00:29+00:00\" \/>\n<meta property=\"article:modified_time\" content=\"2013-02-16T17:00:39+00:00\" \/>\n<meta property=\"og:image\" content=\"https:\/\/blog.zeit.de\/zeit-der-leser\/files\/2013\/02\/s86-ding.jpg\" \/>\n<meta name=\"author\" content=\"&quot;Zeit der Leser&quot;-Redaktion\" \/>\n<meta name=\"twitter:card\" content=\"summary_large_image\" \/>\n<meta name=\"twitter:label1\" content=\"Geschrieben von\" \/>\n\t<meta name=\"twitter:data1\" content=\"\"Zeit der Leser\"-Redaktion\" \/>\n<script type=\"application\/ld+json\" class=\"yoast-schema-graph\">{\"@context\":\"https:\/\/schema.org\",\"@graph\":[{\"@type\":\"WebPage\",\"@id\":\"https:\/\/blog.zeit.de\/zeit-der-leser\/2013\/02\/16\/das-ist-mein-ding-29\/\",\"url\":\"https:\/\/blog.zeit.de\/zeit-der-leser\/2013\/02\/16\/das-ist-mein-ding-29\/\",\"name\":\"Das ist mein Ding - ZEIT der Leser\",\"isPartOf\":{\"@id\":\"https:\/\/blog.zeit.de\/zeit-der-leser\/#website\"},\"datePublished\":\"2013-02-16T17:00:29+00:00\",\"dateModified\":\"2013-02-16T17:00:39+00:00\",\"author\":{\"@id\":\"https:\/\/blog.zeit.de\/zeit-der-leser\/#\/schema\/person\/583b14e5ad6368c23af846ecbde9f20f\"},\"breadcrumb\":{\"@id\":\"https:\/\/blog.zeit.de\/zeit-der-leser\/2013\/02\/16\/das-ist-mein-ding-29\/#breadcrumb\"},\"inLanguage\":\"de\",\"potentialAction\":[{\"@type\":\"ReadAction\",\"target\":[\"https:\/\/blog.zeit.de\/zeit-der-leser\/2013\/02\/16\/das-ist-mein-ding-29\/\"]}]},{\"@type\":\"BreadcrumbList\",\"@id\":\"https:\/\/blog.zeit.de\/zeit-der-leser\/2013\/02\/16\/das-ist-mein-ding-29\/#breadcrumb\",\"itemListElement\":[{\"@type\":\"ListItem\",\"position\":1,\"name\":\"Startseite\",\"item\":\"https:\/\/blog.zeit.de\/zeit-der-leser\/\"},{\"@type\":\"ListItem\",\"position\":2,\"name\":\"Das ist mein Ding\"}]},{\"@type\":\"WebSite\",\"@id\":\"https:\/\/blog.zeit.de\/zeit-der-leser\/#website\",\"url\":\"https:\/\/blog.zeit.de\/zeit-der-leser\/\",\"name\":\"ZEIT der Leser\",\"description\":\"Ein Blog mit Ihren Notizen, Gedichten und Bildern f\u00fcr die gedruckte ZEIT\",\"potentialAction\":[{\"@type\":\"SearchAction\",\"target\":{\"@type\":\"EntryPoint\",\"urlTemplate\":\"https:\/\/blog.zeit.de\/zeit-der-leser\/?s={search_term_string}\"},\"query-input\":\"required name=search_term_string\"}],\"inLanguage\":\"de\"},{\"@type\":\"Person\",\"@id\":\"https:\/\/blog.zeit.de\/zeit-der-leser\/#\/schema\/person\/583b14e5ad6368c23af846ecbde9f20f\",\"name\":\"\\\"Zeit der Leser\\\"-Redaktion\",\"image\":{\"@type\":\"ImageObject\",\"inLanguage\":\"de\",\"@id\":\"https:\/\/blog.zeit.de\/zeit-der-leser\/#\/schema\/person\/image\/\",\"url\":\"https:\/\/secure.gravatar.com\/avatar\/e801a681bd3bbf2345131a815930b48d9f8e0a94de1346b624840dc850f67ad0?s=96&d=mm&r=g\",\"contentUrl\":\"https:\/\/secure.gravatar.com\/avatar\/e801a681bd3bbf2345131a815930b48d9f8e0a94de1346b624840dc850f67ad0?s=96&d=mm&r=g\",\"caption\":\"\\\"Zeit der Leser\\\"-Redaktion\"},\"url\":\"https:\/\/blog.zeit.de\/zeit-der-leser\/author\/zeit-der-leser-redaktion\/\"}]}<\/script>\n<!-- \/ Yoast SEO plugin. -->","yoast_head_json":{"title":"Das ist mein Ding - ZEIT der Leser","robots":{"index":"index","follow":"follow","max-snippet":"max-snippet:-1","max-image-preview":"max-image-preview:large","max-video-preview":"max-video-preview:-1"},"canonical":"https:\/\/blog.zeit.de\/zeit-der-leser\/2013\/02\/16\/das-ist-mein-ding-29\/","og_locale":"de_DE","og_type":"article","og_title":"Das ist mein Ding - ZEIT der Leser","og_description":"Dieser Pfriem erinnert an meine Schneiderlehre vor \u00fcber 50 Jahren. Ich benutzte ihn damals, um L\u00f6cher in G\u00fcrtel zu bohren, die dann fein umstochen wurden. Lange hatte ich auf Flohm\u00e4rkten nach so etwas gesucht. Die Freude war gro\u00df, als mir mein Bruder zu einem Geburtstag dieses Prachtst\u00fcck (Elfenbein, 6,5 Zentimeter lang) zum Geschenk machte. er [&hellip;]","og_url":"https:\/\/blog.zeit.de\/zeit-der-leser\/2013\/02\/16\/das-ist-mein-ding-29\/","og_site_name":"ZEIT der Leser","article_published_time":"2013-02-16T17:00:29+00:00","article_modified_time":"2013-02-16T17:00:39+00:00","og_image":[{"url":"https:\/\/blog.zeit.de\/zeit-der-leser\/files\/2013\/02\/s86-ding.jpg"}],"author":"\"Zeit der Leser\"-Redaktion","twitter_card":"summary_large_image","twitter_misc":{"Geschrieben von":"\"Zeit der Leser\"-Redaktion"},"schema":{"@context":"https:\/\/schema.org","@graph":[{"@type":"WebPage","@id":"https:\/\/blog.zeit.de\/zeit-der-leser\/2013\/02\/16\/das-ist-mein-ding-29\/","url":"https:\/\/blog.zeit.de\/zeit-der-leser\/2013\/02\/16\/das-ist-mein-ding-29\/","name":"Das ist mein Ding - ZEIT der Leser","isPartOf":{"@id":"https:\/\/blog.zeit.de\/zeit-der-leser\/#website"},"datePublished":"2013-02-16T17:00:29+00:00","dateModified":"2013-02-16T17:00:39+00:00","author":{"@id":"https:\/\/blog.zeit.de\/zeit-der-leser\/#\/schema\/person\/583b14e5ad6368c23af846ecbde9f20f"},"breadcrumb":{"@id":"https:\/\/blog.zeit.de\/zeit-der-leser\/2013\/02\/16\/das-ist-mein-ding-29\/#breadcrumb"},"inLanguage":"de","potentialAction":[{"@type":"ReadAction","target":["https:\/\/blog.zeit.de\/zeit-der-leser\/2013\/02\/16\/das-ist-mein-ding-29\/"]}]},{"@type":"BreadcrumbList","@id":"https:\/\/blog.zeit.de\/zeit-der-leser\/2013\/02\/16\/das-ist-mein-ding-29\/#breadcrumb","itemListElement":[{"@type":"ListItem","position":1,"name":"Startseite","item":"https:\/\/blog.zeit.de\/zeit-der-leser\/"},{"@type":"ListItem","position":2,"name":"Das ist mein Ding"}]},{"@type":"WebSite","@id":"https:\/\/blog.zeit.de\/zeit-der-leser\/#website","url":"https:\/\/blog.zeit.de\/zeit-der-leser\/","name":"ZEIT der Leser","description":"Ein Blog mit Ihren Notizen, Gedichten und Bildern f\u00fcr die gedruckte ZEIT","potentialAction":[{"@type":"SearchAction","target":{"@type":"EntryPoint","urlTemplate":"https:\/\/blog.zeit.de\/zeit-der-leser\/?s={search_term_string}"},"query-input":"required name=search_term_string"}],"inLanguage":"de"},{"@type":"Person","@id":"https:\/\/blog.zeit.de\/zeit-der-leser\/#\/schema\/person\/583b14e5ad6368c23af846ecbde9f20f","name":"\"Zeit der Leser\"-Redaktion","image":{"@type":"ImageObject","inLanguage":"de","@id":"https:\/\/blog.zeit.de\/zeit-der-leser\/#\/schema\/person\/image\/","url":"https:\/\/secure.gravatar.com\/avatar\/e801a681bd3bbf2345131a815930b48d9f8e0a94de1346b624840dc850f67ad0?s=96&d=mm&r=g","contentUrl":"https:\/\/secure.gravatar.com\/avatar\/e801a681bd3bbf2345131a815930b48d9f8e0a94de1346b624840dc850f67ad0?s=96&d=mm&r=g","caption":"\"Zeit der Leser\"-Redaktion"},"url":"https:\/\/blog.zeit.de\/zeit-der-leser\/author\/zeit-der-leser-redaktion\/"}]}},"jetpack_featured_media_url":"","jetpack_sharing_enabled":true,"_links":{"self":[{"href":"https:\/\/blog.zeit.de\/zeit-der-leser\/wp-json\/wp\/v2\/posts\/12416","targetHints":{"allow":["GET"]}}],"collection":[{"href":"https:\/\/blog.zeit.de\/zeit-der-leser\/wp-json\/wp\/v2\/posts"}],"about":[{"href":"https:\/\/blog.zeit.de\/zeit-der-leser\/wp-json\/wp\/v2\/types\/post"}],"author":[{"embeddable":true,"href":"https:\/\/blog.zeit.de\/zeit-der-leser\/wp-json\/wp\/v2\/users\/265"}],"replies":[{"embeddable":true,"href":"https:\/\/blog.zeit.de\/zeit-der-leser\/wp-json\/wp\/v2\/comments?post=12416"}],"version-history":[{"count":4,"href":"https:\/\/blog.zeit.de\/zeit-der-leser\/wp-json\/wp\/v2\/posts\/12416\/revisions"}],"predecessor-version":[{"id":12464,"href":"https:\/\/blog.zeit.de\/zeit-der-leser\/wp-json\/wp\/v2\/posts\/12416\/revisions\/12464"}],"wp:attachment":[{"href":"https:\/\/blog.zeit.de\/zeit-der-leser\/wp-json\/wp\/v2\/media?parent=12416"}],"wp:term":[{"taxonomy":"category","embeddable":true,"href":"https:\/\/blog.zeit.de\/zeit-der-leser\/wp-json\/wp\/v2\/categories?post=12416"},{"taxonomy":"post_tag","embeddable":true,"href":"https:\/\/blog.zeit.de\/zeit-der-leser\/wp-json\/wp\/v2\/tags?post=12416"}],"curies":[{"name":"wp","href":"https:\/\/api.w.org\/{rel}","templated":true}]}}