{"id":12452,"date":"2013-02-20T18:00:24","date_gmt":"2013-02-20T17:00:24","guid":{"rendered":"http:\/\/blog.zeit.de\/zeit-der-leser\/?p=12452"},"modified":"2013-02-20T18:00:41","modified_gmt":"2013-02-20T17:00:41","slug":"zeitsprung-das-rote-haus","status":"publish","type":"post","link":"https:\/\/blog.zeit.de\/zeit-der-leser\/2013\/02\/20\/zeitsprung-das-rote-haus\/","title":{"rendered":"Zeitsprung: Das rote Haus"},"content":{"rendered":"<p><a href=\"https:\/\/blog.zeit.de\/zeit-der-leser\/?attachment_id=12453\" rel=\"attachment wp-att-12453\"><img loading=\"lazy\" decoding=\"async\" class=\"alignleft size-full wp-image-12453\" alt=\"s86-zeitsprung-1\" src=\"https:\/\/blog.zeit.de\/zeit-der-leser\/files\/2013\/02\/s86-zeitsprung-1.jpg\" width=\"540\" height=\"601\" srcset=\"https:\/\/blog.zeit.de\/zeit-der-leser\/files\/2013\/02\/s86-zeitsprung-1.jpg 540w, https:\/\/blog.zeit.de\/zeit-der-leser\/files\/2013\/02\/s86-zeitsprung-1-269x300.jpg 269w\" sizes=\"auto, (max-width: 540px) 100vw, 540px\" \/><\/a> <a href=\"https:\/\/blog.zeit.de\/zeit-der-leser\/?attachment_id=12454\" rel=\"attachment wp-att-12454\"><img loading=\"lazy\" decoding=\"async\" class=\"alignleft size-full wp-image-12454\" alt=\"s86-zeitsprung-2\" src=\"https:\/\/blog.zeit.de\/zeit-der-leser\/files\/2013\/02\/s86-zeitsprung-2.jpg\" width=\"540\" height=\"601\" srcset=\"https:\/\/blog.zeit.de\/zeit-der-leser\/files\/2013\/02\/s86-zeitsprung-2.jpg 540w, https:\/\/blog.zeit.de\/zeit-der-leser\/files\/2013\/02\/s86-zeitsprung-2-269x300.jpg 269w\" sizes=\"auto, (max-width: 540px) 100vw, 540px\" \/><\/a><\/p>\n<p>1908 weilte der Urgro\u00dfvater meiner Kinder, der Maler Franz Holper, in Davos, da er an Tuberkulose erkrankt war. auch dort fertigte er diverse Bilder an und verkaufte sie, um den Aufenthalt in dem Schweizer Luftkurort zu finanzieren. Dabei muss er auch das \u00bbrote H\u00fcsli\u00ab in Maienfeld gemalt haben. Wir besitzen leider nur ein Foto von dem Gem\u00e4lde (oben), aber im vergangenen Jahr machten wir bei einer Radtour in Maienfeld Station. Meine Frau hatte das Bild schon mehrfach gezeichnet, und so fanden wir das Haus denn auch schnell \u2013 und nach \u00fcber 100 Jahren fast unver\u00e4ndert (unten). Wir erkannten es vor allem an der roten Farbe und den ovalen Fenstern. Jetzt w\u00fcssten wir noch gerne, wo sich das Original befindet, und w\u00fcrden uns freuen, wenn der Besitzer sich vielleicht bei uns meldet&#8230;<\/p>\n<p><strong>Rolf Steubing<\/strong>, Marburg<\/p>\n","protected":false},"excerpt":{"rendered":"<p>1908 weilte der Urgro\u00dfvater meiner Kinder, der Maler Franz Holper, in Davos, da er an Tuberkulose erkrankt war. auch dort fertigte er diverse Bilder an und verkaufte sie, um den Aufenthalt in dem Schweizer Luftkurort zu finanzieren. Dabei muss er auch das \u00bbrote H\u00fcsli\u00ab in Maienfeld gemalt haben. Wir besitzen leider nur ein Foto von [&hellip;]<\/p>\n","protected":false},"author":265,"featured_media":0,"comment_status":"open","ping_status":"open","sticky":false,"template":"","format":"standard","meta":{"_jetpack_memberships_contains_paid_content":false,"footnotes":""},"categories":[1878],"tags":[],"class_list":["post-12452","post","type-post","status-publish","format-standard","hentry","category-zeitsprung"],"yoast_head":"<!-- This site is optimized with the Yoast SEO plugin v21.0 - https:\/\/yoast.com\/wordpress\/plugins\/seo\/ -->\n<title>Zeitsprung: Das rote Haus - ZEIT der Leser<\/title>\n<meta name=\"robots\" content=\"index, follow, max-snippet:-1, max-image-preview:large, max-video-preview:-1\" \/>\n<link rel=\"canonical\" href=\"https:\/\/blog.zeit.de\/zeit-der-leser\/2013\/02\/20\/zeitsprung-das-rote-haus\/\" \/>\n<meta property=\"og:locale\" content=\"de_DE\" \/>\n<meta property=\"og:type\" content=\"article\" \/>\n<meta property=\"og:title\" content=\"Zeitsprung: Das rote Haus - ZEIT der Leser\" \/>\n<meta property=\"og:description\" content=\"1908 weilte der Urgro\u00dfvater meiner Kinder, der Maler Franz Holper, in Davos, da er an Tuberkulose erkrankt war. auch dort fertigte er diverse Bilder an und verkaufte sie, um den Aufenthalt in dem Schweizer Luftkurort zu finanzieren. Dabei muss er auch das \u00bbrote H\u00fcsli\u00ab in Maienfeld gemalt haben. Wir besitzen leider nur ein Foto von [&hellip;]\" \/>\n<meta property=\"og:url\" content=\"https:\/\/blog.zeit.de\/zeit-der-leser\/2013\/02\/20\/zeitsprung-das-rote-haus\/\" \/>\n<meta property=\"og:site_name\" content=\"ZEIT der Leser\" \/>\n<meta property=\"article:published_time\" content=\"2013-02-20T17:00:24+00:00\" \/>\n<meta property=\"article:modified_time\" content=\"2013-02-20T17:00:41+00:00\" \/>\n<meta property=\"og:image\" content=\"https:\/\/blog.zeit.de\/zeit-der-leser\/files\/2013\/02\/s86-zeitsprung-1.jpg\" \/>\n<meta name=\"author\" content=\"&quot;Zeit der Leser&quot;-Redaktion\" \/>\n<meta name=\"twitter:card\" content=\"summary_large_image\" \/>\n<meta name=\"twitter:label1\" content=\"Geschrieben von\" \/>\n\t<meta name=\"twitter:data1\" content=\"\"Zeit der Leser\"-Redaktion\" \/>\n\t<meta name=\"twitter:label2\" content=\"Gesch\u00e4tzte Lesezeit\" \/>\n\t<meta name=\"twitter:data2\" content=\"1\u00a0Minute\" \/>\n<script type=\"application\/ld+json\" class=\"yoast-schema-graph\">{\"@context\":\"https:\/\/schema.org\",\"@graph\":[{\"@type\":\"WebPage\",\"@id\":\"https:\/\/blog.zeit.de\/zeit-der-leser\/2013\/02\/20\/zeitsprung-das-rote-haus\/\",\"url\":\"https:\/\/blog.zeit.de\/zeit-der-leser\/2013\/02\/20\/zeitsprung-das-rote-haus\/\",\"name\":\"Zeitsprung: Das rote Haus - ZEIT der Leser\",\"isPartOf\":{\"@id\":\"https:\/\/blog.zeit.de\/zeit-der-leser\/#website\"},\"datePublished\":\"2013-02-20T17:00:24+00:00\",\"dateModified\":\"2013-02-20T17:00:41+00:00\",\"author\":{\"@id\":\"https:\/\/blog.zeit.de\/zeit-der-leser\/#\/schema\/person\/583b14e5ad6368c23af846ecbde9f20f\"},\"breadcrumb\":{\"@id\":\"https:\/\/blog.zeit.de\/zeit-der-leser\/2013\/02\/20\/zeitsprung-das-rote-haus\/#breadcrumb\"},\"inLanguage\":\"de\",\"potentialAction\":[{\"@type\":\"ReadAction\",\"target\":[\"https:\/\/blog.zeit.de\/zeit-der-leser\/2013\/02\/20\/zeitsprung-das-rote-haus\/\"]}]},{\"@type\":\"BreadcrumbList\",\"@id\":\"https:\/\/blog.zeit.de\/zeit-der-leser\/2013\/02\/20\/zeitsprung-das-rote-haus\/#breadcrumb\",\"itemListElement\":[{\"@type\":\"ListItem\",\"position\":1,\"name\":\"Startseite\",\"item\":\"https:\/\/blog.zeit.de\/zeit-der-leser\/\"},{\"@type\":\"ListItem\",\"position\":2,\"name\":\"Zeitsprung: Das rote Haus\"}]},{\"@type\":\"WebSite\",\"@id\":\"https:\/\/blog.zeit.de\/zeit-der-leser\/#website\",\"url\":\"https:\/\/blog.zeit.de\/zeit-der-leser\/\",\"name\":\"ZEIT der Leser\",\"description\":\"Ein Blog mit Ihren Notizen, Gedichten und Bildern f\u00fcr die gedruckte ZEIT\",\"potentialAction\":[{\"@type\":\"SearchAction\",\"target\":{\"@type\":\"EntryPoint\",\"urlTemplate\":\"https:\/\/blog.zeit.de\/zeit-der-leser\/?s={search_term_string}\"},\"query-input\":\"required name=search_term_string\"}],\"inLanguage\":\"de\"},{\"@type\":\"Person\",\"@id\":\"https:\/\/blog.zeit.de\/zeit-der-leser\/#\/schema\/person\/583b14e5ad6368c23af846ecbde9f20f\",\"name\":\"\\\"Zeit der Leser\\\"-Redaktion\",\"image\":{\"@type\":\"ImageObject\",\"inLanguage\":\"de\",\"@id\":\"https:\/\/blog.zeit.de\/zeit-der-leser\/#\/schema\/person\/image\/\",\"url\":\"https:\/\/secure.gravatar.com\/avatar\/e801a681bd3bbf2345131a815930b48d9f8e0a94de1346b624840dc850f67ad0?s=96&d=mm&r=g\",\"contentUrl\":\"https:\/\/secure.gravatar.com\/avatar\/e801a681bd3bbf2345131a815930b48d9f8e0a94de1346b624840dc850f67ad0?s=96&d=mm&r=g\",\"caption\":\"\\\"Zeit der Leser\\\"-Redaktion\"},\"url\":\"https:\/\/blog.zeit.de\/zeit-der-leser\/author\/zeit-der-leser-redaktion\/\"}]}<\/script>\n<!-- \/ Yoast SEO plugin. -->","yoast_head_json":{"title":"Zeitsprung: Das rote Haus - ZEIT der Leser","robots":{"index":"index","follow":"follow","max-snippet":"max-snippet:-1","max-image-preview":"max-image-preview:large","max-video-preview":"max-video-preview:-1"},"canonical":"https:\/\/blog.zeit.de\/zeit-der-leser\/2013\/02\/20\/zeitsprung-das-rote-haus\/","og_locale":"de_DE","og_type":"article","og_title":"Zeitsprung: Das rote Haus - ZEIT der Leser","og_description":"1908 weilte der Urgro\u00dfvater meiner Kinder, der Maler Franz Holper, in Davos, da er an Tuberkulose erkrankt war. auch dort fertigte er diverse Bilder an und verkaufte sie, um den Aufenthalt in dem Schweizer Luftkurort zu finanzieren. Dabei muss er auch das \u00bbrote H\u00fcsli\u00ab in Maienfeld gemalt haben. Wir besitzen leider nur ein Foto von [&hellip;]","og_url":"https:\/\/blog.zeit.de\/zeit-der-leser\/2013\/02\/20\/zeitsprung-das-rote-haus\/","og_site_name":"ZEIT der Leser","article_published_time":"2013-02-20T17:00:24+00:00","article_modified_time":"2013-02-20T17:00:41+00:00","og_image":[{"url":"https:\/\/blog.zeit.de\/zeit-der-leser\/files\/2013\/02\/s86-zeitsprung-1.jpg"}],"author":"\"Zeit der Leser\"-Redaktion","twitter_card":"summary_large_image","twitter_misc":{"Geschrieben von":"\"Zeit der Leser\"-Redaktion","Gesch\u00e4tzte Lesezeit":"1\u00a0Minute"},"schema":{"@context":"https:\/\/schema.org","@graph":[{"@type":"WebPage","@id":"https:\/\/blog.zeit.de\/zeit-der-leser\/2013\/02\/20\/zeitsprung-das-rote-haus\/","url":"https:\/\/blog.zeit.de\/zeit-der-leser\/2013\/02\/20\/zeitsprung-das-rote-haus\/","name":"Zeitsprung: Das rote Haus - ZEIT der Leser","isPartOf":{"@id":"https:\/\/blog.zeit.de\/zeit-der-leser\/#website"},"datePublished":"2013-02-20T17:00:24+00:00","dateModified":"2013-02-20T17:00:41+00:00","author":{"@id":"https:\/\/blog.zeit.de\/zeit-der-leser\/#\/schema\/person\/583b14e5ad6368c23af846ecbde9f20f"},"breadcrumb":{"@id":"https:\/\/blog.zeit.de\/zeit-der-leser\/2013\/02\/20\/zeitsprung-das-rote-haus\/#breadcrumb"},"inLanguage":"de","potentialAction":[{"@type":"ReadAction","target":["https:\/\/blog.zeit.de\/zeit-der-leser\/2013\/02\/20\/zeitsprung-das-rote-haus\/"]}]},{"@type":"BreadcrumbList","@id":"https:\/\/blog.zeit.de\/zeit-der-leser\/2013\/02\/20\/zeitsprung-das-rote-haus\/#breadcrumb","itemListElement":[{"@type":"ListItem","position":1,"name":"Startseite","item":"https:\/\/blog.zeit.de\/zeit-der-leser\/"},{"@type":"ListItem","position":2,"name":"Zeitsprung: Das rote Haus"}]},{"@type":"WebSite","@id":"https:\/\/blog.zeit.de\/zeit-der-leser\/#website","url":"https:\/\/blog.zeit.de\/zeit-der-leser\/","name":"ZEIT der Leser","description":"Ein Blog mit Ihren Notizen, Gedichten und Bildern f\u00fcr die gedruckte ZEIT","potentialAction":[{"@type":"SearchAction","target":{"@type":"EntryPoint","urlTemplate":"https:\/\/blog.zeit.de\/zeit-der-leser\/?s={search_term_string}"},"query-input":"required name=search_term_string"}],"inLanguage":"de"},{"@type":"Person","@id":"https:\/\/blog.zeit.de\/zeit-der-leser\/#\/schema\/person\/583b14e5ad6368c23af846ecbde9f20f","name":"\"Zeit der Leser\"-Redaktion","image":{"@type":"ImageObject","inLanguage":"de","@id":"https:\/\/blog.zeit.de\/zeit-der-leser\/#\/schema\/person\/image\/","url":"https:\/\/secure.gravatar.com\/avatar\/e801a681bd3bbf2345131a815930b48d9f8e0a94de1346b624840dc850f67ad0?s=96&d=mm&r=g","contentUrl":"https:\/\/secure.gravatar.com\/avatar\/e801a681bd3bbf2345131a815930b48d9f8e0a94de1346b624840dc850f67ad0?s=96&d=mm&r=g","caption":"\"Zeit der Leser\"-Redaktion"},"url":"https:\/\/blog.zeit.de\/zeit-der-leser\/author\/zeit-der-leser-redaktion\/"}]}},"jetpack_featured_media_url":"","jetpack_sharing_enabled":true,"_links":{"self":[{"href":"https:\/\/blog.zeit.de\/zeit-der-leser\/wp-json\/wp\/v2\/posts\/12452","targetHints":{"allow":["GET"]}}],"collection":[{"href":"https:\/\/blog.zeit.de\/zeit-der-leser\/wp-json\/wp\/v2\/posts"}],"about":[{"href":"https:\/\/blog.zeit.de\/zeit-der-leser\/wp-json\/wp\/v2\/types\/post"}],"author":[{"embeddable":true,"href":"https:\/\/blog.zeit.de\/zeit-der-leser\/wp-json\/wp\/v2\/users\/265"}],"replies":[{"embeddable":true,"href":"https:\/\/blog.zeit.de\/zeit-der-leser\/wp-json\/wp\/v2\/comments?post=12452"}],"version-history":[{"count":4,"href":"https:\/\/blog.zeit.de\/zeit-der-leser\/wp-json\/wp\/v2\/posts\/12452\/revisions"}],"predecessor-version":[{"id":12457,"href":"https:\/\/blog.zeit.de\/zeit-der-leser\/wp-json\/wp\/v2\/posts\/12452\/revisions\/12457"}],"wp:attachment":[{"href":"https:\/\/blog.zeit.de\/zeit-der-leser\/wp-json\/wp\/v2\/media?parent=12452"}],"wp:term":[{"taxonomy":"category","embeddable":true,"href":"https:\/\/blog.zeit.de\/zeit-der-leser\/wp-json\/wp\/v2\/categories?post=12452"},{"taxonomy":"post_tag","embeddable":true,"href":"https:\/\/blog.zeit.de\/zeit-der-leser\/wp-json\/wp\/v2\/tags?post=12452"}],"curies":[{"name":"wp","href":"https:\/\/api.w.org\/{rel}","templated":true}]}}