{"id":12494,"date":"2013-02-23T15:00:58","date_gmt":"2013-02-23T14:00:58","guid":{"rendered":"http:\/\/blog.zeit.de\/zeit-der-leser\/?p=12494"},"modified":"2015-02-20T15:39:57","modified_gmt":"2015-02-20T14:39:57","slug":"mein-wort-schatz-fraeulein-vom-amt","status":"publish","type":"post","link":"https:\/\/blog.zeit.de\/zeit-der-leser\/2013\/02\/23\/mein-wort-schatz-fraeulein-vom-amt\/","title":{"rendered":"Fr\u00e4ulein vom Amt: Mein Wort-Schatz"},"content":{"rendered":"<p>Fast w\u00e4re es ausgestorben, das <strong>Fr\u00e4ulein vom Amt<\/strong>. Wie gut, dass mein Schwiegervater sich neulich erinnerte! Er fuhr in einem Auto mit Navi mit, und die freundliche Stimme aus diesem Ger\u00e4t war es, die Erinnerungen an eine Stimme aus vergangenen Zeiten in ihm wachrief: Damals, als man noch beim \u00bbAmt\u00ab anrief, also bei der Telefonvermittlung, wenn man ein Ferngespr\u00e4ch f\u00fchren wollte. Von Hand st\u00f6pselte das Fr\u00e4ulein vom Amt die gew\u00fcnschte Verbindung&#8230; Unser Navi hei\u00dft jetzt \u00bbdas Fr\u00e4ulein vom Amt\u00ab \u2013 und seit es diesen freundlichen Namen tr\u00e4gt, kann ich mich gar nicht mehr \u00fcber \u00bbsie\u00ab \u00e4rgern.<\/p>\n<p><strong>Susanne Riderer<\/strong>, Burbach (Siegerland)<\/p>\n","protected":false},"excerpt":{"rendered":"<p>Fast w\u00e4re es ausgestorben, das Fr\u00e4ulein vom Amt. Wie gut, dass mein Schwiegervater sich neulich erinnerte! Er fuhr in einem Auto mit Navi mit, und die freundliche Stimme aus diesem Ger\u00e4t war es, die Erinnerungen an eine Stimme aus vergangenen Zeiten in ihm wachrief: Damals, als man noch beim \u00bbAmt\u00ab anrief, also bei der Telefonvermittlung, [&hellip;]<\/p>\n","protected":false},"author":265,"featured_media":0,"comment_status":"open","ping_status":"open","sticky":false,"template":"","format":"standard","meta":{"_jetpack_memberships_contains_paid_content":false,"footnotes":""},"categories":[5687],"tags":[],"class_list":["post-12494","post","type-post","status-publish","format-standard","hentry","category-mein-wort-schatz"],"yoast_head":"<!-- This site is optimized with the Yoast SEO plugin v21.0 - https:\/\/yoast.com\/wordpress\/plugins\/seo\/ -->\n<title>Fr\u00e4ulein vom Amt: Mein Wort-Schatz - ZEIT der Leser<\/title>\n<meta name=\"robots\" content=\"index, follow, max-snippet:-1, max-image-preview:large, max-video-preview:-1\" \/>\n<link rel=\"canonical\" href=\"https:\/\/blog.zeit.de\/zeit-der-leser\/2013\/02\/23\/mein-wort-schatz-fraeulein-vom-amt\/\" \/>\n<meta property=\"og:locale\" content=\"de_DE\" \/>\n<meta property=\"og:type\" content=\"article\" \/>\n<meta property=\"og:title\" content=\"Fr\u00e4ulein vom Amt: Mein Wort-Schatz - ZEIT der Leser\" \/>\n<meta property=\"og:description\" content=\"Fast w\u00e4re es ausgestorben, das Fr\u00e4ulein vom Amt. Wie gut, dass mein Schwiegervater sich neulich erinnerte! Er fuhr in einem Auto mit Navi mit, und die freundliche Stimme aus diesem Ger\u00e4t war es, die Erinnerungen an eine Stimme aus vergangenen Zeiten in ihm wachrief: Damals, als man noch beim \u00bbAmt\u00ab anrief, also bei der Telefonvermittlung, [&hellip;]\" \/>\n<meta property=\"og:url\" content=\"https:\/\/blog.zeit.de\/zeit-der-leser\/2013\/02\/23\/mein-wort-schatz-fraeulein-vom-amt\/\" \/>\n<meta property=\"og:site_name\" content=\"ZEIT der Leser\" \/>\n<meta property=\"article:published_time\" content=\"2013-02-23T14:00:58+00:00\" \/>\n<meta property=\"article:modified_time\" content=\"2015-02-20T14:39:57+00:00\" \/>\n<meta name=\"author\" content=\"&quot;Zeit der Leser&quot;-Redaktion\" \/>\n<meta name=\"twitter:card\" content=\"summary_large_image\" \/>\n<meta name=\"twitter:label1\" content=\"Geschrieben von\" \/>\n\t<meta name=\"twitter:data1\" content=\"\"Zeit der Leser\"-Redaktion\" \/>\n\t<meta name=\"twitter:label2\" content=\"Gesch\u00e4tzte Lesezeit\" \/>\n\t<meta name=\"twitter:data2\" content=\"1\u00a0Minute\" \/>\n<script type=\"application\/ld+json\" class=\"yoast-schema-graph\">{\"@context\":\"https:\/\/schema.org\",\"@graph\":[{\"@type\":\"WebPage\",\"@id\":\"https:\/\/blog.zeit.de\/zeit-der-leser\/2013\/02\/23\/mein-wort-schatz-fraeulein-vom-amt\/\",\"url\":\"https:\/\/blog.zeit.de\/zeit-der-leser\/2013\/02\/23\/mein-wort-schatz-fraeulein-vom-amt\/\",\"name\":\"Fr\u00e4ulein vom Amt: Mein Wort-Schatz - ZEIT der Leser\",\"isPartOf\":{\"@id\":\"https:\/\/blog.zeit.de\/zeit-der-leser\/#website\"},\"datePublished\":\"2013-02-23T14:00:58+00:00\",\"dateModified\":\"2015-02-20T14:39:57+00:00\",\"author\":{\"@id\":\"https:\/\/blog.zeit.de\/zeit-der-leser\/#\/schema\/person\/583b14e5ad6368c23af846ecbde9f20f\"},\"breadcrumb\":{\"@id\":\"https:\/\/blog.zeit.de\/zeit-der-leser\/2013\/02\/23\/mein-wort-schatz-fraeulein-vom-amt\/#breadcrumb\"},\"inLanguage\":\"de\",\"potentialAction\":[{\"@type\":\"ReadAction\",\"target\":[\"https:\/\/blog.zeit.de\/zeit-der-leser\/2013\/02\/23\/mein-wort-schatz-fraeulein-vom-amt\/\"]}]},{\"@type\":\"BreadcrumbList\",\"@id\":\"https:\/\/blog.zeit.de\/zeit-der-leser\/2013\/02\/23\/mein-wort-schatz-fraeulein-vom-amt\/#breadcrumb\",\"itemListElement\":[{\"@type\":\"ListItem\",\"position\":1,\"name\":\"Startseite\",\"item\":\"https:\/\/blog.zeit.de\/zeit-der-leser\/\"},{\"@type\":\"ListItem\",\"position\":2,\"name\":\"Fr\u00e4ulein vom Amt: Mein Wort-Schatz\"}]},{\"@type\":\"WebSite\",\"@id\":\"https:\/\/blog.zeit.de\/zeit-der-leser\/#website\",\"url\":\"https:\/\/blog.zeit.de\/zeit-der-leser\/\",\"name\":\"ZEIT der Leser\",\"description\":\"Ein Blog mit Ihren Notizen, Gedichten und Bildern f\u00fcr die gedruckte ZEIT\",\"potentialAction\":[{\"@type\":\"SearchAction\",\"target\":{\"@type\":\"EntryPoint\",\"urlTemplate\":\"https:\/\/blog.zeit.de\/zeit-der-leser\/?s={search_term_string}\"},\"query-input\":\"required name=search_term_string\"}],\"inLanguage\":\"de\"},{\"@type\":\"Person\",\"@id\":\"https:\/\/blog.zeit.de\/zeit-der-leser\/#\/schema\/person\/583b14e5ad6368c23af846ecbde9f20f\",\"name\":\"\\\"Zeit der Leser\\\"-Redaktion\",\"image\":{\"@type\":\"ImageObject\",\"inLanguage\":\"de\",\"@id\":\"https:\/\/blog.zeit.de\/zeit-der-leser\/#\/schema\/person\/image\/\",\"url\":\"https:\/\/secure.gravatar.com\/avatar\/e801a681bd3bbf2345131a815930b48d9f8e0a94de1346b624840dc850f67ad0?s=96&d=mm&r=g\",\"contentUrl\":\"https:\/\/secure.gravatar.com\/avatar\/e801a681bd3bbf2345131a815930b48d9f8e0a94de1346b624840dc850f67ad0?s=96&d=mm&r=g\",\"caption\":\"\\\"Zeit der Leser\\\"-Redaktion\"},\"url\":\"https:\/\/blog.zeit.de\/zeit-der-leser\/author\/zeit-der-leser-redaktion\/\"}]}<\/script>\n<!-- \/ Yoast SEO plugin. -->","yoast_head_json":{"title":"Fr\u00e4ulein vom Amt: Mein Wort-Schatz - ZEIT der Leser","robots":{"index":"index","follow":"follow","max-snippet":"max-snippet:-1","max-image-preview":"max-image-preview:large","max-video-preview":"max-video-preview:-1"},"canonical":"https:\/\/blog.zeit.de\/zeit-der-leser\/2013\/02\/23\/mein-wort-schatz-fraeulein-vom-amt\/","og_locale":"de_DE","og_type":"article","og_title":"Fr\u00e4ulein vom Amt: Mein Wort-Schatz - ZEIT der Leser","og_description":"Fast w\u00e4re es ausgestorben, das Fr\u00e4ulein vom Amt. Wie gut, dass mein Schwiegervater sich neulich erinnerte! Er fuhr in einem Auto mit Navi mit, und die freundliche Stimme aus diesem Ger\u00e4t war es, die Erinnerungen an eine Stimme aus vergangenen Zeiten in ihm wachrief: Damals, als man noch beim \u00bbAmt\u00ab anrief, also bei der Telefonvermittlung, [&hellip;]","og_url":"https:\/\/blog.zeit.de\/zeit-der-leser\/2013\/02\/23\/mein-wort-schatz-fraeulein-vom-amt\/","og_site_name":"ZEIT der Leser","article_published_time":"2013-02-23T14:00:58+00:00","article_modified_time":"2015-02-20T14:39:57+00:00","author":"\"Zeit der Leser\"-Redaktion","twitter_card":"summary_large_image","twitter_misc":{"Geschrieben von":"\"Zeit der Leser\"-Redaktion","Gesch\u00e4tzte Lesezeit":"1\u00a0Minute"},"schema":{"@context":"https:\/\/schema.org","@graph":[{"@type":"WebPage","@id":"https:\/\/blog.zeit.de\/zeit-der-leser\/2013\/02\/23\/mein-wort-schatz-fraeulein-vom-amt\/","url":"https:\/\/blog.zeit.de\/zeit-der-leser\/2013\/02\/23\/mein-wort-schatz-fraeulein-vom-amt\/","name":"Fr\u00e4ulein vom Amt: Mein Wort-Schatz - ZEIT der Leser","isPartOf":{"@id":"https:\/\/blog.zeit.de\/zeit-der-leser\/#website"},"datePublished":"2013-02-23T14:00:58+00:00","dateModified":"2015-02-20T14:39:57+00:00","author":{"@id":"https:\/\/blog.zeit.de\/zeit-der-leser\/#\/schema\/person\/583b14e5ad6368c23af846ecbde9f20f"},"breadcrumb":{"@id":"https:\/\/blog.zeit.de\/zeit-der-leser\/2013\/02\/23\/mein-wort-schatz-fraeulein-vom-amt\/#breadcrumb"},"inLanguage":"de","potentialAction":[{"@type":"ReadAction","target":["https:\/\/blog.zeit.de\/zeit-der-leser\/2013\/02\/23\/mein-wort-schatz-fraeulein-vom-amt\/"]}]},{"@type":"BreadcrumbList","@id":"https:\/\/blog.zeit.de\/zeit-der-leser\/2013\/02\/23\/mein-wort-schatz-fraeulein-vom-amt\/#breadcrumb","itemListElement":[{"@type":"ListItem","position":1,"name":"Startseite","item":"https:\/\/blog.zeit.de\/zeit-der-leser\/"},{"@type":"ListItem","position":2,"name":"Fr\u00e4ulein vom Amt: Mein Wort-Schatz"}]},{"@type":"WebSite","@id":"https:\/\/blog.zeit.de\/zeit-der-leser\/#website","url":"https:\/\/blog.zeit.de\/zeit-der-leser\/","name":"ZEIT der Leser","description":"Ein Blog mit Ihren Notizen, Gedichten und Bildern f\u00fcr die gedruckte ZEIT","potentialAction":[{"@type":"SearchAction","target":{"@type":"EntryPoint","urlTemplate":"https:\/\/blog.zeit.de\/zeit-der-leser\/?s={search_term_string}"},"query-input":"required name=search_term_string"}],"inLanguage":"de"},{"@type":"Person","@id":"https:\/\/blog.zeit.de\/zeit-der-leser\/#\/schema\/person\/583b14e5ad6368c23af846ecbde9f20f","name":"\"Zeit der Leser\"-Redaktion","image":{"@type":"ImageObject","inLanguage":"de","@id":"https:\/\/blog.zeit.de\/zeit-der-leser\/#\/schema\/person\/image\/","url":"https:\/\/secure.gravatar.com\/avatar\/e801a681bd3bbf2345131a815930b48d9f8e0a94de1346b624840dc850f67ad0?s=96&d=mm&r=g","contentUrl":"https:\/\/secure.gravatar.com\/avatar\/e801a681bd3bbf2345131a815930b48d9f8e0a94de1346b624840dc850f67ad0?s=96&d=mm&r=g","caption":"\"Zeit der Leser\"-Redaktion"},"url":"https:\/\/blog.zeit.de\/zeit-der-leser\/author\/zeit-der-leser-redaktion\/"}]}},"jetpack_featured_media_url":"","jetpack_sharing_enabled":true,"_links":{"self":[{"href":"https:\/\/blog.zeit.de\/zeit-der-leser\/wp-json\/wp\/v2\/posts\/12494","targetHints":{"allow":["GET"]}}],"collection":[{"href":"https:\/\/blog.zeit.de\/zeit-der-leser\/wp-json\/wp\/v2\/posts"}],"about":[{"href":"https:\/\/blog.zeit.de\/zeit-der-leser\/wp-json\/wp\/v2\/types\/post"}],"author":[{"embeddable":true,"href":"https:\/\/blog.zeit.de\/zeit-der-leser\/wp-json\/wp\/v2\/users\/265"}],"replies":[{"embeddable":true,"href":"https:\/\/blog.zeit.de\/zeit-der-leser\/wp-json\/wp\/v2\/comments?post=12494"}],"version-history":[{"count":3,"href":"https:\/\/blog.zeit.de\/zeit-der-leser\/wp-json\/wp\/v2\/posts\/12494\/revisions"}],"predecessor-version":[{"id":17478,"href":"https:\/\/blog.zeit.de\/zeit-der-leser\/wp-json\/wp\/v2\/posts\/12494\/revisions\/17478"}],"wp:attachment":[{"href":"https:\/\/blog.zeit.de\/zeit-der-leser\/wp-json\/wp\/v2\/media?parent=12494"}],"wp:term":[{"taxonomy":"category","embeddable":true,"href":"https:\/\/blog.zeit.de\/zeit-der-leser\/wp-json\/wp\/v2\/categories?post=12494"},{"taxonomy":"post_tag","embeddable":true,"href":"https:\/\/blog.zeit.de\/zeit-der-leser\/wp-json\/wp\/v2\/tags?post=12494"}],"curies":[{"name":"wp","href":"https:\/\/api.w.org\/{rel}","templated":true}]}}