{"id":12558,"date":"2013-03-02T18:00:21","date_gmt":"2013-03-02T17:00:21","guid":{"rendered":"http:\/\/blog.zeit.de\/zeit-der-leser\/?p=12558"},"modified":"2013-03-02T18:00:21","modified_gmt":"2013-03-02T17:00:21","slug":"zeitsprung-ein-vater-ein-grosvater","status":"publish","type":"post","link":"https:\/\/blog.zeit.de\/zeit-der-leser\/2013\/03\/02\/zeitsprung-ein-vater-ein-grosvater\/","title":{"rendered":"Zeitsprung: Ein Vater, ein Gro\u00dfvater"},"content":{"rendered":"<p><a href=\"https:\/\/blog.zeit.de\/zeit-der-leser\/?attachment_id=12559\" rel=\"attachment wp-att-12559\"><img loading=\"lazy\" decoding=\"async\" class=\"alignleft size-full wp-image-12559\" alt=\"s88-zeitsprung-1\" src=\"https:\/\/blog.zeit.de\/zeit-der-leser\/files\/2013\/02\/s88-zeitsprung-1.jpg\" width=\"540\" height=\"520\" srcset=\"https:\/\/blog.zeit.de\/zeit-der-leser\/files\/2013\/02\/s88-zeitsprung-1.jpg 540w, https:\/\/blog.zeit.de\/zeit-der-leser\/files\/2013\/02\/s88-zeitsprung-1-300x288.jpg 300w\" sizes=\"auto, (max-width: 540px) 100vw, 540px\" \/><\/a> <a href=\"https:\/\/blog.zeit.de\/zeit-der-leser\/?attachment_id=12560\" rel=\"attachment wp-att-12560\"><img loading=\"lazy\" decoding=\"async\" class=\"alignleft size-full wp-image-12560\" alt=\"s88-zeitsprung-2\" src=\"https:\/\/blog.zeit.de\/zeit-der-leser\/files\/2013\/02\/s88-zeitsprung-2.jpg\" width=\"540\" height=\"520\" srcset=\"https:\/\/blog.zeit.de\/zeit-der-leser\/files\/2013\/02\/s88-zeitsprung-2.jpg 540w, https:\/\/blog.zeit.de\/zeit-der-leser\/files\/2013\/02\/s88-zeitsprung-2-300x288.jpg 300w\" sizes=\"auto, (max-width: 540px) 100vw, 540px\" \/><\/a><\/p>\n<p>Als ich k\u00fcrzlich im Haus meiner Eltern einen Karton mit alten Fotos durchsah, fiel mir das obere Foto in die H\u00e4nde: Es zeigt meinen Vater mit mir als Neugeborener auf dem Arm. Welch eine frappierende \u00c4hnlichkeit mit dem unteren Foto, das ich 2011 von ihm und meinem drei Tage alten Sohn gemacht habe! Das Bild hat f\u00fcr mich einen ganz besonderen Wert, denn nur\u00a0wenige Tage nach der Aufnahme wurde mein Vater schwer krank und starb drei Monate sp\u00e4ter. So nah beieinander lagen f\u00fcr uns in jenem Jahr gro\u00dfes Gl\u00fcck und gro\u00dfe Traurigkeit!<\/p>\n<p><strong>Tonia Kempe<\/strong>, M\u00fcnchen<\/p>\n","protected":false},"excerpt":{"rendered":"<p>Als ich k\u00fcrzlich im Haus meiner Eltern einen Karton mit alten Fotos durchsah, fiel mir das obere Foto in die H\u00e4nde: Es zeigt meinen Vater mit mir als Neugeborener auf dem Arm. Welch eine frappierende \u00c4hnlichkeit mit dem unteren Foto, das ich 2011 von ihm und meinem drei Tage alten Sohn gemacht habe! Das Bild [&hellip;]<\/p>\n","protected":false},"author":265,"featured_media":0,"comment_status":"open","ping_status":"open","sticky":false,"template":"","format":"standard","meta":{"_jetpack_memberships_contains_paid_content":false,"footnotes":""},"categories":[1878],"tags":[],"class_list":["post-12558","post","type-post","status-publish","format-standard","hentry","category-zeitsprung"],"yoast_head":"<!-- This site is optimized with the Yoast SEO plugin v21.0 - https:\/\/yoast.com\/wordpress\/plugins\/seo\/ -->\n<title>Zeitsprung: Ein Vater, ein Gro\u00dfvater - ZEIT der Leser<\/title>\n<meta name=\"robots\" content=\"index, follow, max-snippet:-1, max-image-preview:large, max-video-preview:-1\" \/>\n<link rel=\"canonical\" href=\"https:\/\/blog.zeit.de\/zeit-der-leser\/2013\/03\/02\/zeitsprung-ein-vater-ein-grosvater\/\" \/>\n<meta property=\"og:locale\" content=\"de_DE\" \/>\n<meta property=\"og:type\" content=\"article\" \/>\n<meta property=\"og:title\" content=\"Zeitsprung: Ein Vater, ein Gro\u00dfvater - ZEIT der Leser\" \/>\n<meta property=\"og:description\" content=\"Als ich k\u00fcrzlich im Haus meiner Eltern einen Karton mit alten Fotos durchsah, fiel mir das obere Foto in die H\u00e4nde: Es zeigt meinen Vater mit mir als Neugeborener auf dem Arm. Welch eine frappierende \u00c4hnlichkeit mit dem unteren Foto, das ich 2011 von ihm und meinem drei Tage alten Sohn gemacht habe! Das Bild [&hellip;]\" \/>\n<meta property=\"og:url\" content=\"https:\/\/blog.zeit.de\/zeit-der-leser\/2013\/03\/02\/zeitsprung-ein-vater-ein-grosvater\/\" \/>\n<meta property=\"og:site_name\" content=\"ZEIT der Leser\" \/>\n<meta property=\"article:published_time\" content=\"2013-03-02T17:00:21+00:00\" \/>\n<meta property=\"og:image\" content=\"https:\/\/blog.zeit.de\/zeit-der-leser\/files\/2013\/02\/s88-zeitsprung-1.jpg\" \/>\n<meta name=\"author\" content=\"&quot;Zeit der Leser&quot;-Redaktion\" \/>\n<meta name=\"twitter:card\" content=\"summary_large_image\" \/>\n<meta name=\"twitter:label1\" content=\"Geschrieben von\" \/>\n\t<meta name=\"twitter:data1\" content=\"\"Zeit der Leser\"-Redaktion\" \/>\n\t<meta name=\"twitter:label2\" content=\"Gesch\u00e4tzte Lesezeit\" \/>\n\t<meta name=\"twitter:data2\" content=\"1\u00a0Minute\" \/>\n<script type=\"application\/ld+json\" class=\"yoast-schema-graph\">{\"@context\":\"https:\/\/schema.org\",\"@graph\":[{\"@type\":\"WebPage\",\"@id\":\"https:\/\/blog.zeit.de\/zeit-der-leser\/2013\/03\/02\/zeitsprung-ein-vater-ein-grosvater\/\",\"url\":\"https:\/\/blog.zeit.de\/zeit-der-leser\/2013\/03\/02\/zeitsprung-ein-vater-ein-grosvater\/\",\"name\":\"Zeitsprung: Ein Vater, ein Gro\u00dfvater - ZEIT der Leser\",\"isPartOf\":{\"@id\":\"https:\/\/blog.zeit.de\/zeit-der-leser\/#website\"},\"datePublished\":\"2013-03-02T17:00:21+00:00\",\"dateModified\":\"2013-03-02T17:00:21+00:00\",\"author\":{\"@id\":\"https:\/\/blog.zeit.de\/zeit-der-leser\/#\/schema\/person\/583b14e5ad6368c23af846ecbde9f20f\"},\"breadcrumb\":{\"@id\":\"https:\/\/blog.zeit.de\/zeit-der-leser\/2013\/03\/02\/zeitsprung-ein-vater-ein-grosvater\/#breadcrumb\"},\"inLanguage\":\"de\",\"potentialAction\":[{\"@type\":\"ReadAction\",\"target\":[\"https:\/\/blog.zeit.de\/zeit-der-leser\/2013\/03\/02\/zeitsprung-ein-vater-ein-grosvater\/\"]}]},{\"@type\":\"BreadcrumbList\",\"@id\":\"https:\/\/blog.zeit.de\/zeit-der-leser\/2013\/03\/02\/zeitsprung-ein-vater-ein-grosvater\/#breadcrumb\",\"itemListElement\":[{\"@type\":\"ListItem\",\"position\":1,\"name\":\"Startseite\",\"item\":\"https:\/\/blog.zeit.de\/zeit-der-leser\/\"},{\"@type\":\"ListItem\",\"position\":2,\"name\":\"Zeitsprung: Ein Vater, ein Gro\u00dfvater\"}]},{\"@type\":\"WebSite\",\"@id\":\"https:\/\/blog.zeit.de\/zeit-der-leser\/#website\",\"url\":\"https:\/\/blog.zeit.de\/zeit-der-leser\/\",\"name\":\"ZEIT der Leser\",\"description\":\"Ein Blog mit Ihren Notizen, Gedichten und Bildern f\u00fcr die gedruckte ZEIT\",\"potentialAction\":[{\"@type\":\"SearchAction\",\"target\":{\"@type\":\"EntryPoint\",\"urlTemplate\":\"https:\/\/blog.zeit.de\/zeit-der-leser\/?s={search_term_string}\"},\"query-input\":\"required name=search_term_string\"}],\"inLanguage\":\"de\"},{\"@type\":\"Person\",\"@id\":\"https:\/\/blog.zeit.de\/zeit-der-leser\/#\/schema\/person\/583b14e5ad6368c23af846ecbde9f20f\",\"name\":\"\\\"Zeit der Leser\\\"-Redaktion\",\"image\":{\"@type\":\"ImageObject\",\"inLanguage\":\"de\",\"@id\":\"https:\/\/blog.zeit.de\/zeit-der-leser\/#\/schema\/person\/image\/\",\"url\":\"https:\/\/secure.gravatar.com\/avatar\/e801a681bd3bbf2345131a815930b48d9f8e0a94de1346b624840dc850f67ad0?s=96&d=mm&r=g\",\"contentUrl\":\"https:\/\/secure.gravatar.com\/avatar\/e801a681bd3bbf2345131a815930b48d9f8e0a94de1346b624840dc850f67ad0?s=96&d=mm&r=g\",\"caption\":\"\\\"Zeit der Leser\\\"-Redaktion\"},\"url\":\"https:\/\/blog.zeit.de\/zeit-der-leser\/author\/zeit-der-leser-redaktion\/\"}]}<\/script>\n<!-- \/ Yoast SEO plugin. -->","yoast_head_json":{"title":"Zeitsprung: Ein Vater, ein Gro\u00dfvater - ZEIT der Leser","robots":{"index":"index","follow":"follow","max-snippet":"max-snippet:-1","max-image-preview":"max-image-preview:large","max-video-preview":"max-video-preview:-1"},"canonical":"https:\/\/blog.zeit.de\/zeit-der-leser\/2013\/03\/02\/zeitsprung-ein-vater-ein-grosvater\/","og_locale":"de_DE","og_type":"article","og_title":"Zeitsprung: Ein Vater, ein Gro\u00dfvater - ZEIT der Leser","og_description":"Als ich k\u00fcrzlich im Haus meiner Eltern einen Karton mit alten Fotos durchsah, fiel mir das obere Foto in die H\u00e4nde: Es zeigt meinen Vater mit mir als Neugeborener auf dem Arm. Welch eine frappierende \u00c4hnlichkeit mit dem unteren Foto, das ich 2011 von ihm und meinem drei Tage alten Sohn gemacht habe! Das Bild [&hellip;]","og_url":"https:\/\/blog.zeit.de\/zeit-der-leser\/2013\/03\/02\/zeitsprung-ein-vater-ein-grosvater\/","og_site_name":"ZEIT der Leser","article_published_time":"2013-03-02T17:00:21+00:00","og_image":[{"url":"https:\/\/blog.zeit.de\/zeit-der-leser\/files\/2013\/02\/s88-zeitsprung-1.jpg"}],"author":"\"Zeit der Leser\"-Redaktion","twitter_card":"summary_large_image","twitter_misc":{"Geschrieben von":"\"Zeit der Leser\"-Redaktion","Gesch\u00e4tzte Lesezeit":"1\u00a0Minute"},"schema":{"@context":"https:\/\/schema.org","@graph":[{"@type":"WebPage","@id":"https:\/\/blog.zeit.de\/zeit-der-leser\/2013\/03\/02\/zeitsprung-ein-vater-ein-grosvater\/","url":"https:\/\/blog.zeit.de\/zeit-der-leser\/2013\/03\/02\/zeitsprung-ein-vater-ein-grosvater\/","name":"Zeitsprung: Ein Vater, ein Gro\u00dfvater - ZEIT der Leser","isPartOf":{"@id":"https:\/\/blog.zeit.de\/zeit-der-leser\/#website"},"datePublished":"2013-03-02T17:00:21+00:00","dateModified":"2013-03-02T17:00:21+00:00","author":{"@id":"https:\/\/blog.zeit.de\/zeit-der-leser\/#\/schema\/person\/583b14e5ad6368c23af846ecbde9f20f"},"breadcrumb":{"@id":"https:\/\/blog.zeit.de\/zeit-der-leser\/2013\/03\/02\/zeitsprung-ein-vater-ein-grosvater\/#breadcrumb"},"inLanguage":"de","potentialAction":[{"@type":"ReadAction","target":["https:\/\/blog.zeit.de\/zeit-der-leser\/2013\/03\/02\/zeitsprung-ein-vater-ein-grosvater\/"]}]},{"@type":"BreadcrumbList","@id":"https:\/\/blog.zeit.de\/zeit-der-leser\/2013\/03\/02\/zeitsprung-ein-vater-ein-grosvater\/#breadcrumb","itemListElement":[{"@type":"ListItem","position":1,"name":"Startseite","item":"https:\/\/blog.zeit.de\/zeit-der-leser\/"},{"@type":"ListItem","position":2,"name":"Zeitsprung: Ein Vater, ein Gro\u00dfvater"}]},{"@type":"WebSite","@id":"https:\/\/blog.zeit.de\/zeit-der-leser\/#website","url":"https:\/\/blog.zeit.de\/zeit-der-leser\/","name":"ZEIT der Leser","description":"Ein Blog mit Ihren Notizen, Gedichten und Bildern f\u00fcr die gedruckte ZEIT","potentialAction":[{"@type":"SearchAction","target":{"@type":"EntryPoint","urlTemplate":"https:\/\/blog.zeit.de\/zeit-der-leser\/?s={search_term_string}"},"query-input":"required name=search_term_string"}],"inLanguage":"de"},{"@type":"Person","@id":"https:\/\/blog.zeit.de\/zeit-der-leser\/#\/schema\/person\/583b14e5ad6368c23af846ecbde9f20f","name":"\"Zeit der Leser\"-Redaktion","image":{"@type":"ImageObject","inLanguage":"de","@id":"https:\/\/blog.zeit.de\/zeit-der-leser\/#\/schema\/person\/image\/","url":"https:\/\/secure.gravatar.com\/avatar\/e801a681bd3bbf2345131a815930b48d9f8e0a94de1346b624840dc850f67ad0?s=96&d=mm&r=g","contentUrl":"https:\/\/secure.gravatar.com\/avatar\/e801a681bd3bbf2345131a815930b48d9f8e0a94de1346b624840dc850f67ad0?s=96&d=mm&r=g","caption":"\"Zeit der Leser\"-Redaktion"},"url":"https:\/\/blog.zeit.de\/zeit-der-leser\/author\/zeit-der-leser-redaktion\/"}]}},"jetpack_featured_media_url":"","jetpack_sharing_enabled":true,"_links":{"self":[{"href":"https:\/\/blog.zeit.de\/zeit-der-leser\/wp-json\/wp\/v2\/posts\/12558","targetHints":{"allow":["GET"]}}],"collection":[{"href":"https:\/\/blog.zeit.de\/zeit-der-leser\/wp-json\/wp\/v2\/posts"}],"about":[{"href":"https:\/\/blog.zeit.de\/zeit-der-leser\/wp-json\/wp\/v2\/types\/post"}],"author":[{"embeddable":true,"href":"https:\/\/blog.zeit.de\/zeit-der-leser\/wp-json\/wp\/v2\/users\/265"}],"replies":[{"embeddable":true,"href":"https:\/\/blog.zeit.de\/zeit-der-leser\/wp-json\/wp\/v2\/comments?post=12558"}],"version-history":[{"count":3,"href":"https:\/\/blog.zeit.de\/zeit-der-leser\/wp-json\/wp\/v2\/posts\/12558\/revisions"}],"predecessor-version":[{"id":12572,"href":"https:\/\/blog.zeit.de\/zeit-der-leser\/wp-json\/wp\/v2\/posts\/12558\/revisions\/12572"}],"wp:attachment":[{"href":"https:\/\/blog.zeit.de\/zeit-der-leser\/wp-json\/wp\/v2\/media?parent=12558"}],"wp:term":[{"taxonomy":"category","embeddable":true,"href":"https:\/\/blog.zeit.de\/zeit-der-leser\/wp-json\/wp\/v2\/categories?post=12558"},{"taxonomy":"post_tag","embeddable":true,"href":"https:\/\/blog.zeit.de\/zeit-der-leser\/wp-json\/wp\/v2\/tags?post=12558"}],"curies":[{"name":"wp","href":"https:\/\/api.w.org\/{rel}","templated":true}]}}