{"id":12636,"date":"2013-03-09T12:00:43","date_gmt":"2013-03-09T11:00:43","guid":{"rendered":"http:\/\/blog.zeit.de\/zeit-der-leser\/?p=12636"},"modified":"2013-03-09T12:01:44","modified_gmt":"2013-03-09T11:01:44","slug":"das-ist-mein-ding-32","status":"publish","type":"post","link":"https:\/\/blog.zeit.de\/zeit-der-leser\/2013\/03\/09\/das-ist-mein-ding-32\/","title":{"rendered":"Das ist mein Ding"},"content":{"rendered":"<p><a href=\"https:\/\/blog.zeit.de\/zeit-der-leser\/?attachment_id=12637\" rel=\"attachment wp-att-12637\"><img loading=\"lazy\" decoding=\"async\" class=\"alignleft size-full wp-image-12637\" alt=\"s90-messer\" src=\"https:\/\/blog.zeit.de\/zeit-der-leser\/files\/2013\/03\/s90-messer.jpg\" width=\"580\" height=\"352\" srcset=\"https:\/\/blog.zeit.de\/zeit-der-leser\/files\/2013\/03\/s90-messer.jpg 580w, https:\/\/blog.zeit.de\/zeit-der-leser\/files\/2013\/03\/s90-messer-300x182.jpg 300w\" sizes=\"auto, (max-width: 580px) 100vw, 580px\" \/><\/a><\/p>\n<p>Seit \u00fcber 30 Jahren begleitet uns dieses K\u00fcchen-Duo, Messer und Wetzstahl. Beide Ger\u00e4te erhielt meine frisch verheiratete Frau von einer freundlichen Klavierlehrerin, der Nachbarin ihrer Mutter. Das gegens\u00e4tzliche Paar sollte dem sehr jungen Ehepaar eine Starthilfe in der K\u00fcche sein. Ob die lebenserfahrene Nachbarin damals schon viel weiter dachte? Sollte das hilfreiche Duo als Symbol f\u00fcr eine gegl\u00fcckte Partnerschaft gelten? Beim Schreiben dieser Zeilen kam mir dieser Gedanke. Partner, recht unterschiedlich, einer ohne den anderen etwas verloren. Zusammen, sich aneinander reibend, sich sch\u00e4rfend, f\u00fcreinander bestimmt.<\/p>\n<p><strong>Ernst G\u00f6ldner<\/strong>, Riedlingen, Baden-W\u00fcrttemberg<\/p>\n","protected":false},"excerpt":{"rendered":"<p>Seit \u00fcber 30 Jahren begleitet uns dieses K\u00fcchen-Duo, Messer und Wetzstahl. Beide Ger\u00e4te erhielt meine frisch verheiratete Frau von einer freundlichen Klavierlehrerin, der Nachbarin ihrer Mutter. Das gegens\u00e4tzliche Paar sollte dem sehr jungen Ehepaar eine Starthilfe in der K\u00fcche sein. Ob die lebenserfahrene Nachbarin damals schon viel weiter dachte? Sollte das hilfreiche Duo als Symbol [&hellip;]<\/p>\n","protected":false},"author":265,"featured_media":0,"comment_status":"open","ping_status":"open","sticky":false,"template":"","format":"standard","meta":{"_jetpack_memberships_contains_paid_content":false,"footnotes":""},"categories":[5689],"tags":[],"class_list":["post-12636","post","type-post","status-publish","format-standard","hentry","category-mein-ding"],"yoast_head":"<!-- This site is optimized with the Yoast SEO plugin v21.0 - https:\/\/yoast.com\/wordpress\/plugins\/seo\/ -->\n<title>Das ist mein Ding - ZEIT der Leser<\/title>\n<meta name=\"robots\" content=\"index, follow, max-snippet:-1, max-image-preview:large, max-video-preview:-1\" \/>\n<link rel=\"canonical\" href=\"https:\/\/blog.zeit.de\/zeit-der-leser\/2013\/03\/09\/das-ist-mein-ding-32\/\" \/>\n<meta property=\"og:locale\" content=\"de_DE\" \/>\n<meta property=\"og:type\" content=\"article\" \/>\n<meta property=\"og:title\" content=\"Das ist mein Ding - ZEIT der Leser\" \/>\n<meta property=\"og:description\" content=\"Seit \u00fcber 30 Jahren begleitet uns dieses K\u00fcchen-Duo, Messer und Wetzstahl. Beide Ger\u00e4te erhielt meine frisch verheiratete Frau von einer freundlichen Klavierlehrerin, der Nachbarin ihrer Mutter. Das gegens\u00e4tzliche Paar sollte dem sehr jungen Ehepaar eine Starthilfe in der K\u00fcche sein. Ob die lebenserfahrene Nachbarin damals schon viel weiter dachte? Sollte das hilfreiche Duo als Symbol [&hellip;]\" \/>\n<meta property=\"og:url\" content=\"https:\/\/blog.zeit.de\/zeit-der-leser\/2013\/03\/09\/das-ist-mein-ding-32\/\" \/>\n<meta property=\"og:site_name\" content=\"ZEIT der Leser\" \/>\n<meta property=\"article:published_time\" content=\"2013-03-09T11:00:43+00:00\" \/>\n<meta property=\"article:modified_time\" content=\"2013-03-09T11:01:44+00:00\" \/>\n<meta property=\"og:image\" content=\"https:\/\/blog.zeit.de\/zeit-der-leser\/files\/2013\/03\/s90-messer.jpg\" \/>\n<meta name=\"author\" content=\"&quot;Zeit der Leser&quot;-Redaktion\" \/>\n<meta name=\"twitter:card\" content=\"summary_large_image\" \/>\n<meta name=\"twitter:label1\" content=\"Geschrieben von\" \/>\n\t<meta name=\"twitter:data1\" content=\"\"Zeit der Leser\"-Redaktion\" \/>\n<script type=\"application\/ld+json\" class=\"yoast-schema-graph\">{\"@context\":\"https:\/\/schema.org\",\"@graph\":[{\"@type\":\"WebPage\",\"@id\":\"https:\/\/blog.zeit.de\/zeit-der-leser\/2013\/03\/09\/das-ist-mein-ding-32\/\",\"url\":\"https:\/\/blog.zeit.de\/zeit-der-leser\/2013\/03\/09\/das-ist-mein-ding-32\/\",\"name\":\"Das ist mein Ding - ZEIT der Leser\",\"isPartOf\":{\"@id\":\"https:\/\/blog.zeit.de\/zeit-der-leser\/#website\"},\"datePublished\":\"2013-03-09T11:00:43+00:00\",\"dateModified\":\"2013-03-09T11:01:44+00:00\",\"author\":{\"@id\":\"https:\/\/blog.zeit.de\/zeit-der-leser\/#\/schema\/person\/583b14e5ad6368c23af846ecbde9f20f\"},\"breadcrumb\":{\"@id\":\"https:\/\/blog.zeit.de\/zeit-der-leser\/2013\/03\/09\/das-ist-mein-ding-32\/#breadcrumb\"},\"inLanguage\":\"de\",\"potentialAction\":[{\"@type\":\"ReadAction\",\"target\":[\"https:\/\/blog.zeit.de\/zeit-der-leser\/2013\/03\/09\/das-ist-mein-ding-32\/\"]}]},{\"@type\":\"BreadcrumbList\",\"@id\":\"https:\/\/blog.zeit.de\/zeit-der-leser\/2013\/03\/09\/das-ist-mein-ding-32\/#breadcrumb\",\"itemListElement\":[{\"@type\":\"ListItem\",\"position\":1,\"name\":\"Startseite\",\"item\":\"https:\/\/blog.zeit.de\/zeit-der-leser\/\"},{\"@type\":\"ListItem\",\"position\":2,\"name\":\"Das ist mein Ding\"}]},{\"@type\":\"WebSite\",\"@id\":\"https:\/\/blog.zeit.de\/zeit-der-leser\/#website\",\"url\":\"https:\/\/blog.zeit.de\/zeit-der-leser\/\",\"name\":\"ZEIT der Leser\",\"description\":\"Ein Blog mit Ihren Notizen, Gedichten und Bildern f\u00fcr die gedruckte ZEIT\",\"potentialAction\":[{\"@type\":\"SearchAction\",\"target\":{\"@type\":\"EntryPoint\",\"urlTemplate\":\"https:\/\/blog.zeit.de\/zeit-der-leser\/?s={search_term_string}\"},\"query-input\":\"required name=search_term_string\"}],\"inLanguage\":\"de\"},{\"@type\":\"Person\",\"@id\":\"https:\/\/blog.zeit.de\/zeit-der-leser\/#\/schema\/person\/583b14e5ad6368c23af846ecbde9f20f\",\"name\":\"\\\"Zeit der Leser\\\"-Redaktion\",\"image\":{\"@type\":\"ImageObject\",\"inLanguage\":\"de\",\"@id\":\"https:\/\/blog.zeit.de\/zeit-der-leser\/#\/schema\/person\/image\/\",\"url\":\"https:\/\/secure.gravatar.com\/avatar\/e801a681bd3bbf2345131a815930b48d9f8e0a94de1346b624840dc850f67ad0?s=96&d=mm&r=g\",\"contentUrl\":\"https:\/\/secure.gravatar.com\/avatar\/e801a681bd3bbf2345131a815930b48d9f8e0a94de1346b624840dc850f67ad0?s=96&d=mm&r=g\",\"caption\":\"\\\"Zeit der Leser\\\"-Redaktion\"},\"url\":\"https:\/\/blog.zeit.de\/zeit-der-leser\/author\/zeit-der-leser-redaktion\/\"}]}<\/script>\n<!-- \/ Yoast SEO plugin. -->","yoast_head_json":{"title":"Das ist mein Ding - ZEIT der Leser","robots":{"index":"index","follow":"follow","max-snippet":"max-snippet:-1","max-image-preview":"max-image-preview:large","max-video-preview":"max-video-preview:-1"},"canonical":"https:\/\/blog.zeit.de\/zeit-der-leser\/2013\/03\/09\/das-ist-mein-ding-32\/","og_locale":"de_DE","og_type":"article","og_title":"Das ist mein Ding - ZEIT der Leser","og_description":"Seit \u00fcber 30 Jahren begleitet uns dieses K\u00fcchen-Duo, Messer und Wetzstahl. Beide Ger\u00e4te erhielt meine frisch verheiratete Frau von einer freundlichen Klavierlehrerin, der Nachbarin ihrer Mutter. Das gegens\u00e4tzliche Paar sollte dem sehr jungen Ehepaar eine Starthilfe in der K\u00fcche sein. Ob die lebenserfahrene Nachbarin damals schon viel weiter dachte? Sollte das hilfreiche Duo als Symbol [&hellip;]","og_url":"https:\/\/blog.zeit.de\/zeit-der-leser\/2013\/03\/09\/das-ist-mein-ding-32\/","og_site_name":"ZEIT der Leser","article_published_time":"2013-03-09T11:00:43+00:00","article_modified_time":"2013-03-09T11:01:44+00:00","og_image":[{"url":"https:\/\/blog.zeit.de\/zeit-der-leser\/files\/2013\/03\/s90-messer.jpg"}],"author":"\"Zeit der Leser\"-Redaktion","twitter_card":"summary_large_image","twitter_misc":{"Geschrieben von":"\"Zeit der Leser\"-Redaktion"},"schema":{"@context":"https:\/\/schema.org","@graph":[{"@type":"WebPage","@id":"https:\/\/blog.zeit.de\/zeit-der-leser\/2013\/03\/09\/das-ist-mein-ding-32\/","url":"https:\/\/blog.zeit.de\/zeit-der-leser\/2013\/03\/09\/das-ist-mein-ding-32\/","name":"Das ist mein Ding - ZEIT der Leser","isPartOf":{"@id":"https:\/\/blog.zeit.de\/zeit-der-leser\/#website"},"datePublished":"2013-03-09T11:00:43+00:00","dateModified":"2013-03-09T11:01:44+00:00","author":{"@id":"https:\/\/blog.zeit.de\/zeit-der-leser\/#\/schema\/person\/583b14e5ad6368c23af846ecbde9f20f"},"breadcrumb":{"@id":"https:\/\/blog.zeit.de\/zeit-der-leser\/2013\/03\/09\/das-ist-mein-ding-32\/#breadcrumb"},"inLanguage":"de","potentialAction":[{"@type":"ReadAction","target":["https:\/\/blog.zeit.de\/zeit-der-leser\/2013\/03\/09\/das-ist-mein-ding-32\/"]}]},{"@type":"BreadcrumbList","@id":"https:\/\/blog.zeit.de\/zeit-der-leser\/2013\/03\/09\/das-ist-mein-ding-32\/#breadcrumb","itemListElement":[{"@type":"ListItem","position":1,"name":"Startseite","item":"https:\/\/blog.zeit.de\/zeit-der-leser\/"},{"@type":"ListItem","position":2,"name":"Das ist mein Ding"}]},{"@type":"WebSite","@id":"https:\/\/blog.zeit.de\/zeit-der-leser\/#website","url":"https:\/\/blog.zeit.de\/zeit-der-leser\/","name":"ZEIT der Leser","description":"Ein Blog mit Ihren Notizen, Gedichten und Bildern f\u00fcr die gedruckte ZEIT","potentialAction":[{"@type":"SearchAction","target":{"@type":"EntryPoint","urlTemplate":"https:\/\/blog.zeit.de\/zeit-der-leser\/?s={search_term_string}"},"query-input":"required name=search_term_string"}],"inLanguage":"de"},{"@type":"Person","@id":"https:\/\/blog.zeit.de\/zeit-der-leser\/#\/schema\/person\/583b14e5ad6368c23af846ecbde9f20f","name":"\"Zeit der Leser\"-Redaktion","image":{"@type":"ImageObject","inLanguage":"de","@id":"https:\/\/blog.zeit.de\/zeit-der-leser\/#\/schema\/person\/image\/","url":"https:\/\/secure.gravatar.com\/avatar\/e801a681bd3bbf2345131a815930b48d9f8e0a94de1346b624840dc850f67ad0?s=96&d=mm&r=g","contentUrl":"https:\/\/secure.gravatar.com\/avatar\/e801a681bd3bbf2345131a815930b48d9f8e0a94de1346b624840dc850f67ad0?s=96&d=mm&r=g","caption":"\"Zeit der Leser\"-Redaktion"},"url":"https:\/\/blog.zeit.de\/zeit-der-leser\/author\/zeit-der-leser-redaktion\/"}]}},"jetpack_featured_media_url":"","jetpack_sharing_enabled":true,"_links":{"self":[{"href":"https:\/\/blog.zeit.de\/zeit-der-leser\/wp-json\/wp\/v2\/posts\/12636","targetHints":{"allow":["GET"]}}],"collection":[{"href":"https:\/\/blog.zeit.de\/zeit-der-leser\/wp-json\/wp\/v2\/posts"}],"about":[{"href":"https:\/\/blog.zeit.de\/zeit-der-leser\/wp-json\/wp\/v2\/types\/post"}],"author":[{"embeddable":true,"href":"https:\/\/blog.zeit.de\/zeit-der-leser\/wp-json\/wp\/v2\/users\/265"}],"replies":[{"embeddable":true,"href":"https:\/\/blog.zeit.de\/zeit-der-leser\/wp-json\/wp\/v2\/comments?post=12636"}],"version-history":[{"count":3,"href":"https:\/\/blog.zeit.de\/zeit-der-leser\/wp-json\/wp\/v2\/posts\/12636\/revisions"}],"predecessor-version":[{"id":12661,"href":"https:\/\/blog.zeit.de\/zeit-der-leser\/wp-json\/wp\/v2\/posts\/12636\/revisions\/12661"}],"wp:attachment":[{"href":"https:\/\/blog.zeit.de\/zeit-der-leser\/wp-json\/wp\/v2\/media?parent=12636"}],"wp:term":[{"taxonomy":"category","embeddable":true,"href":"https:\/\/blog.zeit.de\/zeit-der-leser\/wp-json\/wp\/v2\/categories?post=12636"},{"taxonomy":"post_tag","embeddable":true,"href":"https:\/\/blog.zeit.de\/zeit-der-leser\/wp-json\/wp\/v2\/tags?post=12636"}],"curies":[{"name":"wp","href":"https:\/\/api.w.org\/{rel}","templated":true}]}}