{"id":12664,"date":"2013-03-12T15:30:13","date_gmt":"2013-03-12T14:30:13","guid":{"rendered":"http:\/\/blog.zeit.de\/zeit-der-leser\/?p=12664"},"modified":"2015-02-20T14:57:19","modified_gmt":"2015-02-20T13:57:19","slug":"mein-wort-schatz-gehaltvoll","status":"publish","type":"post","link":"https:\/\/blog.zeit.de\/zeit-der-leser\/2013\/03\/12\/mein-wort-schatz-gehaltvoll\/","title":{"rendered":"Gehaltvoll: Mein Wort-Schatz"},"content":{"rendered":"<p>Ein Begriff, der f\u00fcr mich mit dem Wortschatz meines Elternhauses in Verbindung steht, lautet <strong>gehaltvoll<\/strong>. Meine Mutter verwendet das Wort gerne: Eine nahrhafte Wintersuppe, ein guter Eintopf ist f\u00fcr sie gehaltvoll. Aber auch geistige Nahrung \u2013 ein gutes Buch zum Beispiel \u2013 kann gehaltvoll sein. Das Wort scheint ansonsten kaum in Verwendung zu sein, jedenfalls kommt es mir sonst nur selten zu Geh\u00f6r. F\u00fcr mich klingt es etwas vornehm und zur\u00fcckhaltend, anders als das viel aufdringlichere \u00bbopulent\u00ab.<\/p>\n<p><strong>Christian Scharf<\/strong>, Romrod, Hessen<\/p>\n","protected":false},"excerpt":{"rendered":"<p>Ein Begriff, der f\u00fcr mich mit dem Wortschatz meines Elternhauses in Verbindung steht, lautet gehaltvoll. Meine Mutter verwendet das Wort gerne: Eine nahrhafte Wintersuppe, ein guter Eintopf ist f\u00fcr sie gehaltvoll. Aber auch geistige Nahrung \u2013 ein gutes Buch zum Beispiel \u2013 kann gehaltvoll sein. Das Wort scheint ansonsten kaum in Verwendung zu sein, jedenfalls [&hellip;]<\/p>\n","protected":false},"author":265,"featured_media":0,"comment_status":"open","ping_status":"open","sticky":false,"template":"","format":"standard","meta":{"_jetpack_memberships_contains_paid_content":false,"footnotes":""},"categories":[5687],"tags":[],"class_list":["post-12664","post","type-post","status-publish","format-standard","hentry","category-mein-wort-schatz"],"yoast_head":"<!-- This site is optimized with the Yoast SEO plugin v21.0 - https:\/\/yoast.com\/wordpress\/plugins\/seo\/ -->\n<title>Gehaltvoll: Mein Wort-Schatz - ZEIT der Leser<\/title>\n<meta name=\"robots\" content=\"index, follow, max-snippet:-1, max-image-preview:large, max-video-preview:-1\" \/>\n<link rel=\"canonical\" href=\"https:\/\/blog.zeit.de\/zeit-der-leser\/2013\/03\/12\/mein-wort-schatz-gehaltvoll\/\" \/>\n<meta property=\"og:locale\" content=\"de_DE\" \/>\n<meta property=\"og:type\" content=\"article\" \/>\n<meta property=\"og:title\" content=\"Gehaltvoll: Mein Wort-Schatz - ZEIT der Leser\" \/>\n<meta property=\"og:description\" content=\"Ein Begriff, der f\u00fcr mich mit dem Wortschatz meines Elternhauses in Verbindung steht, lautet gehaltvoll. Meine Mutter verwendet das Wort gerne: Eine nahrhafte Wintersuppe, ein guter Eintopf ist f\u00fcr sie gehaltvoll. Aber auch geistige Nahrung \u2013 ein gutes Buch zum Beispiel \u2013 kann gehaltvoll sein. Das Wort scheint ansonsten kaum in Verwendung zu sein, jedenfalls [&hellip;]\" \/>\n<meta property=\"og:url\" content=\"https:\/\/blog.zeit.de\/zeit-der-leser\/2013\/03\/12\/mein-wort-schatz-gehaltvoll\/\" \/>\n<meta property=\"og:site_name\" content=\"ZEIT der Leser\" \/>\n<meta property=\"article:published_time\" content=\"2013-03-12T14:30:13+00:00\" \/>\n<meta property=\"article:modified_time\" content=\"2015-02-20T13:57:19+00:00\" \/>\n<meta name=\"author\" content=\"&quot;Zeit der Leser&quot;-Redaktion\" \/>\n<meta name=\"twitter:card\" content=\"summary_large_image\" \/>\n<meta name=\"twitter:label1\" content=\"Geschrieben von\" \/>\n\t<meta name=\"twitter:data1\" content=\"\"Zeit der Leser\"-Redaktion\" \/>\n<script type=\"application\/ld+json\" class=\"yoast-schema-graph\">{\"@context\":\"https:\/\/schema.org\",\"@graph\":[{\"@type\":\"WebPage\",\"@id\":\"https:\/\/blog.zeit.de\/zeit-der-leser\/2013\/03\/12\/mein-wort-schatz-gehaltvoll\/\",\"url\":\"https:\/\/blog.zeit.de\/zeit-der-leser\/2013\/03\/12\/mein-wort-schatz-gehaltvoll\/\",\"name\":\"Gehaltvoll: Mein Wort-Schatz - ZEIT der Leser\",\"isPartOf\":{\"@id\":\"https:\/\/blog.zeit.de\/zeit-der-leser\/#website\"},\"datePublished\":\"2013-03-12T14:30:13+00:00\",\"dateModified\":\"2015-02-20T13:57:19+00:00\",\"author\":{\"@id\":\"https:\/\/blog.zeit.de\/zeit-der-leser\/#\/schema\/person\/583b14e5ad6368c23af846ecbde9f20f\"},\"breadcrumb\":{\"@id\":\"https:\/\/blog.zeit.de\/zeit-der-leser\/2013\/03\/12\/mein-wort-schatz-gehaltvoll\/#breadcrumb\"},\"inLanguage\":\"de\",\"potentialAction\":[{\"@type\":\"ReadAction\",\"target\":[\"https:\/\/blog.zeit.de\/zeit-der-leser\/2013\/03\/12\/mein-wort-schatz-gehaltvoll\/\"]}]},{\"@type\":\"BreadcrumbList\",\"@id\":\"https:\/\/blog.zeit.de\/zeit-der-leser\/2013\/03\/12\/mein-wort-schatz-gehaltvoll\/#breadcrumb\",\"itemListElement\":[{\"@type\":\"ListItem\",\"position\":1,\"name\":\"Startseite\",\"item\":\"https:\/\/blog.zeit.de\/zeit-der-leser\/\"},{\"@type\":\"ListItem\",\"position\":2,\"name\":\"Gehaltvoll: Mein Wort-Schatz\"}]},{\"@type\":\"WebSite\",\"@id\":\"https:\/\/blog.zeit.de\/zeit-der-leser\/#website\",\"url\":\"https:\/\/blog.zeit.de\/zeit-der-leser\/\",\"name\":\"ZEIT der Leser\",\"description\":\"Ein Blog mit Ihren Notizen, Gedichten und Bildern f\u00fcr die gedruckte ZEIT\",\"potentialAction\":[{\"@type\":\"SearchAction\",\"target\":{\"@type\":\"EntryPoint\",\"urlTemplate\":\"https:\/\/blog.zeit.de\/zeit-der-leser\/?s={search_term_string}\"},\"query-input\":\"required name=search_term_string\"}],\"inLanguage\":\"de\"},{\"@type\":\"Person\",\"@id\":\"https:\/\/blog.zeit.de\/zeit-der-leser\/#\/schema\/person\/583b14e5ad6368c23af846ecbde9f20f\",\"name\":\"\\\"Zeit der Leser\\\"-Redaktion\",\"image\":{\"@type\":\"ImageObject\",\"inLanguage\":\"de\",\"@id\":\"https:\/\/blog.zeit.de\/zeit-der-leser\/#\/schema\/person\/image\/\",\"url\":\"https:\/\/secure.gravatar.com\/avatar\/e801a681bd3bbf2345131a815930b48d9f8e0a94de1346b624840dc850f67ad0?s=96&d=mm&r=g\",\"contentUrl\":\"https:\/\/secure.gravatar.com\/avatar\/e801a681bd3bbf2345131a815930b48d9f8e0a94de1346b624840dc850f67ad0?s=96&d=mm&r=g\",\"caption\":\"\\\"Zeit der Leser\\\"-Redaktion\"},\"url\":\"https:\/\/blog.zeit.de\/zeit-der-leser\/author\/zeit-der-leser-redaktion\/\"}]}<\/script>\n<!-- \/ Yoast SEO plugin. -->","yoast_head_json":{"title":"Gehaltvoll: Mein Wort-Schatz - ZEIT der Leser","robots":{"index":"index","follow":"follow","max-snippet":"max-snippet:-1","max-image-preview":"max-image-preview:large","max-video-preview":"max-video-preview:-1"},"canonical":"https:\/\/blog.zeit.de\/zeit-der-leser\/2013\/03\/12\/mein-wort-schatz-gehaltvoll\/","og_locale":"de_DE","og_type":"article","og_title":"Gehaltvoll: Mein Wort-Schatz - ZEIT der Leser","og_description":"Ein Begriff, der f\u00fcr mich mit dem Wortschatz meines Elternhauses in Verbindung steht, lautet gehaltvoll. Meine Mutter verwendet das Wort gerne: Eine nahrhafte Wintersuppe, ein guter Eintopf ist f\u00fcr sie gehaltvoll. Aber auch geistige Nahrung \u2013 ein gutes Buch zum Beispiel \u2013 kann gehaltvoll sein. Das Wort scheint ansonsten kaum in Verwendung zu sein, jedenfalls [&hellip;]","og_url":"https:\/\/blog.zeit.de\/zeit-der-leser\/2013\/03\/12\/mein-wort-schatz-gehaltvoll\/","og_site_name":"ZEIT der Leser","article_published_time":"2013-03-12T14:30:13+00:00","article_modified_time":"2015-02-20T13:57:19+00:00","author":"\"Zeit der Leser\"-Redaktion","twitter_card":"summary_large_image","twitter_misc":{"Geschrieben von":"\"Zeit der Leser\"-Redaktion"},"schema":{"@context":"https:\/\/schema.org","@graph":[{"@type":"WebPage","@id":"https:\/\/blog.zeit.de\/zeit-der-leser\/2013\/03\/12\/mein-wort-schatz-gehaltvoll\/","url":"https:\/\/blog.zeit.de\/zeit-der-leser\/2013\/03\/12\/mein-wort-schatz-gehaltvoll\/","name":"Gehaltvoll: Mein Wort-Schatz - ZEIT der Leser","isPartOf":{"@id":"https:\/\/blog.zeit.de\/zeit-der-leser\/#website"},"datePublished":"2013-03-12T14:30:13+00:00","dateModified":"2015-02-20T13:57:19+00:00","author":{"@id":"https:\/\/blog.zeit.de\/zeit-der-leser\/#\/schema\/person\/583b14e5ad6368c23af846ecbde9f20f"},"breadcrumb":{"@id":"https:\/\/blog.zeit.de\/zeit-der-leser\/2013\/03\/12\/mein-wort-schatz-gehaltvoll\/#breadcrumb"},"inLanguage":"de","potentialAction":[{"@type":"ReadAction","target":["https:\/\/blog.zeit.de\/zeit-der-leser\/2013\/03\/12\/mein-wort-schatz-gehaltvoll\/"]}]},{"@type":"BreadcrumbList","@id":"https:\/\/blog.zeit.de\/zeit-der-leser\/2013\/03\/12\/mein-wort-schatz-gehaltvoll\/#breadcrumb","itemListElement":[{"@type":"ListItem","position":1,"name":"Startseite","item":"https:\/\/blog.zeit.de\/zeit-der-leser\/"},{"@type":"ListItem","position":2,"name":"Gehaltvoll: Mein Wort-Schatz"}]},{"@type":"WebSite","@id":"https:\/\/blog.zeit.de\/zeit-der-leser\/#website","url":"https:\/\/blog.zeit.de\/zeit-der-leser\/","name":"ZEIT der Leser","description":"Ein Blog mit Ihren Notizen, Gedichten und Bildern f\u00fcr die gedruckte ZEIT","potentialAction":[{"@type":"SearchAction","target":{"@type":"EntryPoint","urlTemplate":"https:\/\/blog.zeit.de\/zeit-der-leser\/?s={search_term_string}"},"query-input":"required name=search_term_string"}],"inLanguage":"de"},{"@type":"Person","@id":"https:\/\/blog.zeit.de\/zeit-der-leser\/#\/schema\/person\/583b14e5ad6368c23af846ecbde9f20f","name":"\"Zeit der Leser\"-Redaktion","image":{"@type":"ImageObject","inLanguage":"de","@id":"https:\/\/blog.zeit.de\/zeit-der-leser\/#\/schema\/person\/image\/","url":"https:\/\/secure.gravatar.com\/avatar\/e801a681bd3bbf2345131a815930b48d9f8e0a94de1346b624840dc850f67ad0?s=96&d=mm&r=g","contentUrl":"https:\/\/secure.gravatar.com\/avatar\/e801a681bd3bbf2345131a815930b48d9f8e0a94de1346b624840dc850f67ad0?s=96&d=mm&r=g","caption":"\"Zeit der Leser\"-Redaktion"},"url":"https:\/\/blog.zeit.de\/zeit-der-leser\/author\/zeit-der-leser-redaktion\/"}]}},"jetpack_featured_media_url":"","jetpack_sharing_enabled":true,"_links":{"self":[{"href":"https:\/\/blog.zeit.de\/zeit-der-leser\/wp-json\/wp\/v2\/posts\/12664","targetHints":{"allow":["GET"]}}],"collection":[{"href":"https:\/\/blog.zeit.de\/zeit-der-leser\/wp-json\/wp\/v2\/posts"}],"about":[{"href":"https:\/\/blog.zeit.de\/zeit-der-leser\/wp-json\/wp\/v2\/types\/post"}],"author":[{"embeddable":true,"href":"https:\/\/blog.zeit.de\/zeit-der-leser\/wp-json\/wp\/v2\/users\/265"}],"replies":[{"embeddable":true,"href":"https:\/\/blog.zeit.de\/zeit-der-leser\/wp-json\/wp\/v2\/comments?post=12664"}],"version-history":[{"count":5,"href":"https:\/\/blog.zeit.de\/zeit-der-leser\/wp-json\/wp\/v2\/posts\/12664\/revisions"}],"predecessor-version":[{"id":19716,"href":"https:\/\/blog.zeit.de\/zeit-der-leser\/wp-json\/wp\/v2\/posts\/12664\/revisions\/19716"}],"wp:attachment":[{"href":"https:\/\/blog.zeit.de\/zeit-der-leser\/wp-json\/wp\/v2\/media?parent=12664"}],"wp:term":[{"taxonomy":"category","embeddable":true,"href":"https:\/\/blog.zeit.de\/zeit-der-leser\/wp-json\/wp\/v2\/categories?post=12664"},{"taxonomy":"post_tag","embeddable":true,"href":"https:\/\/blog.zeit.de\/zeit-der-leser\/wp-json\/wp\/v2\/tags?post=12664"}],"curies":[{"name":"wp","href":"https:\/\/api.w.org\/{rel}","templated":true}]}}