{"id":12683,"date":"2013-03-15T12:00:53","date_gmt":"2013-03-15T11:00:53","guid":{"rendered":"http:\/\/blog.zeit.de\/zeit-der-leser\/?p=12683"},"modified":"2013-03-15T12:01:28","modified_gmt":"2013-03-15T11:01:28","slug":"das-ist-mein-ding-33","status":"publish","type":"post","link":"https:\/\/blog.zeit.de\/zeit-der-leser\/2013\/03\/15\/das-ist-mein-ding-33\/","title":{"rendered":"Das ist mein Ding"},"content":{"rendered":"<p><a href=\"https:\/\/blog.zeit.de\/zeit-der-leser\/2013\/03\/15\/das-ist-mein-ding-33\/s84-dose\/\" rel=\"attachment wp-att-12686\"><img loading=\"lazy\" decoding=\"async\" class=\"alignleft size-full wp-image-12686\" alt=\"s84-dose\" src=\"https:\/\/blog.zeit.de\/zeit-der-leser\/files\/2013\/03\/s84-dose.jpg\" width=\"580\" height=\"394\" srcset=\"https:\/\/blog.zeit.de\/zeit-der-leser\/files\/2013\/03\/s84-dose.jpg 580w, https:\/\/blog.zeit.de\/zeit-der-leser\/files\/2013\/03\/s84-dose-300x203.jpg 300w\" sizes=\"auto, (max-width: 580px) 100vw, 580px\" \/><\/a><\/p>\n<p>&#8230; eine metallene Zigarrendose, umfunktioniert zum Nadeld\u00f6schen. Meine Gro\u00dftante hat sie im Jahr 1926 von einem ihrer Br\u00fcder erhalten und w\u00e4hrend ihrer Zeit als Kinderm\u00e4dchen in Wien, durch unterschiedlichste politische und pers\u00f6nliche Ereignisse, durch den Krieg und die Vertreibung aus dem Sudetenland nach Berlin und sp\u00e4ter nach K\u00f6ln gerettet. Seit ich klein war, enthielt es Nadeln aller Art. Seit dem Tod meiner Gro\u00dftante 1978 geh\u00f6rt das D\u00f6schen mir. Seinen Job als Nadelbewahrer hat es behalten und ist mit mir ins Schwabenland. Es erf\u00fcllt mich mit Achtung: 44 Jahre \u00e4lter als ich, verkratzt und verschrammt und verbeult \u2013 aber immer noch leuchtend und gl\u00e4nzend und ganz charmant, wie es mir aus dem Handarbeitskorb entgegenl\u00e4chelt. Es ist ein freundlich \u00fcber den Strom der Zeit winkender Bote.<\/p>\n<p><strong>Marianne Meyer<\/strong>, Erlenbach, Baden-W\u00fcrttemberg<\/p>\n","protected":false},"excerpt":{"rendered":"<p>&#8230; eine metallene Zigarrendose, umfunktioniert zum Nadeld\u00f6schen. Meine Gro\u00dftante hat sie im Jahr 1926 von einem ihrer Br\u00fcder erhalten und w\u00e4hrend ihrer Zeit als Kinderm\u00e4dchen in Wien, durch unterschiedlichste politische und pers\u00f6nliche Ereignisse, durch den Krieg und die Vertreibung aus dem Sudetenland nach Berlin und sp\u00e4ter nach K\u00f6ln gerettet. Seit ich klein war, enthielt es [&hellip;]<\/p>\n","protected":false},"author":265,"featured_media":0,"comment_status":"open","ping_status":"open","sticky":false,"template":"","format":"standard","meta":{"_jetpack_memberships_contains_paid_content":false,"footnotes":""},"categories":[5689],"tags":[],"class_list":["post-12683","post","type-post","status-publish","format-standard","hentry","category-mein-ding"],"yoast_head":"<!-- This site is optimized with the Yoast SEO plugin v21.0 - https:\/\/yoast.com\/wordpress\/plugins\/seo\/ -->\n<title>Das ist mein Ding - ZEIT der Leser<\/title>\n<meta name=\"robots\" content=\"index, follow, max-snippet:-1, max-image-preview:large, max-video-preview:-1\" \/>\n<link rel=\"canonical\" href=\"https:\/\/blog.zeit.de\/zeit-der-leser\/2013\/03\/15\/das-ist-mein-ding-33\/\" \/>\n<meta property=\"og:locale\" content=\"de_DE\" \/>\n<meta property=\"og:type\" content=\"article\" \/>\n<meta property=\"og:title\" content=\"Das ist mein Ding - ZEIT der Leser\" \/>\n<meta property=\"og:description\" content=\"&#8230; eine metallene Zigarrendose, umfunktioniert zum Nadeld\u00f6schen. Meine Gro\u00dftante hat sie im Jahr 1926 von einem ihrer Br\u00fcder erhalten und w\u00e4hrend ihrer Zeit als Kinderm\u00e4dchen in Wien, durch unterschiedlichste politische und pers\u00f6nliche Ereignisse, durch den Krieg und die Vertreibung aus dem Sudetenland nach Berlin und sp\u00e4ter nach K\u00f6ln gerettet. Seit ich klein war, enthielt es [&hellip;]\" \/>\n<meta property=\"og:url\" content=\"https:\/\/blog.zeit.de\/zeit-der-leser\/2013\/03\/15\/das-ist-mein-ding-33\/\" \/>\n<meta property=\"og:site_name\" content=\"ZEIT der Leser\" \/>\n<meta property=\"article:published_time\" content=\"2013-03-15T11:00:53+00:00\" \/>\n<meta property=\"article:modified_time\" content=\"2013-03-15T11:01:28+00:00\" \/>\n<meta property=\"og:image\" content=\"https:\/\/blog.zeit.de\/zeit-der-leser\/files\/2013\/03\/s84-dose.jpg\" \/>\n<meta name=\"author\" content=\"&quot;Zeit der Leser&quot;-Redaktion\" \/>\n<meta name=\"twitter:card\" content=\"summary_large_image\" \/>\n<meta name=\"twitter:label1\" content=\"Geschrieben von\" \/>\n\t<meta name=\"twitter:data1\" content=\"\"Zeit der Leser\"-Redaktion\" \/>\n\t<meta name=\"twitter:label2\" content=\"Gesch\u00e4tzte Lesezeit\" \/>\n\t<meta name=\"twitter:data2\" content=\"1\u00a0Minute\" \/>\n<script type=\"application\/ld+json\" class=\"yoast-schema-graph\">{\"@context\":\"https:\/\/schema.org\",\"@graph\":[{\"@type\":\"WebPage\",\"@id\":\"https:\/\/blog.zeit.de\/zeit-der-leser\/2013\/03\/15\/das-ist-mein-ding-33\/\",\"url\":\"https:\/\/blog.zeit.de\/zeit-der-leser\/2013\/03\/15\/das-ist-mein-ding-33\/\",\"name\":\"Das ist mein Ding - ZEIT der Leser\",\"isPartOf\":{\"@id\":\"https:\/\/blog.zeit.de\/zeit-der-leser\/#website\"},\"datePublished\":\"2013-03-15T11:00:53+00:00\",\"dateModified\":\"2013-03-15T11:01:28+00:00\",\"author\":{\"@id\":\"https:\/\/blog.zeit.de\/zeit-der-leser\/#\/schema\/person\/583b14e5ad6368c23af846ecbde9f20f\"},\"breadcrumb\":{\"@id\":\"https:\/\/blog.zeit.de\/zeit-der-leser\/2013\/03\/15\/das-ist-mein-ding-33\/#breadcrumb\"},\"inLanguage\":\"de\",\"potentialAction\":[{\"@type\":\"ReadAction\",\"target\":[\"https:\/\/blog.zeit.de\/zeit-der-leser\/2013\/03\/15\/das-ist-mein-ding-33\/\"]}]},{\"@type\":\"BreadcrumbList\",\"@id\":\"https:\/\/blog.zeit.de\/zeit-der-leser\/2013\/03\/15\/das-ist-mein-ding-33\/#breadcrumb\",\"itemListElement\":[{\"@type\":\"ListItem\",\"position\":1,\"name\":\"Startseite\",\"item\":\"https:\/\/blog.zeit.de\/zeit-der-leser\/\"},{\"@type\":\"ListItem\",\"position\":2,\"name\":\"Das ist mein Ding\"}]},{\"@type\":\"WebSite\",\"@id\":\"https:\/\/blog.zeit.de\/zeit-der-leser\/#website\",\"url\":\"https:\/\/blog.zeit.de\/zeit-der-leser\/\",\"name\":\"ZEIT der Leser\",\"description\":\"Ein Blog mit Ihren Notizen, Gedichten und Bildern f\u00fcr die gedruckte ZEIT\",\"potentialAction\":[{\"@type\":\"SearchAction\",\"target\":{\"@type\":\"EntryPoint\",\"urlTemplate\":\"https:\/\/blog.zeit.de\/zeit-der-leser\/?s={search_term_string}\"},\"query-input\":\"required name=search_term_string\"}],\"inLanguage\":\"de\"},{\"@type\":\"Person\",\"@id\":\"https:\/\/blog.zeit.de\/zeit-der-leser\/#\/schema\/person\/583b14e5ad6368c23af846ecbde9f20f\",\"name\":\"\\\"Zeit der Leser\\\"-Redaktion\",\"image\":{\"@type\":\"ImageObject\",\"inLanguage\":\"de\",\"@id\":\"https:\/\/blog.zeit.de\/zeit-der-leser\/#\/schema\/person\/image\/\",\"url\":\"https:\/\/secure.gravatar.com\/avatar\/e801a681bd3bbf2345131a815930b48d9f8e0a94de1346b624840dc850f67ad0?s=96&d=mm&r=g\",\"contentUrl\":\"https:\/\/secure.gravatar.com\/avatar\/e801a681bd3bbf2345131a815930b48d9f8e0a94de1346b624840dc850f67ad0?s=96&d=mm&r=g\",\"caption\":\"\\\"Zeit der Leser\\\"-Redaktion\"},\"url\":\"https:\/\/blog.zeit.de\/zeit-der-leser\/author\/zeit-der-leser-redaktion\/\"}]}<\/script>\n<!-- \/ Yoast SEO plugin. -->","yoast_head_json":{"title":"Das ist mein Ding - ZEIT der Leser","robots":{"index":"index","follow":"follow","max-snippet":"max-snippet:-1","max-image-preview":"max-image-preview:large","max-video-preview":"max-video-preview:-1"},"canonical":"https:\/\/blog.zeit.de\/zeit-der-leser\/2013\/03\/15\/das-ist-mein-ding-33\/","og_locale":"de_DE","og_type":"article","og_title":"Das ist mein Ding - ZEIT der Leser","og_description":"&#8230; eine metallene Zigarrendose, umfunktioniert zum Nadeld\u00f6schen. Meine Gro\u00dftante hat sie im Jahr 1926 von einem ihrer Br\u00fcder erhalten und w\u00e4hrend ihrer Zeit als Kinderm\u00e4dchen in Wien, durch unterschiedlichste politische und pers\u00f6nliche Ereignisse, durch den Krieg und die Vertreibung aus dem Sudetenland nach Berlin und sp\u00e4ter nach K\u00f6ln gerettet. Seit ich klein war, enthielt es [&hellip;]","og_url":"https:\/\/blog.zeit.de\/zeit-der-leser\/2013\/03\/15\/das-ist-mein-ding-33\/","og_site_name":"ZEIT der Leser","article_published_time":"2013-03-15T11:00:53+00:00","article_modified_time":"2013-03-15T11:01:28+00:00","og_image":[{"url":"https:\/\/blog.zeit.de\/zeit-der-leser\/files\/2013\/03\/s84-dose.jpg"}],"author":"\"Zeit der Leser\"-Redaktion","twitter_card":"summary_large_image","twitter_misc":{"Geschrieben von":"\"Zeit der Leser\"-Redaktion","Gesch\u00e4tzte Lesezeit":"1\u00a0Minute"},"schema":{"@context":"https:\/\/schema.org","@graph":[{"@type":"WebPage","@id":"https:\/\/blog.zeit.de\/zeit-der-leser\/2013\/03\/15\/das-ist-mein-ding-33\/","url":"https:\/\/blog.zeit.de\/zeit-der-leser\/2013\/03\/15\/das-ist-mein-ding-33\/","name":"Das ist mein Ding - ZEIT der Leser","isPartOf":{"@id":"https:\/\/blog.zeit.de\/zeit-der-leser\/#website"},"datePublished":"2013-03-15T11:00:53+00:00","dateModified":"2013-03-15T11:01:28+00:00","author":{"@id":"https:\/\/blog.zeit.de\/zeit-der-leser\/#\/schema\/person\/583b14e5ad6368c23af846ecbde9f20f"},"breadcrumb":{"@id":"https:\/\/blog.zeit.de\/zeit-der-leser\/2013\/03\/15\/das-ist-mein-ding-33\/#breadcrumb"},"inLanguage":"de","potentialAction":[{"@type":"ReadAction","target":["https:\/\/blog.zeit.de\/zeit-der-leser\/2013\/03\/15\/das-ist-mein-ding-33\/"]}]},{"@type":"BreadcrumbList","@id":"https:\/\/blog.zeit.de\/zeit-der-leser\/2013\/03\/15\/das-ist-mein-ding-33\/#breadcrumb","itemListElement":[{"@type":"ListItem","position":1,"name":"Startseite","item":"https:\/\/blog.zeit.de\/zeit-der-leser\/"},{"@type":"ListItem","position":2,"name":"Das ist mein Ding"}]},{"@type":"WebSite","@id":"https:\/\/blog.zeit.de\/zeit-der-leser\/#website","url":"https:\/\/blog.zeit.de\/zeit-der-leser\/","name":"ZEIT der Leser","description":"Ein Blog mit Ihren Notizen, Gedichten und Bildern f\u00fcr die gedruckte ZEIT","potentialAction":[{"@type":"SearchAction","target":{"@type":"EntryPoint","urlTemplate":"https:\/\/blog.zeit.de\/zeit-der-leser\/?s={search_term_string}"},"query-input":"required name=search_term_string"}],"inLanguage":"de"},{"@type":"Person","@id":"https:\/\/blog.zeit.de\/zeit-der-leser\/#\/schema\/person\/583b14e5ad6368c23af846ecbde9f20f","name":"\"Zeit der Leser\"-Redaktion","image":{"@type":"ImageObject","inLanguage":"de","@id":"https:\/\/blog.zeit.de\/zeit-der-leser\/#\/schema\/person\/image\/","url":"https:\/\/secure.gravatar.com\/avatar\/e801a681bd3bbf2345131a815930b48d9f8e0a94de1346b624840dc850f67ad0?s=96&d=mm&r=g","contentUrl":"https:\/\/secure.gravatar.com\/avatar\/e801a681bd3bbf2345131a815930b48d9f8e0a94de1346b624840dc850f67ad0?s=96&d=mm&r=g","caption":"\"Zeit der Leser\"-Redaktion"},"url":"https:\/\/blog.zeit.de\/zeit-der-leser\/author\/zeit-der-leser-redaktion\/"}]}},"jetpack_featured_media_url":"","jetpack_sharing_enabled":true,"_links":{"self":[{"href":"https:\/\/blog.zeit.de\/zeit-der-leser\/wp-json\/wp\/v2\/posts\/12683","targetHints":{"allow":["GET"]}}],"collection":[{"href":"https:\/\/blog.zeit.de\/zeit-der-leser\/wp-json\/wp\/v2\/posts"}],"about":[{"href":"https:\/\/blog.zeit.de\/zeit-der-leser\/wp-json\/wp\/v2\/types\/post"}],"author":[{"embeddable":true,"href":"https:\/\/blog.zeit.de\/zeit-der-leser\/wp-json\/wp\/v2\/users\/265"}],"replies":[{"embeddable":true,"href":"https:\/\/blog.zeit.de\/zeit-der-leser\/wp-json\/wp\/v2\/comments?post=12683"}],"version-history":[{"count":3,"href":"https:\/\/blog.zeit.de\/zeit-der-leser\/wp-json\/wp\/v2\/posts\/12683\/revisions"}],"predecessor-version":[{"id":12783,"href":"https:\/\/blog.zeit.de\/zeit-der-leser\/wp-json\/wp\/v2\/posts\/12683\/revisions\/12783"}],"wp:attachment":[{"href":"https:\/\/blog.zeit.de\/zeit-der-leser\/wp-json\/wp\/v2\/media?parent=12683"}],"wp:term":[{"taxonomy":"category","embeddable":true,"href":"https:\/\/blog.zeit.de\/zeit-der-leser\/wp-json\/wp\/v2\/categories?post=12683"},{"taxonomy":"post_tag","embeddable":true,"href":"https:\/\/blog.zeit.de\/zeit-der-leser\/wp-json\/wp\/v2\/tags?post=12683"}],"curies":[{"name":"wp","href":"https:\/\/api.w.org\/{rel}","templated":true}]}}