{"id":12709,"date":"2013-03-17T18:00:42","date_gmt":"2013-03-17T17:00:42","guid":{"rendered":"http:\/\/blog.zeit.de\/zeit-der-leser\/?p=12709"},"modified":"2013-03-17T18:00:42","modified_gmt":"2013-03-17T17:00:42","slug":"zeitsprung-auf-den-spuren-von-uwe-johnson","status":"publish","type":"post","link":"https:\/\/blog.zeit.de\/zeit-der-leser\/2013\/03\/17\/zeitsprung-auf-den-spuren-von-uwe-johnson\/","title":{"rendered":"Zeitsprung: Auf den Spuren von Uwe Johnson"},"content":{"rendered":"<p><a href=\"https:\/\/blog.zeit.de\/zeit-der-leser\/?attachment_id=12710\" rel=\"attachment wp-att-12710\"><img loading=\"lazy\" decoding=\"async\" class=\"alignleft size-full wp-image-12710\" alt=\"s84-haus-neu\" src=\"https:\/\/blog.zeit.de\/zeit-der-leser\/files\/2013\/03\/s84-haus-neu.jpg\" width=\"580\" height=\"750\" srcset=\"https:\/\/blog.zeit.de\/zeit-der-leser\/files\/2013\/03\/s84-haus-neu.jpg 580w, https:\/\/blog.zeit.de\/zeit-der-leser\/files\/2013\/03\/s84-haus-neu-232x300.jpg 232w\" sizes=\"auto, (max-width: 580px) 100vw, 580px\" \/><\/a> <a href=\"https:\/\/blog.zeit.de\/zeit-der-leser\/?attachment_id=12711\" rel=\"attachment wp-att-12711\"><img loading=\"lazy\" decoding=\"async\" class=\"alignleft size-full wp-image-12711\" alt=\"s84-haus-alt\" src=\"https:\/\/blog.zeit.de\/zeit-der-leser\/files\/2013\/03\/s84-haus-alt.jpg\" width=\"580\" height=\"750\" srcset=\"https:\/\/blog.zeit.de\/zeit-der-leser\/files\/2013\/03\/s84-haus-alt.jpg 580w, https:\/\/blog.zeit.de\/zeit-der-leser\/files\/2013\/03\/s84-haus-alt-232x300.jpg 232w\" sizes=\"auto, (max-width: 580px) 100vw, 580px\" \/><\/a><\/p>\n<p>Im Juli 1996 begab ich mich auf meiner ersten privaten Spurensuche in Sachen Uwe Johnson in den Kl\u00fctzer Winkel zwischen L\u00fcbeck und Wismar. Damals parkte ich Auto und Hund im St\u00e4dtchen Kl\u00fctz, das bei Johnson \u00bbJerichow\u00ab hei\u00dft, im Schatten eines bauf\u00e4lligen Speichers und sah mich im Ort und auf dem Friedhof um. Im August 2012 war ich wieder dort, und siehe da: Aus dem Speicher war inzwischen das Uwe-Johnson-Literaturhaus geworden. Toll!<\/p>\n<p><strong>Regina Dehmel<\/strong>, Scharnebeck, Niedersachsen<\/p>\n","protected":false},"excerpt":{"rendered":"<p>Im Juli 1996 begab ich mich auf meiner ersten privaten Spurensuche in Sachen Uwe Johnson in den Kl\u00fctzer Winkel zwischen L\u00fcbeck und Wismar. Damals parkte ich Auto und Hund im St\u00e4dtchen Kl\u00fctz, das bei Johnson \u00bbJerichow\u00ab hei\u00dft, im Schatten eines bauf\u00e4lligen Speichers und sah mich im Ort und auf dem Friedhof um. Im August 2012 [&hellip;]<\/p>\n","protected":false},"author":265,"featured_media":0,"comment_status":"open","ping_status":"open","sticky":false,"template":"","format":"standard","meta":{"_jetpack_memberships_contains_paid_content":false,"footnotes":""},"categories":[1878],"tags":[],"class_list":["post-12709","post","type-post","status-publish","format-standard","hentry","category-zeitsprung"],"yoast_head":"<!-- This site is optimized with the Yoast SEO plugin v21.0 - https:\/\/yoast.com\/wordpress\/plugins\/seo\/ -->\n<title>Zeitsprung: Auf den Spuren von Uwe Johnson - ZEIT der Leser<\/title>\n<meta name=\"robots\" content=\"index, follow, max-snippet:-1, max-image-preview:large, max-video-preview:-1\" \/>\n<link rel=\"canonical\" href=\"https:\/\/blog.zeit.de\/zeit-der-leser\/2013\/03\/17\/zeitsprung-auf-den-spuren-von-uwe-johnson\/\" \/>\n<meta property=\"og:locale\" content=\"de_DE\" \/>\n<meta property=\"og:type\" content=\"article\" \/>\n<meta property=\"og:title\" content=\"Zeitsprung: Auf den Spuren von Uwe Johnson - ZEIT der Leser\" \/>\n<meta property=\"og:description\" content=\"Im Juli 1996 begab ich mich auf meiner ersten privaten Spurensuche in Sachen Uwe Johnson in den Kl\u00fctzer Winkel zwischen L\u00fcbeck und Wismar. Damals parkte ich Auto und Hund im St\u00e4dtchen Kl\u00fctz, das bei Johnson \u00bbJerichow\u00ab hei\u00dft, im Schatten eines bauf\u00e4lligen Speichers und sah mich im Ort und auf dem Friedhof um. Im August 2012 [&hellip;]\" \/>\n<meta property=\"og:url\" content=\"https:\/\/blog.zeit.de\/zeit-der-leser\/2013\/03\/17\/zeitsprung-auf-den-spuren-von-uwe-johnson\/\" \/>\n<meta property=\"og:site_name\" content=\"ZEIT der Leser\" \/>\n<meta property=\"article:published_time\" content=\"2013-03-17T17:00:42+00:00\" \/>\n<meta property=\"og:image\" content=\"https:\/\/blog.zeit.de\/zeit-der-leser\/files\/2013\/03\/s84-haus-neu.jpg\" \/>\n<meta name=\"author\" content=\"&quot;Zeit der Leser&quot;-Redaktion\" \/>\n<meta name=\"twitter:card\" content=\"summary_large_image\" \/>\n<meta name=\"twitter:label1\" content=\"Geschrieben von\" \/>\n\t<meta name=\"twitter:data1\" content=\"\"Zeit der Leser\"-Redaktion\" \/>\n<script type=\"application\/ld+json\" class=\"yoast-schema-graph\">{\"@context\":\"https:\/\/schema.org\",\"@graph\":[{\"@type\":\"WebPage\",\"@id\":\"https:\/\/blog.zeit.de\/zeit-der-leser\/2013\/03\/17\/zeitsprung-auf-den-spuren-von-uwe-johnson\/\",\"url\":\"https:\/\/blog.zeit.de\/zeit-der-leser\/2013\/03\/17\/zeitsprung-auf-den-spuren-von-uwe-johnson\/\",\"name\":\"Zeitsprung: Auf den Spuren von Uwe Johnson - ZEIT der Leser\",\"isPartOf\":{\"@id\":\"https:\/\/blog.zeit.de\/zeit-der-leser\/#website\"},\"datePublished\":\"2013-03-17T17:00:42+00:00\",\"dateModified\":\"2013-03-17T17:00:42+00:00\",\"author\":{\"@id\":\"https:\/\/blog.zeit.de\/zeit-der-leser\/#\/schema\/person\/583b14e5ad6368c23af846ecbde9f20f\"},\"breadcrumb\":{\"@id\":\"https:\/\/blog.zeit.de\/zeit-der-leser\/2013\/03\/17\/zeitsprung-auf-den-spuren-von-uwe-johnson\/#breadcrumb\"},\"inLanguage\":\"de\",\"potentialAction\":[{\"@type\":\"ReadAction\",\"target\":[\"https:\/\/blog.zeit.de\/zeit-der-leser\/2013\/03\/17\/zeitsprung-auf-den-spuren-von-uwe-johnson\/\"]}]},{\"@type\":\"BreadcrumbList\",\"@id\":\"https:\/\/blog.zeit.de\/zeit-der-leser\/2013\/03\/17\/zeitsprung-auf-den-spuren-von-uwe-johnson\/#breadcrumb\",\"itemListElement\":[{\"@type\":\"ListItem\",\"position\":1,\"name\":\"Startseite\",\"item\":\"https:\/\/blog.zeit.de\/zeit-der-leser\/\"},{\"@type\":\"ListItem\",\"position\":2,\"name\":\"Zeitsprung: Auf den Spuren von Uwe Johnson\"}]},{\"@type\":\"WebSite\",\"@id\":\"https:\/\/blog.zeit.de\/zeit-der-leser\/#website\",\"url\":\"https:\/\/blog.zeit.de\/zeit-der-leser\/\",\"name\":\"ZEIT der Leser\",\"description\":\"Ein Blog mit Ihren Notizen, Gedichten und Bildern f\u00fcr die gedruckte ZEIT\",\"potentialAction\":[{\"@type\":\"SearchAction\",\"target\":{\"@type\":\"EntryPoint\",\"urlTemplate\":\"https:\/\/blog.zeit.de\/zeit-der-leser\/?s={search_term_string}\"},\"query-input\":\"required name=search_term_string\"}],\"inLanguage\":\"de\"},{\"@type\":\"Person\",\"@id\":\"https:\/\/blog.zeit.de\/zeit-der-leser\/#\/schema\/person\/583b14e5ad6368c23af846ecbde9f20f\",\"name\":\"\\\"Zeit der Leser\\\"-Redaktion\",\"image\":{\"@type\":\"ImageObject\",\"inLanguage\":\"de\",\"@id\":\"https:\/\/blog.zeit.de\/zeit-der-leser\/#\/schema\/person\/image\/\",\"url\":\"https:\/\/secure.gravatar.com\/avatar\/e801a681bd3bbf2345131a815930b48d9f8e0a94de1346b624840dc850f67ad0?s=96&d=mm&r=g\",\"contentUrl\":\"https:\/\/secure.gravatar.com\/avatar\/e801a681bd3bbf2345131a815930b48d9f8e0a94de1346b624840dc850f67ad0?s=96&d=mm&r=g\",\"caption\":\"\\\"Zeit der Leser\\\"-Redaktion\"},\"url\":\"https:\/\/blog.zeit.de\/zeit-der-leser\/author\/zeit-der-leser-redaktion\/\"}]}<\/script>\n<!-- \/ Yoast SEO plugin. -->","yoast_head_json":{"title":"Zeitsprung: Auf den Spuren von Uwe Johnson - ZEIT der Leser","robots":{"index":"index","follow":"follow","max-snippet":"max-snippet:-1","max-image-preview":"max-image-preview:large","max-video-preview":"max-video-preview:-1"},"canonical":"https:\/\/blog.zeit.de\/zeit-der-leser\/2013\/03\/17\/zeitsprung-auf-den-spuren-von-uwe-johnson\/","og_locale":"de_DE","og_type":"article","og_title":"Zeitsprung: Auf den Spuren von Uwe Johnson - ZEIT der Leser","og_description":"Im Juli 1996 begab ich mich auf meiner ersten privaten Spurensuche in Sachen Uwe Johnson in den Kl\u00fctzer Winkel zwischen L\u00fcbeck und Wismar. Damals parkte ich Auto und Hund im St\u00e4dtchen Kl\u00fctz, das bei Johnson \u00bbJerichow\u00ab hei\u00dft, im Schatten eines bauf\u00e4lligen Speichers und sah mich im Ort und auf dem Friedhof um. Im August 2012 [&hellip;]","og_url":"https:\/\/blog.zeit.de\/zeit-der-leser\/2013\/03\/17\/zeitsprung-auf-den-spuren-von-uwe-johnson\/","og_site_name":"ZEIT der Leser","article_published_time":"2013-03-17T17:00:42+00:00","og_image":[{"url":"https:\/\/blog.zeit.de\/zeit-der-leser\/files\/2013\/03\/s84-haus-neu.jpg"}],"author":"\"Zeit der Leser\"-Redaktion","twitter_card":"summary_large_image","twitter_misc":{"Geschrieben von":"\"Zeit der Leser\"-Redaktion"},"schema":{"@context":"https:\/\/schema.org","@graph":[{"@type":"WebPage","@id":"https:\/\/blog.zeit.de\/zeit-der-leser\/2013\/03\/17\/zeitsprung-auf-den-spuren-von-uwe-johnson\/","url":"https:\/\/blog.zeit.de\/zeit-der-leser\/2013\/03\/17\/zeitsprung-auf-den-spuren-von-uwe-johnson\/","name":"Zeitsprung: Auf den Spuren von Uwe Johnson - ZEIT der Leser","isPartOf":{"@id":"https:\/\/blog.zeit.de\/zeit-der-leser\/#website"},"datePublished":"2013-03-17T17:00:42+00:00","dateModified":"2013-03-17T17:00:42+00:00","author":{"@id":"https:\/\/blog.zeit.de\/zeit-der-leser\/#\/schema\/person\/583b14e5ad6368c23af846ecbde9f20f"},"breadcrumb":{"@id":"https:\/\/blog.zeit.de\/zeit-der-leser\/2013\/03\/17\/zeitsprung-auf-den-spuren-von-uwe-johnson\/#breadcrumb"},"inLanguage":"de","potentialAction":[{"@type":"ReadAction","target":["https:\/\/blog.zeit.de\/zeit-der-leser\/2013\/03\/17\/zeitsprung-auf-den-spuren-von-uwe-johnson\/"]}]},{"@type":"BreadcrumbList","@id":"https:\/\/blog.zeit.de\/zeit-der-leser\/2013\/03\/17\/zeitsprung-auf-den-spuren-von-uwe-johnson\/#breadcrumb","itemListElement":[{"@type":"ListItem","position":1,"name":"Startseite","item":"https:\/\/blog.zeit.de\/zeit-der-leser\/"},{"@type":"ListItem","position":2,"name":"Zeitsprung: Auf den Spuren von Uwe Johnson"}]},{"@type":"WebSite","@id":"https:\/\/blog.zeit.de\/zeit-der-leser\/#website","url":"https:\/\/blog.zeit.de\/zeit-der-leser\/","name":"ZEIT der Leser","description":"Ein Blog mit Ihren Notizen, Gedichten und Bildern f\u00fcr die gedruckte ZEIT","potentialAction":[{"@type":"SearchAction","target":{"@type":"EntryPoint","urlTemplate":"https:\/\/blog.zeit.de\/zeit-der-leser\/?s={search_term_string}"},"query-input":"required name=search_term_string"}],"inLanguage":"de"},{"@type":"Person","@id":"https:\/\/blog.zeit.de\/zeit-der-leser\/#\/schema\/person\/583b14e5ad6368c23af846ecbde9f20f","name":"\"Zeit der Leser\"-Redaktion","image":{"@type":"ImageObject","inLanguage":"de","@id":"https:\/\/blog.zeit.de\/zeit-der-leser\/#\/schema\/person\/image\/","url":"https:\/\/secure.gravatar.com\/avatar\/e801a681bd3bbf2345131a815930b48d9f8e0a94de1346b624840dc850f67ad0?s=96&d=mm&r=g","contentUrl":"https:\/\/secure.gravatar.com\/avatar\/e801a681bd3bbf2345131a815930b48d9f8e0a94de1346b624840dc850f67ad0?s=96&d=mm&r=g","caption":"\"Zeit der Leser\"-Redaktion"},"url":"https:\/\/blog.zeit.de\/zeit-der-leser\/author\/zeit-der-leser-redaktion\/"}]}},"jetpack_featured_media_url":"","jetpack_sharing_enabled":true,"_links":{"self":[{"href":"https:\/\/blog.zeit.de\/zeit-der-leser\/wp-json\/wp\/v2\/posts\/12709","targetHints":{"allow":["GET"]}}],"collection":[{"href":"https:\/\/blog.zeit.de\/zeit-der-leser\/wp-json\/wp\/v2\/posts"}],"about":[{"href":"https:\/\/blog.zeit.de\/zeit-der-leser\/wp-json\/wp\/v2\/types\/post"}],"author":[{"embeddable":true,"href":"https:\/\/blog.zeit.de\/zeit-der-leser\/wp-json\/wp\/v2\/users\/265"}],"replies":[{"embeddable":true,"href":"https:\/\/blog.zeit.de\/zeit-der-leser\/wp-json\/wp\/v2\/comments?post=12709"}],"version-history":[{"count":4,"href":"https:\/\/blog.zeit.de\/zeit-der-leser\/wp-json\/wp\/v2\/posts\/12709\/revisions"}],"predecessor-version":[{"id":12791,"href":"https:\/\/blog.zeit.de\/zeit-der-leser\/wp-json\/wp\/v2\/posts\/12709\/revisions\/12791"}],"wp:attachment":[{"href":"https:\/\/blog.zeit.de\/zeit-der-leser\/wp-json\/wp\/v2\/media?parent=12709"}],"wp:term":[{"taxonomy":"category","embeddable":true,"href":"https:\/\/blog.zeit.de\/zeit-der-leser\/wp-json\/wp\/v2\/categories?post=12709"},{"taxonomy":"post_tag","embeddable":true,"href":"https:\/\/blog.zeit.de\/zeit-der-leser\/wp-json\/wp\/v2\/tags?post=12709"}],"curies":[{"name":"wp","href":"https:\/\/api.w.org\/{rel}","templated":true}]}}