{"id":12734,"date":"2013-03-20T12:00:06","date_gmt":"2013-03-20T11:00:06","guid":{"rendered":"http:\/\/blog.zeit.de\/zeit-der-leser\/?p=12734"},"modified":"2013-03-20T12:00:06","modified_gmt":"2013-03-20T11:00:06","slug":"das-ist-mein-ding-34","status":"publish","type":"post","link":"https:\/\/blog.zeit.de\/zeit-der-leser\/2013\/03\/20\/das-ist-mein-ding-34\/","title":{"rendered":"Das ist mein Ding"},"content":{"rendered":"<p><a href=\"https:\/\/blog.zeit.de\/zeit-der-leser\/2013\/03\/20\/das-ist-mein-ding-34\/s86-mein-ding-4\/\" rel=\"attachment wp-att-12742\"><img loading=\"lazy\" decoding=\"async\" class=\"alignleft size-full wp-image-12742\" alt=\"s86-mein-ding\" src=\"https:\/\/blog.zeit.de\/zeit-der-leser\/files\/2013\/03\/s86-mein-ding.jpg\" width=\"580\" height=\"601\" srcset=\"https:\/\/blog.zeit.de\/zeit-der-leser\/files\/2013\/03\/s86-mein-ding.jpg 580w, https:\/\/blog.zeit.de\/zeit-der-leser\/files\/2013\/03\/s86-mein-ding-289x300.jpg 289w\" sizes=\"auto, (max-width: 580px) 100vw, 580px\" \/><\/a><\/p>\n<p>Von meinem Gro\u00dfvater habe ich dieses Schr\u00e4nkchen geerbt. Er hatte es 1918 aus Tr\u00fcmmern angefertigt, die er nach der Schlacht von Armenti\u00e8res aufgesammelt hatte, und es als Hausapothekenschr\u00e4nkchen sehr in Ehren gehalten. \u00bbArmenti\u00e8res\u00ab steht auch \u00fcber dem Kreuz. Aus Neugier habe ich dieses Wort neulich gegoogelt. Ich wusste vorher nichts von dem uns\u00e4glichen Leid und der grauenvollen Zerst\u00f6rung, die die deutsche Armee dort angerichtet hat. Als Mennonit hatte mein Gro\u00dfvater den Dienst mit der Waffe verweigert und war im Train eingesetzt. Er war Glasermeister in Durlach, die Bleiverglasung hat ein Kamerad angefertigt, der Kunstglaser war. Mehr hat der Gro\u00dfvater nie erz\u00e4hlt. Jetzt, nachdem ich eine Vorstellung von Armenti\u00e8res bekommen habe, verstehe ich, dass das Schr\u00e4nkchen mehr ist als eine nette Antiquit\u00e4t. Es hat ihm wohl geholfen, das Grauen zu \u00fcberwinden.<\/p>\n<p><strong>Elisabeth Kludas<\/strong>, Bochum<\/p>\n","protected":false},"excerpt":{"rendered":"<p>Von meinem Gro\u00dfvater habe ich dieses Schr\u00e4nkchen geerbt. Er hatte es 1918 aus Tr\u00fcmmern angefertigt, die er nach der Schlacht von Armenti\u00e8res aufgesammelt hatte, und es als Hausapothekenschr\u00e4nkchen sehr in Ehren gehalten. \u00bbArmenti\u00e8res\u00ab steht auch \u00fcber dem Kreuz. Aus Neugier habe ich dieses Wort neulich gegoogelt. Ich wusste vorher nichts von dem uns\u00e4glichen Leid und [&hellip;]<\/p>\n","protected":false},"author":265,"featured_media":0,"comment_status":"open","ping_status":"open","sticky":false,"template":"","format":"standard","meta":{"_jetpack_memberships_contains_paid_content":false,"footnotes":""},"categories":[5689],"tags":[],"class_list":["post-12734","post","type-post","status-publish","format-standard","hentry","category-mein-ding"],"yoast_head":"<!-- This site is optimized with the Yoast SEO plugin v21.0 - https:\/\/yoast.com\/wordpress\/plugins\/seo\/ -->\n<title>Das ist mein Ding - ZEIT der Leser<\/title>\n<meta name=\"robots\" content=\"index, follow, max-snippet:-1, max-image-preview:large, max-video-preview:-1\" \/>\n<link rel=\"canonical\" href=\"https:\/\/blog.zeit.de\/zeit-der-leser\/2013\/03\/20\/das-ist-mein-ding-34\/\" \/>\n<meta property=\"og:locale\" content=\"de_DE\" \/>\n<meta property=\"og:type\" content=\"article\" \/>\n<meta property=\"og:title\" content=\"Das ist mein Ding - ZEIT der Leser\" \/>\n<meta property=\"og:description\" content=\"Von meinem Gro\u00dfvater habe ich dieses Schr\u00e4nkchen geerbt. Er hatte es 1918 aus Tr\u00fcmmern angefertigt, die er nach der Schlacht von Armenti\u00e8res aufgesammelt hatte, und es als Hausapothekenschr\u00e4nkchen sehr in Ehren gehalten. \u00bbArmenti\u00e8res\u00ab steht auch \u00fcber dem Kreuz. Aus Neugier habe ich dieses Wort neulich gegoogelt. Ich wusste vorher nichts von dem uns\u00e4glichen Leid und [&hellip;]\" \/>\n<meta property=\"og:url\" content=\"https:\/\/blog.zeit.de\/zeit-der-leser\/2013\/03\/20\/das-ist-mein-ding-34\/\" \/>\n<meta property=\"og:site_name\" content=\"ZEIT der Leser\" \/>\n<meta property=\"article:published_time\" content=\"2013-03-20T11:00:06+00:00\" \/>\n<meta property=\"og:image\" content=\"https:\/\/blog.zeit.de\/zeit-der-leser\/files\/2013\/03\/s86-mein-ding.jpg\" \/>\n<meta name=\"author\" content=\"&quot;Zeit der Leser&quot;-Redaktion\" \/>\n<meta name=\"twitter:card\" content=\"summary_large_image\" \/>\n<meta name=\"twitter:label1\" content=\"Geschrieben von\" \/>\n\t<meta name=\"twitter:data1\" content=\"\"Zeit der Leser\"-Redaktion\" \/>\n\t<meta name=\"twitter:label2\" content=\"Gesch\u00e4tzte Lesezeit\" \/>\n\t<meta name=\"twitter:data2\" content=\"1\u00a0Minute\" \/>\n<script type=\"application\/ld+json\" class=\"yoast-schema-graph\">{\"@context\":\"https:\/\/schema.org\",\"@graph\":[{\"@type\":\"WebPage\",\"@id\":\"https:\/\/blog.zeit.de\/zeit-der-leser\/2013\/03\/20\/das-ist-mein-ding-34\/\",\"url\":\"https:\/\/blog.zeit.de\/zeit-der-leser\/2013\/03\/20\/das-ist-mein-ding-34\/\",\"name\":\"Das ist mein Ding - ZEIT der Leser\",\"isPartOf\":{\"@id\":\"https:\/\/blog.zeit.de\/zeit-der-leser\/#website\"},\"datePublished\":\"2013-03-20T11:00:06+00:00\",\"dateModified\":\"2013-03-20T11:00:06+00:00\",\"author\":{\"@id\":\"https:\/\/blog.zeit.de\/zeit-der-leser\/#\/schema\/person\/583b14e5ad6368c23af846ecbde9f20f\"},\"breadcrumb\":{\"@id\":\"https:\/\/blog.zeit.de\/zeit-der-leser\/2013\/03\/20\/das-ist-mein-ding-34\/#breadcrumb\"},\"inLanguage\":\"de\",\"potentialAction\":[{\"@type\":\"ReadAction\",\"target\":[\"https:\/\/blog.zeit.de\/zeit-der-leser\/2013\/03\/20\/das-ist-mein-ding-34\/\"]}]},{\"@type\":\"BreadcrumbList\",\"@id\":\"https:\/\/blog.zeit.de\/zeit-der-leser\/2013\/03\/20\/das-ist-mein-ding-34\/#breadcrumb\",\"itemListElement\":[{\"@type\":\"ListItem\",\"position\":1,\"name\":\"Startseite\",\"item\":\"https:\/\/blog.zeit.de\/zeit-der-leser\/\"},{\"@type\":\"ListItem\",\"position\":2,\"name\":\"Das ist mein Ding\"}]},{\"@type\":\"WebSite\",\"@id\":\"https:\/\/blog.zeit.de\/zeit-der-leser\/#website\",\"url\":\"https:\/\/blog.zeit.de\/zeit-der-leser\/\",\"name\":\"ZEIT der Leser\",\"description\":\"Ein Blog mit Ihren Notizen, Gedichten und Bildern f\u00fcr die gedruckte ZEIT\",\"potentialAction\":[{\"@type\":\"SearchAction\",\"target\":{\"@type\":\"EntryPoint\",\"urlTemplate\":\"https:\/\/blog.zeit.de\/zeit-der-leser\/?s={search_term_string}\"},\"query-input\":\"required name=search_term_string\"}],\"inLanguage\":\"de\"},{\"@type\":\"Person\",\"@id\":\"https:\/\/blog.zeit.de\/zeit-der-leser\/#\/schema\/person\/583b14e5ad6368c23af846ecbde9f20f\",\"name\":\"\\\"Zeit der Leser\\\"-Redaktion\",\"image\":{\"@type\":\"ImageObject\",\"inLanguage\":\"de\",\"@id\":\"https:\/\/blog.zeit.de\/zeit-der-leser\/#\/schema\/person\/image\/\",\"url\":\"https:\/\/secure.gravatar.com\/avatar\/e801a681bd3bbf2345131a815930b48d9f8e0a94de1346b624840dc850f67ad0?s=96&d=mm&r=g\",\"contentUrl\":\"https:\/\/secure.gravatar.com\/avatar\/e801a681bd3bbf2345131a815930b48d9f8e0a94de1346b624840dc850f67ad0?s=96&d=mm&r=g\",\"caption\":\"\\\"Zeit der Leser\\\"-Redaktion\"},\"url\":\"https:\/\/blog.zeit.de\/zeit-der-leser\/author\/zeit-der-leser-redaktion\/\"}]}<\/script>\n<!-- \/ Yoast SEO plugin. -->","yoast_head_json":{"title":"Das ist mein Ding - ZEIT der Leser","robots":{"index":"index","follow":"follow","max-snippet":"max-snippet:-1","max-image-preview":"max-image-preview:large","max-video-preview":"max-video-preview:-1"},"canonical":"https:\/\/blog.zeit.de\/zeit-der-leser\/2013\/03\/20\/das-ist-mein-ding-34\/","og_locale":"de_DE","og_type":"article","og_title":"Das ist mein Ding - ZEIT der Leser","og_description":"Von meinem Gro\u00dfvater habe ich dieses Schr\u00e4nkchen geerbt. Er hatte es 1918 aus Tr\u00fcmmern angefertigt, die er nach der Schlacht von Armenti\u00e8res aufgesammelt hatte, und es als Hausapothekenschr\u00e4nkchen sehr in Ehren gehalten. \u00bbArmenti\u00e8res\u00ab steht auch \u00fcber dem Kreuz. Aus Neugier habe ich dieses Wort neulich gegoogelt. Ich wusste vorher nichts von dem uns\u00e4glichen Leid und [&hellip;]","og_url":"https:\/\/blog.zeit.de\/zeit-der-leser\/2013\/03\/20\/das-ist-mein-ding-34\/","og_site_name":"ZEIT der Leser","article_published_time":"2013-03-20T11:00:06+00:00","og_image":[{"url":"https:\/\/blog.zeit.de\/zeit-der-leser\/files\/2013\/03\/s86-mein-ding.jpg"}],"author":"\"Zeit der Leser\"-Redaktion","twitter_card":"summary_large_image","twitter_misc":{"Geschrieben von":"\"Zeit der Leser\"-Redaktion","Gesch\u00e4tzte Lesezeit":"1\u00a0Minute"},"schema":{"@context":"https:\/\/schema.org","@graph":[{"@type":"WebPage","@id":"https:\/\/blog.zeit.de\/zeit-der-leser\/2013\/03\/20\/das-ist-mein-ding-34\/","url":"https:\/\/blog.zeit.de\/zeit-der-leser\/2013\/03\/20\/das-ist-mein-ding-34\/","name":"Das ist mein Ding - ZEIT der Leser","isPartOf":{"@id":"https:\/\/blog.zeit.de\/zeit-der-leser\/#website"},"datePublished":"2013-03-20T11:00:06+00:00","dateModified":"2013-03-20T11:00:06+00:00","author":{"@id":"https:\/\/blog.zeit.de\/zeit-der-leser\/#\/schema\/person\/583b14e5ad6368c23af846ecbde9f20f"},"breadcrumb":{"@id":"https:\/\/blog.zeit.de\/zeit-der-leser\/2013\/03\/20\/das-ist-mein-ding-34\/#breadcrumb"},"inLanguage":"de","potentialAction":[{"@type":"ReadAction","target":["https:\/\/blog.zeit.de\/zeit-der-leser\/2013\/03\/20\/das-ist-mein-ding-34\/"]}]},{"@type":"BreadcrumbList","@id":"https:\/\/blog.zeit.de\/zeit-der-leser\/2013\/03\/20\/das-ist-mein-ding-34\/#breadcrumb","itemListElement":[{"@type":"ListItem","position":1,"name":"Startseite","item":"https:\/\/blog.zeit.de\/zeit-der-leser\/"},{"@type":"ListItem","position":2,"name":"Das ist mein Ding"}]},{"@type":"WebSite","@id":"https:\/\/blog.zeit.de\/zeit-der-leser\/#website","url":"https:\/\/blog.zeit.de\/zeit-der-leser\/","name":"ZEIT der Leser","description":"Ein Blog mit Ihren Notizen, Gedichten und Bildern f\u00fcr die gedruckte ZEIT","potentialAction":[{"@type":"SearchAction","target":{"@type":"EntryPoint","urlTemplate":"https:\/\/blog.zeit.de\/zeit-der-leser\/?s={search_term_string}"},"query-input":"required name=search_term_string"}],"inLanguage":"de"},{"@type":"Person","@id":"https:\/\/blog.zeit.de\/zeit-der-leser\/#\/schema\/person\/583b14e5ad6368c23af846ecbde9f20f","name":"\"Zeit der Leser\"-Redaktion","image":{"@type":"ImageObject","inLanguage":"de","@id":"https:\/\/blog.zeit.de\/zeit-der-leser\/#\/schema\/person\/image\/","url":"https:\/\/secure.gravatar.com\/avatar\/e801a681bd3bbf2345131a815930b48d9f8e0a94de1346b624840dc850f67ad0?s=96&d=mm&r=g","contentUrl":"https:\/\/secure.gravatar.com\/avatar\/e801a681bd3bbf2345131a815930b48d9f8e0a94de1346b624840dc850f67ad0?s=96&d=mm&r=g","caption":"\"Zeit der Leser\"-Redaktion"},"url":"https:\/\/blog.zeit.de\/zeit-der-leser\/author\/zeit-der-leser-redaktion\/"}]}},"jetpack_featured_media_url":"","jetpack_sharing_enabled":true,"_links":{"self":[{"href":"https:\/\/blog.zeit.de\/zeit-der-leser\/wp-json\/wp\/v2\/posts\/12734","targetHints":{"allow":["GET"]}}],"collection":[{"href":"https:\/\/blog.zeit.de\/zeit-der-leser\/wp-json\/wp\/v2\/posts"}],"about":[{"href":"https:\/\/blog.zeit.de\/zeit-der-leser\/wp-json\/wp\/v2\/types\/post"}],"author":[{"embeddable":true,"href":"https:\/\/blog.zeit.de\/zeit-der-leser\/wp-json\/wp\/v2\/users\/265"}],"replies":[{"embeddable":true,"href":"https:\/\/blog.zeit.de\/zeit-der-leser\/wp-json\/wp\/v2\/comments?post=12734"}],"version-history":[{"count":4,"href":"https:\/\/blog.zeit.de\/zeit-der-leser\/wp-json\/wp\/v2\/posts\/12734\/revisions"}],"predecessor-version":[{"id":12799,"href":"https:\/\/blog.zeit.de\/zeit-der-leser\/wp-json\/wp\/v2\/posts\/12734\/revisions\/12799"}],"wp:attachment":[{"href":"https:\/\/blog.zeit.de\/zeit-der-leser\/wp-json\/wp\/v2\/media?parent=12734"}],"wp:term":[{"taxonomy":"category","embeddable":true,"href":"https:\/\/blog.zeit.de\/zeit-der-leser\/wp-json\/wp\/v2\/categories?post=12734"},{"taxonomy":"post_tag","embeddable":true,"href":"https:\/\/blog.zeit.de\/zeit-der-leser\/wp-json\/wp\/v2\/tags?post=12734"}],"curies":[{"name":"wp","href":"https:\/\/api.w.org\/{rel}","templated":true}]}}