{"id":12773,"date":"2013-03-24T12:00:11","date_gmt":"2013-03-24T11:00:11","guid":{"rendered":"http:\/\/blog.zeit.de\/zeit-der-leser\/?p=12773"},"modified":"2013-03-24T12:00:23","modified_gmt":"2013-03-24T11:00:23","slug":"zeitsprung-wandern-in-sudtirol","status":"publish","type":"post","link":"https:\/\/blog.zeit.de\/zeit-der-leser\/2013\/03\/24\/zeitsprung-wandern-in-sudtirol\/","title":{"rendered":"Zeitsprung: Wandern in S\u00fcdtirol"},"content":{"rendered":"<p><a href=\"https:\/\/blog.zeit.de\/zeit-der-leser\/?attachment_id=12775\" rel=\"attachment wp-att-12775\"><img loading=\"lazy\" decoding=\"async\" class=\"alignleft size-full wp-image-12775\" alt=\"s86-zeitsprung-2012\" src=\"https:\/\/blog.zeit.de\/zeit-der-leser\/files\/2013\/03\/s86-zeitsprung-2012.jpg\" width=\"580\" height=\"750\" srcset=\"https:\/\/blog.zeit.de\/zeit-der-leser\/files\/2013\/03\/s86-zeitsprung-2012.jpg 580w, https:\/\/blog.zeit.de\/zeit-der-leser\/files\/2013\/03\/s86-zeitsprung-2012-232x300.jpg 232w\" sizes=\"auto, (max-width: 580px) 100vw, 580px\" \/><\/a><img loading=\"lazy\" decoding=\"async\" class=\"alignleft size-full wp-image-12774\" alt=\"s86-zeitsprung-1988\" src=\"https:\/\/blog.zeit.de\/zeit-der-leser\/files\/2013\/03\/s86-zeitsprung-1988.jpg\" width=\"580\" height=\"750\" srcset=\"https:\/\/blog.zeit.de\/zeit-der-leser\/files\/2013\/03\/s86-zeitsprung-1988.jpg 580w, https:\/\/blog.zeit.de\/zeit-der-leser\/files\/2013\/03\/s86-zeitsprung-1988-232x300.jpg 232w\" sizes=\"auto, (max-width: 580px) 100vw, 580px\" \/><\/p>\n<p>Wohl 20-mal verbrachten wir als Kinder und Jugendliche einige Urlaubstage auf einem Bergbauernhof in S\u00fcdtirol, oft gemeinsam mit Tante, Onkel und Cousinen. Viele gemeinsame Abenteuer haben uns f\u00fcnf Cousinen und Cousins (im unteren Bild als Kinder zu sehen) zu einem eingeschworenen Team gemacht. Schon lange tr\u00e4umten wir von einem \u00bbRevival\u00ab \u2013 und reisten schlie\u00dflich mit zw\u00f6lf Personen aus f\u00fcnf St\u00e4dten an, im Gep\u00e4ck auch die Videos und Fotos von damals. Der alte Bauernhof wird zwar nicht mehr betrieben, die M\u00fchle von Spiluck aber steht noch und bildet wie eh und je Wanderziel und Fotomotiv. Die selbst geschnitzten Wanderst\u00f6cke sind durch Hightech ersetzt, die Kinder sind gewachsen, und die Wanderrouten erscheinen k\u00fcrzer als fr\u00fcher. Die Familie aber bleibt die gleiche, immer noch harmonisch, erweitert um zwei Ehem\u00e4nner und die n\u00e4chste Generation.<\/p>\n<p><strong>Elisabeth Thiede-Kumher<\/strong>, W\u00fcrzburg<\/p>\n","protected":false},"excerpt":{"rendered":"<p>Wohl 20-mal verbrachten wir als Kinder und Jugendliche einige Urlaubstage auf einem Bergbauernhof in S\u00fcdtirol, oft gemeinsam mit Tante, Onkel und Cousinen. Viele gemeinsame Abenteuer haben uns f\u00fcnf Cousinen und Cousins (im unteren Bild als Kinder zu sehen) zu einem eingeschworenen Team gemacht. Schon lange tr\u00e4umten wir von einem \u00bbRevival\u00ab \u2013 und reisten schlie\u00dflich mit [&hellip;]<\/p>\n","protected":false},"author":265,"featured_media":0,"comment_status":"open","ping_status":"open","sticky":false,"template":"","format":"standard","meta":{"_jetpack_memberships_contains_paid_content":false,"footnotes":""},"categories":[1878],"tags":[],"class_list":["post-12773","post","type-post","status-publish","format-standard","hentry","category-zeitsprung"],"yoast_head":"<!-- This site is optimized with the Yoast SEO plugin v21.0 - https:\/\/yoast.com\/wordpress\/plugins\/seo\/ -->\n<title>Zeitsprung: Wandern in S\u00fcdtirol - ZEIT der Leser<\/title>\n<meta name=\"robots\" content=\"index, follow, max-snippet:-1, max-image-preview:large, max-video-preview:-1\" \/>\n<link rel=\"canonical\" href=\"https:\/\/blog.zeit.de\/zeit-der-leser\/2013\/03\/24\/zeitsprung-wandern-in-sudtirol\/\" \/>\n<meta property=\"og:locale\" content=\"de_DE\" \/>\n<meta property=\"og:type\" content=\"article\" \/>\n<meta property=\"og:title\" content=\"Zeitsprung: Wandern in S\u00fcdtirol - ZEIT der Leser\" \/>\n<meta property=\"og:description\" content=\"Wohl 20-mal verbrachten wir als Kinder und Jugendliche einige Urlaubstage auf einem Bergbauernhof in S\u00fcdtirol, oft gemeinsam mit Tante, Onkel und Cousinen. Viele gemeinsame Abenteuer haben uns f\u00fcnf Cousinen und Cousins (im unteren Bild als Kinder zu sehen) zu einem eingeschworenen Team gemacht. Schon lange tr\u00e4umten wir von einem \u00bbRevival\u00ab \u2013 und reisten schlie\u00dflich mit [&hellip;]\" \/>\n<meta property=\"og:url\" content=\"https:\/\/blog.zeit.de\/zeit-der-leser\/2013\/03\/24\/zeitsprung-wandern-in-sudtirol\/\" \/>\n<meta property=\"og:site_name\" content=\"ZEIT der Leser\" \/>\n<meta property=\"article:published_time\" content=\"2013-03-24T11:00:11+00:00\" \/>\n<meta property=\"article:modified_time\" content=\"2013-03-24T11:00:23+00:00\" \/>\n<meta property=\"og:image\" content=\"https:\/\/blog.zeit.de\/zeit-der-leser\/files\/2013\/03\/s86-zeitsprung-2012.jpg\" \/>\n<meta name=\"author\" content=\"&quot;Zeit der Leser&quot;-Redaktion\" \/>\n<meta name=\"twitter:card\" content=\"summary_large_image\" \/>\n<meta name=\"twitter:label1\" content=\"Geschrieben von\" \/>\n\t<meta name=\"twitter:data1\" content=\"\"Zeit der Leser\"-Redaktion\" \/>\n\t<meta name=\"twitter:label2\" content=\"Gesch\u00e4tzte Lesezeit\" \/>\n\t<meta name=\"twitter:data2\" content=\"1\u00a0Minute\" \/>\n<script type=\"application\/ld+json\" class=\"yoast-schema-graph\">{\"@context\":\"https:\/\/schema.org\",\"@graph\":[{\"@type\":\"WebPage\",\"@id\":\"https:\/\/blog.zeit.de\/zeit-der-leser\/2013\/03\/24\/zeitsprung-wandern-in-sudtirol\/\",\"url\":\"https:\/\/blog.zeit.de\/zeit-der-leser\/2013\/03\/24\/zeitsprung-wandern-in-sudtirol\/\",\"name\":\"Zeitsprung: Wandern in S\u00fcdtirol - ZEIT der Leser\",\"isPartOf\":{\"@id\":\"https:\/\/blog.zeit.de\/zeit-der-leser\/#website\"},\"datePublished\":\"2013-03-24T11:00:11+00:00\",\"dateModified\":\"2013-03-24T11:00:23+00:00\",\"author\":{\"@id\":\"https:\/\/blog.zeit.de\/zeit-der-leser\/#\/schema\/person\/583b14e5ad6368c23af846ecbde9f20f\"},\"breadcrumb\":{\"@id\":\"https:\/\/blog.zeit.de\/zeit-der-leser\/2013\/03\/24\/zeitsprung-wandern-in-sudtirol\/#breadcrumb\"},\"inLanguage\":\"de\",\"potentialAction\":[{\"@type\":\"ReadAction\",\"target\":[\"https:\/\/blog.zeit.de\/zeit-der-leser\/2013\/03\/24\/zeitsprung-wandern-in-sudtirol\/\"]}]},{\"@type\":\"BreadcrumbList\",\"@id\":\"https:\/\/blog.zeit.de\/zeit-der-leser\/2013\/03\/24\/zeitsprung-wandern-in-sudtirol\/#breadcrumb\",\"itemListElement\":[{\"@type\":\"ListItem\",\"position\":1,\"name\":\"Startseite\",\"item\":\"https:\/\/blog.zeit.de\/zeit-der-leser\/\"},{\"@type\":\"ListItem\",\"position\":2,\"name\":\"Zeitsprung: Wandern in S\u00fcdtirol\"}]},{\"@type\":\"WebSite\",\"@id\":\"https:\/\/blog.zeit.de\/zeit-der-leser\/#website\",\"url\":\"https:\/\/blog.zeit.de\/zeit-der-leser\/\",\"name\":\"ZEIT der Leser\",\"description\":\"Ein Blog mit Ihren Notizen, Gedichten und Bildern f\u00fcr die gedruckte ZEIT\",\"potentialAction\":[{\"@type\":\"SearchAction\",\"target\":{\"@type\":\"EntryPoint\",\"urlTemplate\":\"https:\/\/blog.zeit.de\/zeit-der-leser\/?s={search_term_string}\"},\"query-input\":\"required name=search_term_string\"}],\"inLanguage\":\"de\"},{\"@type\":\"Person\",\"@id\":\"https:\/\/blog.zeit.de\/zeit-der-leser\/#\/schema\/person\/583b14e5ad6368c23af846ecbde9f20f\",\"name\":\"\\\"Zeit der Leser\\\"-Redaktion\",\"image\":{\"@type\":\"ImageObject\",\"inLanguage\":\"de\",\"@id\":\"https:\/\/blog.zeit.de\/zeit-der-leser\/#\/schema\/person\/image\/\",\"url\":\"https:\/\/secure.gravatar.com\/avatar\/e801a681bd3bbf2345131a815930b48d9f8e0a94de1346b624840dc850f67ad0?s=96&d=mm&r=g\",\"contentUrl\":\"https:\/\/secure.gravatar.com\/avatar\/e801a681bd3bbf2345131a815930b48d9f8e0a94de1346b624840dc850f67ad0?s=96&d=mm&r=g\",\"caption\":\"\\\"Zeit der Leser\\\"-Redaktion\"},\"url\":\"https:\/\/blog.zeit.de\/zeit-der-leser\/author\/zeit-der-leser-redaktion\/\"}]}<\/script>\n<!-- \/ Yoast SEO plugin. -->","yoast_head_json":{"title":"Zeitsprung: Wandern in S\u00fcdtirol - ZEIT der Leser","robots":{"index":"index","follow":"follow","max-snippet":"max-snippet:-1","max-image-preview":"max-image-preview:large","max-video-preview":"max-video-preview:-1"},"canonical":"https:\/\/blog.zeit.de\/zeit-der-leser\/2013\/03\/24\/zeitsprung-wandern-in-sudtirol\/","og_locale":"de_DE","og_type":"article","og_title":"Zeitsprung: Wandern in S\u00fcdtirol - ZEIT der Leser","og_description":"Wohl 20-mal verbrachten wir als Kinder und Jugendliche einige Urlaubstage auf einem Bergbauernhof in S\u00fcdtirol, oft gemeinsam mit Tante, Onkel und Cousinen. Viele gemeinsame Abenteuer haben uns f\u00fcnf Cousinen und Cousins (im unteren Bild als Kinder zu sehen) zu einem eingeschworenen Team gemacht. Schon lange tr\u00e4umten wir von einem \u00bbRevival\u00ab \u2013 und reisten schlie\u00dflich mit [&hellip;]","og_url":"https:\/\/blog.zeit.de\/zeit-der-leser\/2013\/03\/24\/zeitsprung-wandern-in-sudtirol\/","og_site_name":"ZEIT der Leser","article_published_time":"2013-03-24T11:00:11+00:00","article_modified_time":"2013-03-24T11:00:23+00:00","og_image":[{"url":"https:\/\/blog.zeit.de\/zeit-der-leser\/files\/2013\/03\/s86-zeitsprung-2012.jpg"}],"author":"\"Zeit der Leser\"-Redaktion","twitter_card":"summary_large_image","twitter_misc":{"Geschrieben von":"\"Zeit der Leser\"-Redaktion","Gesch\u00e4tzte Lesezeit":"1\u00a0Minute"},"schema":{"@context":"https:\/\/schema.org","@graph":[{"@type":"WebPage","@id":"https:\/\/blog.zeit.de\/zeit-der-leser\/2013\/03\/24\/zeitsprung-wandern-in-sudtirol\/","url":"https:\/\/blog.zeit.de\/zeit-der-leser\/2013\/03\/24\/zeitsprung-wandern-in-sudtirol\/","name":"Zeitsprung: Wandern in S\u00fcdtirol - ZEIT der Leser","isPartOf":{"@id":"https:\/\/blog.zeit.de\/zeit-der-leser\/#website"},"datePublished":"2013-03-24T11:00:11+00:00","dateModified":"2013-03-24T11:00:23+00:00","author":{"@id":"https:\/\/blog.zeit.de\/zeit-der-leser\/#\/schema\/person\/583b14e5ad6368c23af846ecbde9f20f"},"breadcrumb":{"@id":"https:\/\/blog.zeit.de\/zeit-der-leser\/2013\/03\/24\/zeitsprung-wandern-in-sudtirol\/#breadcrumb"},"inLanguage":"de","potentialAction":[{"@type":"ReadAction","target":["https:\/\/blog.zeit.de\/zeit-der-leser\/2013\/03\/24\/zeitsprung-wandern-in-sudtirol\/"]}]},{"@type":"BreadcrumbList","@id":"https:\/\/blog.zeit.de\/zeit-der-leser\/2013\/03\/24\/zeitsprung-wandern-in-sudtirol\/#breadcrumb","itemListElement":[{"@type":"ListItem","position":1,"name":"Startseite","item":"https:\/\/blog.zeit.de\/zeit-der-leser\/"},{"@type":"ListItem","position":2,"name":"Zeitsprung: Wandern in S\u00fcdtirol"}]},{"@type":"WebSite","@id":"https:\/\/blog.zeit.de\/zeit-der-leser\/#website","url":"https:\/\/blog.zeit.de\/zeit-der-leser\/","name":"ZEIT der Leser","description":"Ein Blog mit Ihren Notizen, Gedichten und Bildern f\u00fcr die gedruckte ZEIT","potentialAction":[{"@type":"SearchAction","target":{"@type":"EntryPoint","urlTemplate":"https:\/\/blog.zeit.de\/zeit-der-leser\/?s={search_term_string}"},"query-input":"required name=search_term_string"}],"inLanguage":"de"},{"@type":"Person","@id":"https:\/\/blog.zeit.de\/zeit-der-leser\/#\/schema\/person\/583b14e5ad6368c23af846ecbde9f20f","name":"\"Zeit der Leser\"-Redaktion","image":{"@type":"ImageObject","inLanguage":"de","@id":"https:\/\/blog.zeit.de\/zeit-der-leser\/#\/schema\/person\/image\/","url":"https:\/\/secure.gravatar.com\/avatar\/e801a681bd3bbf2345131a815930b48d9f8e0a94de1346b624840dc850f67ad0?s=96&d=mm&r=g","contentUrl":"https:\/\/secure.gravatar.com\/avatar\/e801a681bd3bbf2345131a815930b48d9f8e0a94de1346b624840dc850f67ad0?s=96&d=mm&r=g","caption":"\"Zeit der Leser\"-Redaktion"},"url":"https:\/\/blog.zeit.de\/zeit-der-leser\/author\/zeit-der-leser-redaktion\/"}]}},"jetpack_featured_media_url":"","jetpack_sharing_enabled":true,"_links":{"self":[{"href":"https:\/\/blog.zeit.de\/zeit-der-leser\/wp-json\/wp\/v2\/posts\/12773","targetHints":{"allow":["GET"]}}],"collection":[{"href":"https:\/\/blog.zeit.de\/zeit-der-leser\/wp-json\/wp\/v2\/posts"}],"about":[{"href":"https:\/\/blog.zeit.de\/zeit-der-leser\/wp-json\/wp\/v2\/types\/post"}],"author":[{"embeddable":true,"href":"https:\/\/blog.zeit.de\/zeit-der-leser\/wp-json\/wp\/v2\/users\/265"}],"replies":[{"embeddable":true,"href":"https:\/\/blog.zeit.de\/zeit-der-leser\/wp-json\/wp\/v2\/comments?post=12773"}],"version-history":[{"count":4,"href":"https:\/\/blog.zeit.de\/zeit-der-leser\/wp-json\/wp\/v2\/posts\/12773\/revisions"}],"predecessor-version":[{"id":12778,"href":"https:\/\/blog.zeit.de\/zeit-der-leser\/wp-json\/wp\/v2\/posts\/12773\/revisions\/12778"}],"wp:attachment":[{"href":"https:\/\/blog.zeit.de\/zeit-der-leser\/wp-json\/wp\/v2\/media?parent=12773"}],"wp:term":[{"taxonomy":"category","embeddable":true,"href":"https:\/\/blog.zeit.de\/zeit-der-leser\/wp-json\/wp\/v2\/categories?post=12773"},{"taxonomy":"post_tag","embeddable":true,"href":"https:\/\/blog.zeit.de\/zeit-der-leser\/wp-json\/wp\/v2\/tags?post=12773"}],"curies":[{"name":"wp","href":"https:\/\/api.w.org\/{rel}","templated":true}]}}