{"id":12814,"date":"2013-03-28T11:16:08","date_gmt":"2013-03-28T10:16:08","guid":{"rendered":"http:\/\/blog.zeit.de\/zeit-der-leser\/?p=12814"},"modified":"2015-02-20T14:51:58","modified_gmt":"2015-02-20T13:51:58","slug":"mein-wort-schatz-fersengeld","status":"publish","type":"post","link":"https:\/\/blog.zeit.de\/zeit-der-leser\/2013\/03\/28\/mein-wort-schatz-fersengeld\/","title":{"rendered":"Fersengeld: Mein Wort-Schatz"},"content":{"rendered":"<p>Meine kleine Tochter liest in einem Kinderbuch, runzelt die Stirn, bl\u00e4ttert zur\u00fcck und fragt schlie\u00dflich skeptisch: \u00bbMami, k\u00f6nnen Jungen ihren Fersen Geld geben?\u00ab Ich muss l\u00e4cheln, das Wort <strong>Fersengeld<\/strong> habe ich schon ewig nicht mehr geh\u00f6rt. Durch meinen Kopf wirbeln fast 40 Jahre alte Bilder. Ich erinnere mich, was meine Schulfreundin Gaby und ich \u2013 damals etwa so alt wie meine Tochter heute \u2013 so alles anstellten und wie oft wir vor Strafe oder Vergeltung fl\u00fcchteten: Fersengeld gaben. Nur einmal klappte es nicht. Da stand bald darauf ein Polizist in der Wohnungst\u00fcr. Er suchte die Kinder, die Mehlmatschbomben auf arglose Passanten geworfen hatten. Ich erkl\u00e4re meiner Tochter die Bedeutung des Wortes <em>Fersengeld<\/em>. Nur \u00fcber Beispiele schweige ich lieber.<\/p>\n<p><strong>Anke Berlett<\/strong>, Neuss<\/p>\n","protected":false},"excerpt":{"rendered":"<p>Meine kleine Tochter liest in einem Kinderbuch, runzelt die Stirn, bl\u00e4ttert zur\u00fcck und fragt schlie\u00dflich skeptisch: \u00bbMami, k\u00f6nnen Jungen ihren Fersen Geld geben?\u00ab Ich muss l\u00e4cheln, das Wort Fersengeld habe ich schon ewig nicht mehr geh\u00f6rt. Durch meinen Kopf wirbeln fast 40 Jahre alte Bilder. Ich erinnere mich, was meine Schulfreundin Gaby und ich \u2013 [&hellip;]<\/p>\n","protected":false},"author":265,"featured_media":0,"comment_status":"open","ping_status":"open","sticky":false,"template":"","format":"standard","meta":{"_jetpack_memberships_contains_paid_content":false,"footnotes":""},"categories":[5687],"tags":[],"class_list":["post-12814","post","type-post","status-publish","format-standard","hentry","category-mein-wort-schatz"],"yoast_head":"<!-- This site is optimized with the Yoast SEO plugin v21.0 - https:\/\/yoast.com\/wordpress\/plugins\/seo\/ -->\n<title>Fersengeld: Mein Wort-Schatz - ZEIT der Leser<\/title>\n<meta name=\"robots\" content=\"index, follow, max-snippet:-1, max-image-preview:large, max-video-preview:-1\" \/>\n<link rel=\"canonical\" href=\"https:\/\/blog.zeit.de\/zeit-der-leser\/2013\/03\/28\/mein-wort-schatz-fersengeld\/\" \/>\n<meta property=\"og:locale\" content=\"de_DE\" \/>\n<meta property=\"og:type\" content=\"article\" \/>\n<meta property=\"og:title\" content=\"Fersengeld: Mein Wort-Schatz - ZEIT der Leser\" \/>\n<meta property=\"og:description\" content=\"Meine kleine Tochter liest in einem Kinderbuch, runzelt die Stirn, bl\u00e4ttert zur\u00fcck und fragt schlie\u00dflich skeptisch: \u00bbMami, k\u00f6nnen Jungen ihren Fersen Geld geben?\u00ab Ich muss l\u00e4cheln, das Wort Fersengeld habe ich schon ewig nicht mehr geh\u00f6rt. Durch meinen Kopf wirbeln fast 40 Jahre alte Bilder. Ich erinnere mich, was meine Schulfreundin Gaby und ich \u2013 [&hellip;]\" \/>\n<meta property=\"og:url\" content=\"https:\/\/blog.zeit.de\/zeit-der-leser\/2013\/03\/28\/mein-wort-schatz-fersengeld\/\" \/>\n<meta property=\"og:site_name\" content=\"ZEIT der Leser\" \/>\n<meta property=\"article:published_time\" content=\"2013-03-28T10:16:08+00:00\" \/>\n<meta property=\"article:modified_time\" content=\"2015-02-20T13:51:58+00:00\" \/>\n<meta name=\"author\" content=\"&quot;Zeit der Leser&quot;-Redaktion\" \/>\n<meta name=\"twitter:card\" content=\"summary_large_image\" \/>\n<meta name=\"twitter:label1\" content=\"Geschrieben von\" \/>\n\t<meta name=\"twitter:data1\" content=\"\"Zeit der Leser\"-Redaktion\" \/>\n\t<meta name=\"twitter:label2\" content=\"Gesch\u00e4tzte Lesezeit\" \/>\n\t<meta name=\"twitter:data2\" content=\"1\u00a0Minute\" \/>\n<script type=\"application\/ld+json\" class=\"yoast-schema-graph\">{\"@context\":\"https:\/\/schema.org\",\"@graph\":[{\"@type\":\"WebPage\",\"@id\":\"https:\/\/blog.zeit.de\/zeit-der-leser\/2013\/03\/28\/mein-wort-schatz-fersengeld\/\",\"url\":\"https:\/\/blog.zeit.de\/zeit-der-leser\/2013\/03\/28\/mein-wort-schatz-fersengeld\/\",\"name\":\"Fersengeld: Mein Wort-Schatz - ZEIT der Leser\",\"isPartOf\":{\"@id\":\"https:\/\/blog.zeit.de\/zeit-der-leser\/#website\"},\"datePublished\":\"2013-03-28T10:16:08+00:00\",\"dateModified\":\"2015-02-20T13:51:58+00:00\",\"author\":{\"@id\":\"https:\/\/blog.zeit.de\/zeit-der-leser\/#\/schema\/person\/583b14e5ad6368c23af846ecbde9f20f\"},\"breadcrumb\":{\"@id\":\"https:\/\/blog.zeit.de\/zeit-der-leser\/2013\/03\/28\/mein-wort-schatz-fersengeld\/#breadcrumb\"},\"inLanguage\":\"de\",\"potentialAction\":[{\"@type\":\"ReadAction\",\"target\":[\"https:\/\/blog.zeit.de\/zeit-der-leser\/2013\/03\/28\/mein-wort-schatz-fersengeld\/\"]}]},{\"@type\":\"BreadcrumbList\",\"@id\":\"https:\/\/blog.zeit.de\/zeit-der-leser\/2013\/03\/28\/mein-wort-schatz-fersengeld\/#breadcrumb\",\"itemListElement\":[{\"@type\":\"ListItem\",\"position\":1,\"name\":\"Startseite\",\"item\":\"https:\/\/blog.zeit.de\/zeit-der-leser\/\"},{\"@type\":\"ListItem\",\"position\":2,\"name\":\"Fersengeld: Mein Wort-Schatz\"}]},{\"@type\":\"WebSite\",\"@id\":\"https:\/\/blog.zeit.de\/zeit-der-leser\/#website\",\"url\":\"https:\/\/blog.zeit.de\/zeit-der-leser\/\",\"name\":\"ZEIT der Leser\",\"description\":\"Ein Blog mit Ihren Notizen, Gedichten und Bildern f\u00fcr die gedruckte ZEIT\",\"potentialAction\":[{\"@type\":\"SearchAction\",\"target\":{\"@type\":\"EntryPoint\",\"urlTemplate\":\"https:\/\/blog.zeit.de\/zeit-der-leser\/?s={search_term_string}\"},\"query-input\":\"required name=search_term_string\"}],\"inLanguage\":\"de\"},{\"@type\":\"Person\",\"@id\":\"https:\/\/blog.zeit.de\/zeit-der-leser\/#\/schema\/person\/583b14e5ad6368c23af846ecbde9f20f\",\"name\":\"\\\"Zeit der Leser\\\"-Redaktion\",\"image\":{\"@type\":\"ImageObject\",\"inLanguage\":\"de\",\"@id\":\"https:\/\/blog.zeit.de\/zeit-der-leser\/#\/schema\/person\/image\/\",\"url\":\"https:\/\/secure.gravatar.com\/avatar\/e801a681bd3bbf2345131a815930b48d9f8e0a94de1346b624840dc850f67ad0?s=96&d=mm&r=g\",\"contentUrl\":\"https:\/\/secure.gravatar.com\/avatar\/e801a681bd3bbf2345131a815930b48d9f8e0a94de1346b624840dc850f67ad0?s=96&d=mm&r=g\",\"caption\":\"\\\"Zeit der Leser\\\"-Redaktion\"},\"url\":\"https:\/\/blog.zeit.de\/zeit-der-leser\/author\/zeit-der-leser-redaktion\/\"}]}<\/script>\n<!-- \/ Yoast SEO plugin. -->","yoast_head_json":{"title":"Fersengeld: Mein Wort-Schatz - ZEIT der Leser","robots":{"index":"index","follow":"follow","max-snippet":"max-snippet:-1","max-image-preview":"max-image-preview:large","max-video-preview":"max-video-preview:-1"},"canonical":"https:\/\/blog.zeit.de\/zeit-der-leser\/2013\/03\/28\/mein-wort-schatz-fersengeld\/","og_locale":"de_DE","og_type":"article","og_title":"Fersengeld: Mein Wort-Schatz - ZEIT der Leser","og_description":"Meine kleine Tochter liest in einem Kinderbuch, runzelt die Stirn, bl\u00e4ttert zur\u00fcck und fragt schlie\u00dflich skeptisch: \u00bbMami, k\u00f6nnen Jungen ihren Fersen Geld geben?\u00ab Ich muss l\u00e4cheln, das Wort Fersengeld habe ich schon ewig nicht mehr geh\u00f6rt. Durch meinen Kopf wirbeln fast 40 Jahre alte Bilder. Ich erinnere mich, was meine Schulfreundin Gaby und ich \u2013 [&hellip;]","og_url":"https:\/\/blog.zeit.de\/zeit-der-leser\/2013\/03\/28\/mein-wort-schatz-fersengeld\/","og_site_name":"ZEIT der Leser","article_published_time":"2013-03-28T10:16:08+00:00","article_modified_time":"2015-02-20T13:51:58+00:00","author":"\"Zeit der Leser\"-Redaktion","twitter_card":"summary_large_image","twitter_misc":{"Geschrieben von":"\"Zeit der Leser\"-Redaktion","Gesch\u00e4tzte Lesezeit":"1\u00a0Minute"},"schema":{"@context":"https:\/\/schema.org","@graph":[{"@type":"WebPage","@id":"https:\/\/blog.zeit.de\/zeit-der-leser\/2013\/03\/28\/mein-wort-schatz-fersengeld\/","url":"https:\/\/blog.zeit.de\/zeit-der-leser\/2013\/03\/28\/mein-wort-schatz-fersengeld\/","name":"Fersengeld: Mein Wort-Schatz - ZEIT der Leser","isPartOf":{"@id":"https:\/\/blog.zeit.de\/zeit-der-leser\/#website"},"datePublished":"2013-03-28T10:16:08+00:00","dateModified":"2015-02-20T13:51:58+00:00","author":{"@id":"https:\/\/blog.zeit.de\/zeit-der-leser\/#\/schema\/person\/583b14e5ad6368c23af846ecbde9f20f"},"breadcrumb":{"@id":"https:\/\/blog.zeit.de\/zeit-der-leser\/2013\/03\/28\/mein-wort-schatz-fersengeld\/#breadcrumb"},"inLanguage":"de","potentialAction":[{"@type":"ReadAction","target":["https:\/\/blog.zeit.de\/zeit-der-leser\/2013\/03\/28\/mein-wort-schatz-fersengeld\/"]}]},{"@type":"BreadcrumbList","@id":"https:\/\/blog.zeit.de\/zeit-der-leser\/2013\/03\/28\/mein-wort-schatz-fersengeld\/#breadcrumb","itemListElement":[{"@type":"ListItem","position":1,"name":"Startseite","item":"https:\/\/blog.zeit.de\/zeit-der-leser\/"},{"@type":"ListItem","position":2,"name":"Fersengeld: Mein Wort-Schatz"}]},{"@type":"WebSite","@id":"https:\/\/blog.zeit.de\/zeit-der-leser\/#website","url":"https:\/\/blog.zeit.de\/zeit-der-leser\/","name":"ZEIT der Leser","description":"Ein Blog mit Ihren Notizen, Gedichten und Bildern f\u00fcr die gedruckte ZEIT","potentialAction":[{"@type":"SearchAction","target":{"@type":"EntryPoint","urlTemplate":"https:\/\/blog.zeit.de\/zeit-der-leser\/?s={search_term_string}"},"query-input":"required name=search_term_string"}],"inLanguage":"de"},{"@type":"Person","@id":"https:\/\/blog.zeit.de\/zeit-der-leser\/#\/schema\/person\/583b14e5ad6368c23af846ecbde9f20f","name":"\"Zeit der Leser\"-Redaktion","image":{"@type":"ImageObject","inLanguage":"de","@id":"https:\/\/blog.zeit.de\/zeit-der-leser\/#\/schema\/person\/image\/","url":"https:\/\/secure.gravatar.com\/avatar\/e801a681bd3bbf2345131a815930b48d9f8e0a94de1346b624840dc850f67ad0?s=96&d=mm&r=g","contentUrl":"https:\/\/secure.gravatar.com\/avatar\/e801a681bd3bbf2345131a815930b48d9f8e0a94de1346b624840dc850f67ad0?s=96&d=mm&r=g","caption":"\"Zeit der Leser\"-Redaktion"},"url":"https:\/\/blog.zeit.de\/zeit-der-leser\/author\/zeit-der-leser-redaktion\/"}]}},"jetpack_featured_media_url":"","jetpack_sharing_enabled":true,"_links":{"self":[{"href":"https:\/\/blog.zeit.de\/zeit-der-leser\/wp-json\/wp\/v2\/posts\/12814","targetHints":{"allow":["GET"]}}],"collection":[{"href":"https:\/\/blog.zeit.de\/zeit-der-leser\/wp-json\/wp\/v2\/posts"}],"about":[{"href":"https:\/\/blog.zeit.de\/zeit-der-leser\/wp-json\/wp\/v2\/types\/post"}],"author":[{"embeddable":true,"href":"https:\/\/blog.zeit.de\/zeit-der-leser\/wp-json\/wp\/v2\/users\/265"}],"replies":[{"embeddable":true,"href":"https:\/\/blog.zeit.de\/zeit-der-leser\/wp-json\/wp\/v2\/comments?post=12814"}],"version-history":[{"count":4,"href":"https:\/\/blog.zeit.de\/zeit-der-leser\/wp-json\/wp\/v2\/posts\/12814\/revisions"}],"predecessor-version":[{"id":17499,"href":"https:\/\/blog.zeit.de\/zeit-der-leser\/wp-json\/wp\/v2\/posts\/12814\/revisions\/17499"}],"wp:attachment":[{"href":"https:\/\/blog.zeit.de\/zeit-der-leser\/wp-json\/wp\/v2\/media?parent=12814"}],"wp:term":[{"taxonomy":"category","embeddable":true,"href":"https:\/\/blog.zeit.de\/zeit-der-leser\/wp-json\/wp\/v2\/categories?post=12814"},{"taxonomy":"post_tag","embeddable":true,"href":"https:\/\/blog.zeit.de\/zeit-der-leser\/wp-json\/wp\/v2\/tags?post=12814"}],"curies":[{"name":"wp","href":"https:\/\/api.w.org\/{rel}","templated":true}]}}