{"id":12831,"date":"2013-03-28T11:16:08","date_gmt":"2013-03-28T10:16:08","guid":{"rendered":"http:\/\/blog.zeit.de\/zeit-der-leser\/?p=12831"},"modified":"2013-03-28T11:20:20","modified_gmt":"2013-03-28T10:20:20","slug":"zeitsprung-aus-muhsal-wird-malerei","status":"publish","type":"post","link":"https:\/\/blog.zeit.de\/zeit-der-leser\/2013\/03\/28\/zeitsprung-aus-muhsal-wird-malerei\/","title":{"rendered":"Zeitsprung: Aus M\u00fchsal wird Malerei"},"content":{"rendered":"<p><a href=\"https:\/\/blog.zeit.de\/zeit-der-leser\/2013\/03\/28\/zeitsprung-aus-muhsal-wird-malerei\/s88-zeitsprung-1-8\/\" rel=\"attachment wp-att-12833\"><img loading=\"lazy\" decoding=\"async\" src=\"https:\/\/blog.zeit.de\/zeit-der-leser\/files\/2013\/03\/s88-zeitsprung-1.jpg\" alt=\"s88-zeitsprung-1\" width=\"580\" height=\"430\" class=\"alignnone size-full wp-image-12833\" srcset=\"https:\/\/blog.zeit.de\/zeit-der-leser\/files\/2013\/03\/s88-zeitsprung-1.jpg 580w, https:\/\/blog.zeit.de\/zeit-der-leser\/files\/2013\/03\/s88-zeitsprung-1-300x222.jpg 300w\" sizes=\"auto, (max-width: 580px) 100vw, 580px\" \/><\/a><\/p>\n<p><a href=\"https:\/\/blog.zeit.de\/zeit-der-leser\/2013\/03\/28\/zeitsprung-aus-muhsal-wird-malerei\/s88-zeitsprung-2-8\/\" rel=\"attachment wp-att-12834\"><img loading=\"lazy\" decoding=\"async\" src=\"https:\/\/blog.zeit.de\/zeit-der-leser\/files\/2013\/03\/s88-zeitsprung-2.jpg\" alt=\"s88-zeitsprung-2\" width=\"580\" height=\"430\" class=\"alignnone size-full wp-image-12834\" srcset=\"https:\/\/blog.zeit.de\/zeit-der-leser\/files\/2013\/03\/s88-zeitsprung-2.jpg 580w, https:\/\/blog.zeit.de\/zeit-der-leser\/files\/2013\/03\/s88-zeitsprung-2-300x222.jpg 300w\" sizes=\"auto, (max-width: 580px) 100vw, 580px\" \/><\/a><\/p>\n<p>Seit einem Autounfall vor zw\u00f6lf Jahren kann ich \u2013 30 Jahre alt \u2013 keine Hand mehr r\u00fchren und keinen Fu\u00df. Nur noch den Kopf (man nennt diese Art der Querschnitt- l\u00e4hmung auch Tetraplegie). Stifte und Pinsel bewege ich mit dem Mund. Ein Lehrer der Heidelberger Schule f\u00fcr Kunst (Franz Baumann alias Keuchenius) sah ein paar unbeholfene Kritzel von mir (Abbildung links) und sagte: \u00bbDas wird bald Hand und Fu\u00df haben.\u00ab Seither kam er jede Woche f\u00fcr eine Stunde zu mir, und aus den Kritzeln wurden Aquarelle von Landschaften und r\u00e4umen, die ich nicht mehr betrete und die sich mir nun dank der Kunst wieder \u00f6ffnen.<\/p>\n<p>So entstand auch eine weitere Ansicht meines derzeitigen Wohnorts Heidelberg (rechts), die nun sogar \u2013 ohne mein Wissen \u2013 in ein Buch (<em>Heidelberg \u2013 Geist und R\u00e4tsel<\/em>) aufgenommen wurde. Ich wollte es nicht glauben: ich, zwischen lauter ber\u00fchmten Menschen, die diese Stadt gemalt haben, nur ein paar Seiten von William Turner entfernt, ein paar Seiten nach dem zeichnenden Goethe. Als ich fragte, wie das sein kann, sagte mein Lehrer: \u00bbDas kommt davon, vom Kritzeln.\u00ab<\/p>\n<p><strong>Christian L\u00e4rz<\/strong>, Heidelberg<\/p>\n","protected":false},"excerpt":{"rendered":"<p>Seit einem Autounfall vor zw\u00f6lf Jahren kann ich \u2013 30 Jahre alt \u2013 keine Hand mehr r\u00fchren und keinen Fu\u00df. Nur noch den Kopf (man nennt diese Art der Querschnitt- l\u00e4hmung auch Tetraplegie). Stifte und Pinsel bewege ich mit dem Mund. Ein Lehrer der Heidelberger Schule f\u00fcr Kunst (Franz Baumann alias Keuchenius) sah ein paar [&hellip;]<\/p>\n","protected":false},"author":265,"featured_media":0,"comment_status":"open","ping_status":"open","sticky":false,"template":"","format":"standard","meta":{"_jetpack_memberships_contains_paid_content":false,"footnotes":""},"categories":[1878],"tags":[],"class_list":["post-12831","post","type-post","status-publish","format-standard","hentry","category-zeitsprung"],"yoast_head":"<!-- This site is optimized with the Yoast SEO plugin v21.0 - https:\/\/yoast.com\/wordpress\/plugins\/seo\/ -->\n<title>Zeitsprung: Aus M\u00fchsal wird Malerei - ZEIT der Leser<\/title>\n<meta name=\"robots\" content=\"index, follow, max-snippet:-1, max-image-preview:large, max-video-preview:-1\" \/>\n<link rel=\"canonical\" href=\"https:\/\/blog.zeit.de\/zeit-der-leser\/2013\/03\/28\/zeitsprung-aus-muhsal-wird-malerei\/\" \/>\n<meta property=\"og:locale\" content=\"de_DE\" \/>\n<meta property=\"og:type\" content=\"article\" \/>\n<meta property=\"og:title\" content=\"Zeitsprung: Aus M\u00fchsal wird Malerei - ZEIT der Leser\" \/>\n<meta property=\"og:description\" content=\"Seit einem Autounfall vor zw\u00f6lf Jahren kann ich \u2013 30 Jahre alt \u2013 keine Hand mehr r\u00fchren und keinen Fu\u00df. Nur noch den Kopf (man nennt diese Art der Querschnitt- l\u00e4hmung auch Tetraplegie). Stifte und Pinsel bewege ich mit dem Mund. Ein Lehrer der Heidelberger Schule f\u00fcr Kunst (Franz Baumann alias Keuchenius) sah ein paar [&hellip;]\" \/>\n<meta property=\"og:url\" content=\"https:\/\/blog.zeit.de\/zeit-der-leser\/2013\/03\/28\/zeitsprung-aus-muhsal-wird-malerei\/\" \/>\n<meta property=\"og:site_name\" content=\"ZEIT der Leser\" \/>\n<meta property=\"article:published_time\" content=\"2013-03-28T10:16:08+00:00\" \/>\n<meta property=\"article:modified_time\" content=\"2013-03-28T10:20:20+00:00\" \/>\n<meta property=\"og:image\" content=\"https:\/\/blog.zeit.de\/zeit-der-leser\/files\/2013\/03\/s88-zeitsprung-1.jpg\" \/>\n<meta name=\"author\" content=\"&quot;Zeit der Leser&quot;-Redaktion\" \/>\n<meta name=\"twitter:card\" content=\"summary_large_image\" \/>\n<meta name=\"twitter:label1\" content=\"Geschrieben von\" \/>\n\t<meta name=\"twitter:data1\" content=\"\"Zeit der Leser\"-Redaktion\" \/>\n\t<meta name=\"twitter:label2\" content=\"Gesch\u00e4tzte Lesezeit\" \/>\n\t<meta name=\"twitter:data2\" content=\"1\u00a0Minute\" \/>\n<script type=\"application\/ld+json\" class=\"yoast-schema-graph\">{\"@context\":\"https:\/\/schema.org\",\"@graph\":[{\"@type\":\"WebPage\",\"@id\":\"https:\/\/blog.zeit.de\/zeit-der-leser\/2013\/03\/28\/zeitsprung-aus-muhsal-wird-malerei\/\",\"url\":\"https:\/\/blog.zeit.de\/zeit-der-leser\/2013\/03\/28\/zeitsprung-aus-muhsal-wird-malerei\/\",\"name\":\"Zeitsprung: Aus M\u00fchsal wird Malerei - ZEIT der Leser\",\"isPartOf\":{\"@id\":\"https:\/\/blog.zeit.de\/zeit-der-leser\/#website\"},\"datePublished\":\"2013-03-28T10:16:08+00:00\",\"dateModified\":\"2013-03-28T10:20:20+00:00\",\"author\":{\"@id\":\"https:\/\/blog.zeit.de\/zeit-der-leser\/#\/schema\/person\/583b14e5ad6368c23af846ecbde9f20f\"},\"breadcrumb\":{\"@id\":\"https:\/\/blog.zeit.de\/zeit-der-leser\/2013\/03\/28\/zeitsprung-aus-muhsal-wird-malerei\/#breadcrumb\"},\"inLanguage\":\"de\",\"potentialAction\":[{\"@type\":\"ReadAction\",\"target\":[\"https:\/\/blog.zeit.de\/zeit-der-leser\/2013\/03\/28\/zeitsprung-aus-muhsal-wird-malerei\/\"]}]},{\"@type\":\"BreadcrumbList\",\"@id\":\"https:\/\/blog.zeit.de\/zeit-der-leser\/2013\/03\/28\/zeitsprung-aus-muhsal-wird-malerei\/#breadcrumb\",\"itemListElement\":[{\"@type\":\"ListItem\",\"position\":1,\"name\":\"Startseite\",\"item\":\"https:\/\/blog.zeit.de\/zeit-der-leser\/\"},{\"@type\":\"ListItem\",\"position\":2,\"name\":\"Zeitsprung: Aus M\u00fchsal wird Malerei\"}]},{\"@type\":\"WebSite\",\"@id\":\"https:\/\/blog.zeit.de\/zeit-der-leser\/#website\",\"url\":\"https:\/\/blog.zeit.de\/zeit-der-leser\/\",\"name\":\"ZEIT der Leser\",\"description\":\"Ein Blog mit Ihren Notizen, Gedichten und Bildern f\u00fcr die gedruckte ZEIT\",\"potentialAction\":[{\"@type\":\"SearchAction\",\"target\":{\"@type\":\"EntryPoint\",\"urlTemplate\":\"https:\/\/blog.zeit.de\/zeit-der-leser\/?s={search_term_string}\"},\"query-input\":\"required name=search_term_string\"}],\"inLanguage\":\"de\"},{\"@type\":\"Person\",\"@id\":\"https:\/\/blog.zeit.de\/zeit-der-leser\/#\/schema\/person\/583b14e5ad6368c23af846ecbde9f20f\",\"name\":\"\\\"Zeit der Leser\\\"-Redaktion\",\"image\":{\"@type\":\"ImageObject\",\"inLanguage\":\"de\",\"@id\":\"https:\/\/blog.zeit.de\/zeit-der-leser\/#\/schema\/person\/image\/\",\"url\":\"https:\/\/secure.gravatar.com\/avatar\/e801a681bd3bbf2345131a815930b48d9f8e0a94de1346b624840dc850f67ad0?s=96&d=mm&r=g\",\"contentUrl\":\"https:\/\/secure.gravatar.com\/avatar\/e801a681bd3bbf2345131a815930b48d9f8e0a94de1346b624840dc850f67ad0?s=96&d=mm&r=g\",\"caption\":\"\\\"Zeit der Leser\\\"-Redaktion\"},\"url\":\"https:\/\/blog.zeit.de\/zeit-der-leser\/author\/zeit-der-leser-redaktion\/\"}]}<\/script>\n<!-- \/ Yoast SEO plugin. -->","yoast_head_json":{"title":"Zeitsprung: Aus M\u00fchsal wird Malerei - ZEIT der Leser","robots":{"index":"index","follow":"follow","max-snippet":"max-snippet:-1","max-image-preview":"max-image-preview:large","max-video-preview":"max-video-preview:-1"},"canonical":"https:\/\/blog.zeit.de\/zeit-der-leser\/2013\/03\/28\/zeitsprung-aus-muhsal-wird-malerei\/","og_locale":"de_DE","og_type":"article","og_title":"Zeitsprung: Aus M\u00fchsal wird Malerei - ZEIT der Leser","og_description":"Seit einem Autounfall vor zw\u00f6lf Jahren kann ich \u2013 30 Jahre alt \u2013 keine Hand mehr r\u00fchren und keinen Fu\u00df. Nur noch den Kopf (man nennt diese Art der Querschnitt- l\u00e4hmung auch Tetraplegie). Stifte und Pinsel bewege ich mit dem Mund. Ein Lehrer der Heidelberger Schule f\u00fcr Kunst (Franz Baumann alias Keuchenius) sah ein paar [&hellip;]","og_url":"https:\/\/blog.zeit.de\/zeit-der-leser\/2013\/03\/28\/zeitsprung-aus-muhsal-wird-malerei\/","og_site_name":"ZEIT der Leser","article_published_time":"2013-03-28T10:16:08+00:00","article_modified_time":"2013-03-28T10:20:20+00:00","og_image":[{"url":"https:\/\/blog.zeit.de\/zeit-der-leser\/files\/2013\/03\/s88-zeitsprung-1.jpg"}],"author":"\"Zeit der Leser\"-Redaktion","twitter_card":"summary_large_image","twitter_misc":{"Geschrieben von":"\"Zeit der Leser\"-Redaktion","Gesch\u00e4tzte Lesezeit":"1\u00a0Minute"},"schema":{"@context":"https:\/\/schema.org","@graph":[{"@type":"WebPage","@id":"https:\/\/blog.zeit.de\/zeit-der-leser\/2013\/03\/28\/zeitsprung-aus-muhsal-wird-malerei\/","url":"https:\/\/blog.zeit.de\/zeit-der-leser\/2013\/03\/28\/zeitsprung-aus-muhsal-wird-malerei\/","name":"Zeitsprung: Aus M\u00fchsal wird Malerei - ZEIT der Leser","isPartOf":{"@id":"https:\/\/blog.zeit.de\/zeit-der-leser\/#website"},"datePublished":"2013-03-28T10:16:08+00:00","dateModified":"2013-03-28T10:20:20+00:00","author":{"@id":"https:\/\/blog.zeit.de\/zeit-der-leser\/#\/schema\/person\/583b14e5ad6368c23af846ecbde9f20f"},"breadcrumb":{"@id":"https:\/\/blog.zeit.de\/zeit-der-leser\/2013\/03\/28\/zeitsprung-aus-muhsal-wird-malerei\/#breadcrumb"},"inLanguage":"de","potentialAction":[{"@type":"ReadAction","target":["https:\/\/blog.zeit.de\/zeit-der-leser\/2013\/03\/28\/zeitsprung-aus-muhsal-wird-malerei\/"]}]},{"@type":"BreadcrumbList","@id":"https:\/\/blog.zeit.de\/zeit-der-leser\/2013\/03\/28\/zeitsprung-aus-muhsal-wird-malerei\/#breadcrumb","itemListElement":[{"@type":"ListItem","position":1,"name":"Startseite","item":"https:\/\/blog.zeit.de\/zeit-der-leser\/"},{"@type":"ListItem","position":2,"name":"Zeitsprung: Aus M\u00fchsal wird Malerei"}]},{"@type":"WebSite","@id":"https:\/\/blog.zeit.de\/zeit-der-leser\/#website","url":"https:\/\/blog.zeit.de\/zeit-der-leser\/","name":"ZEIT der Leser","description":"Ein Blog mit Ihren Notizen, Gedichten und Bildern f\u00fcr die gedruckte ZEIT","potentialAction":[{"@type":"SearchAction","target":{"@type":"EntryPoint","urlTemplate":"https:\/\/blog.zeit.de\/zeit-der-leser\/?s={search_term_string}"},"query-input":"required name=search_term_string"}],"inLanguage":"de"},{"@type":"Person","@id":"https:\/\/blog.zeit.de\/zeit-der-leser\/#\/schema\/person\/583b14e5ad6368c23af846ecbde9f20f","name":"\"Zeit der Leser\"-Redaktion","image":{"@type":"ImageObject","inLanguage":"de","@id":"https:\/\/blog.zeit.de\/zeit-der-leser\/#\/schema\/person\/image\/","url":"https:\/\/secure.gravatar.com\/avatar\/e801a681bd3bbf2345131a815930b48d9f8e0a94de1346b624840dc850f67ad0?s=96&d=mm&r=g","contentUrl":"https:\/\/secure.gravatar.com\/avatar\/e801a681bd3bbf2345131a815930b48d9f8e0a94de1346b624840dc850f67ad0?s=96&d=mm&r=g","caption":"\"Zeit der Leser\"-Redaktion"},"url":"https:\/\/blog.zeit.de\/zeit-der-leser\/author\/zeit-der-leser-redaktion\/"}]}},"jetpack_featured_media_url":"","jetpack_sharing_enabled":true,"_links":{"self":[{"href":"https:\/\/blog.zeit.de\/zeit-der-leser\/wp-json\/wp\/v2\/posts\/12831","targetHints":{"allow":["GET"]}}],"collection":[{"href":"https:\/\/blog.zeit.de\/zeit-der-leser\/wp-json\/wp\/v2\/posts"}],"about":[{"href":"https:\/\/blog.zeit.de\/zeit-der-leser\/wp-json\/wp\/v2\/types\/post"}],"author":[{"embeddable":true,"href":"https:\/\/blog.zeit.de\/zeit-der-leser\/wp-json\/wp\/v2\/users\/265"}],"replies":[{"embeddable":true,"href":"https:\/\/blog.zeit.de\/zeit-der-leser\/wp-json\/wp\/v2\/comments?post=12831"}],"version-history":[{"count":6,"href":"https:\/\/blog.zeit.de\/zeit-der-leser\/wp-json\/wp\/v2\/posts\/12831\/revisions"}],"predecessor-version":[{"id":12899,"href":"https:\/\/blog.zeit.de\/zeit-der-leser\/wp-json\/wp\/v2\/posts\/12831\/revisions\/12899"}],"wp:attachment":[{"href":"https:\/\/blog.zeit.de\/zeit-der-leser\/wp-json\/wp\/v2\/media?parent=12831"}],"wp:term":[{"taxonomy":"category","embeddable":true,"href":"https:\/\/blog.zeit.de\/zeit-der-leser\/wp-json\/wp\/v2\/categories?post=12831"},{"taxonomy":"post_tag","embeddable":true,"href":"https:\/\/blog.zeit.de\/zeit-der-leser\/wp-json\/wp\/v2\/tags?post=12831"}],"curies":[{"name":"wp","href":"https:\/\/api.w.org\/{rel}","templated":true}]}}