{"id":12838,"date":"2013-03-28T11:16:08","date_gmt":"2013-03-28T10:16:08","guid":{"rendered":"http:\/\/blog.zeit.de\/zeit-der-leser\/?p=12838"},"modified":"2013-03-28T11:20:48","modified_gmt":"2013-03-28T10:20:48","slug":"ein-gedicht-5","status":"publish","type":"post","link":"https:\/\/blog.zeit.de\/zeit-der-leser\/2013\/03\/28\/ein-gedicht-5\/","title":{"rendered":"Ein Gedicht!"},"content":{"rendered":"<p><strong>Im M\u00e4rzen<\/strong><br \/>\n(nach dem Volkslied \u00bbIm M\u00e4rzen der Bauer\u00ab)<\/p>\n<p>Im M\u00e4rzen die Oma die Bahncard auspackt,<br \/>\nSie bringt ihre Koffer und Taschen in Takt.<br \/>\nSie knobelt und t\u00fcftelt und planet und st\u00f6hnt,<br \/>\nDirektzug gestrichen \u2013 nach Darmstadt \u2013 wie bl\u00f6d!<\/p>\n<p>Nach Hamburg zu reisen \u2013 das ist kein Problem,<br \/>\nStudierende Enkel, die muss sie doch sehn!<br \/>\nAn der rolltreppe oben, da stehn sie zu zweit,<br \/>\nDie Jugend im Antlitz, die Arme ausgebreit.<\/p>\n<p>Nach M\u00fcnchen geht\u2019s l\u00e4nger, daf\u00fcr richtig sch\u00f6n,<br \/>\nDas rheinwasser glitzert, noch br\u00e4unlich die H\u00f6hn.<br \/>\nDie Japaner, die jauchzen, mit Guide in der Hand.<br \/>\nDie \u00bbFrau mit g\u00fcldenem Kamme\u00ab ist ihnen bekannt.<\/p>\n<p>Schon sp\u00e4ht sie zur Donau in bayrischer Ferne,<br \/>\nDa winken drei Enkel \u2013 was treff ich Euch gerne!<br \/>\nIm M\u00e4rzen, die Oma, die mag da nicht ruhn,<br \/>\nUnd gibt so der Deutschen Bahn richtig zu tun.<\/p>\n<p><strong>Sibylle Korber<\/strong>, Odenthal, Nordrhein-Westfalen<\/p>\n","protected":false},"excerpt":{"rendered":"<p>Im M\u00e4rzen (nach dem Volkslied \u00bbIm M\u00e4rzen der Bauer\u00ab) Im M\u00e4rzen die Oma die Bahncard auspackt, Sie bringt ihre Koffer und Taschen in Takt. Sie knobelt und t\u00fcftelt und planet und st\u00f6hnt, Direktzug gestrichen \u2013 nach Darmstadt \u2013 wie bl\u00f6d! Nach Hamburg zu reisen \u2013 das ist kein Problem, Studierende Enkel, die muss sie doch [&hellip;]<\/p>\n","protected":false},"author":265,"featured_media":0,"comment_status":"open","ping_status":"open","sticky":false,"template":"","format":"standard","meta":{"_jetpack_memberships_contains_paid_content":false,"footnotes":""},"categories":[5684,5683],"tags":[],"class_list":["post-12838","post","type-post","status-publish","format-standard","hentry","category-ein-gedicht","category-neu-verfasst"],"yoast_head":"<!-- This site is optimized with the Yoast SEO plugin v21.0 - https:\/\/yoast.com\/wordpress\/plugins\/seo\/ -->\n<title>Ein Gedicht! - ZEIT der Leser<\/title>\n<meta name=\"robots\" content=\"index, follow, max-snippet:-1, max-image-preview:large, max-video-preview:-1\" \/>\n<link rel=\"canonical\" href=\"https:\/\/blog.zeit.de\/zeit-der-leser\/2013\/03\/28\/ein-gedicht-5\/\" \/>\n<meta property=\"og:locale\" content=\"de_DE\" \/>\n<meta property=\"og:type\" content=\"article\" \/>\n<meta property=\"og:title\" content=\"Ein Gedicht! - ZEIT der Leser\" \/>\n<meta property=\"og:description\" content=\"Im M\u00e4rzen (nach dem Volkslied \u00bbIm M\u00e4rzen der Bauer\u00ab) Im M\u00e4rzen die Oma die Bahncard auspackt, Sie bringt ihre Koffer und Taschen in Takt. Sie knobelt und t\u00fcftelt und planet und st\u00f6hnt, Direktzug gestrichen \u2013 nach Darmstadt \u2013 wie bl\u00f6d! Nach Hamburg zu reisen \u2013 das ist kein Problem, Studierende Enkel, die muss sie doch [&hellip;]\" \/>\n<meta property=\"og:url\" content=\"https:\/\/blog.zeit.de\/zeit-der-leser\/2013\/03\/28\/ein-gedicht-5\/\" \/>\n<meta property=\"og:site_name\" content=\"ZEIT der Leser\" \/>\n<meta property=\"article:published_time\" content=\"2013-03-28T10:16:08+00:00\" \/>\n<meta property=\"article:modified_time\" content=\"2013-03-28T10:20:48+00:00\" \/>\n<meta name=\"author\" content=\"&quot;Zeit der Leser&quot;-Redaktion\" \/>\n<meta name=\"twitter:card\" content=\"summary_large_image\" \/>\n<meta name=\"twitter:label1\" content=\"Geschrieben von\" \/>\n\t<meta name=\"twitter:data1\" content=\"\"Zeit der Leser\"-Redaktion\" \/>\n\t<meta name=\"twitter:label2\" content=\"Gesch\u00e4tzte Lesezeit\" \/>\n\t<meta name=\"twitter:data2\" content=\"1\u00a0Minute\" \/>\n<script type=\"application\/ld+json\" class=\"yoast-schema-graph\">{\"@context\":\"https:\/\/schema.org\",\"@graph\":[{\"@type\":\"WebPage\",\"@id\":\"https:\/\/blog.zeit.de\/zeit-der-leser\/2013\/03\/28\/ein-gedicht-5\/\",\"url\":\"https:\/\/blog.zeit.de\/zeit-der-leser\/2013\/03\/28\/ein-gedicht-5\/\",\"name\":\"Ein Gedicht! - ZEIT der Leser\",\"isPartOf\":{\"@id\":\"https:\/\/blog.zeit.de\/zeit-der-leser\/#website\"},\"datePublished\":\"2013-03-28T10:16:08+00:00\",\"dateModified\":\"2013-03-28T10:20:48+00:00\",\"author\":{\"@id\":\"https:\/\/blog.zeit.de\/zeit-der-leser\/#\/schema\/person\/583b14e5ad6368c23af846ecbde9f20f\"},\"breadcrumb\":{\"@id\":\"https:\/\/blog.zeit.de\/zeit-der-leser\/2013\/03\/28\/ein-gedicht-5\/#breadcrumb\"},\"inLanguage\":\"de\",\"potentialAction\":[{\"@type\":\"ReadAction\",\"target\":[\"https:\/\/blog.zeit.de\/zeit-der-leser\/2013\/03\/28\/ein-gedicht-5\/\"]}]},{\"@type\":\"BreadcrumbList\",\"@id\":\"https:\/\/blog.zeit.de\/zeit-der-leser\/2013\/03\/28\/ein-gedicht-5\/#breadcrumb\",\"itemListElement\":[{\"@type\":\"ListItem\",\"position\":1,\"name\":\"Startseite\",\"item\":\"https:\/\/blog.zeit.de\/zeit-der-leser\/\"},{\"@type\":\"ListItem\",\"position\":2,\"name\":\"Ein Gedicht!\"}]},{\"@type\":\"WebSite\",\"@id\":\"https:\/\/blog.zeit.de\/zeit-der-leser\/#website\",\"url\":\"https:\/\/blog.zeit.de\/zeit-der-leser\/\",\"name\":\"ZEIT der Leser\",\"description\":\"Ein Blog mit Ihren Notizen, Gedichten und Bildern f\u00fcr die gedruckte ZEIT\",\"potentialAction\":[{\"@type\":\"SearchAction\",\"target\":{\"@type\":\"EntryPoint\",\"urlTemplate\":\"https:\/\/blog.zeit.de\/zeit-der-leser\/?s={search_term_string}\"},\"query-input\":\"required name=search_term_string\"}],\"inLanguage\":\"de\"},{\"@type\":\"Person\",\"@id\":\"https:\/\/blog.zeit.de\/zeit-der-leser\/#\/schema\/person\/583b14e5ad6368c23af846ecbde9f20f\",\"name\":\"\\\"Zeit der Leser\\\"-Redaktion\",\"image\":{\"@type\":\"ImageObject\",\"inLanguage\":\"de\",\"@id\":\"https:\/\/blog.zeit.de\/zeit-der-leser\/#\/schema\/person\/image\/\",\"url\":\"https:\/\/secure.gravatar.com\/avatar\/e801a681bd3bbf2345131a815930b48d9f8e0a94de1346b624840dc850f67ad0?s=96&d=mm&r=g\",\"contentUrl\":\"https:\/\/secure.gravatar.com\/avatar\/e801a681bd3bbf2345131a815930b48d9f8e0a94de1346b624840dc850f67ad0?s=96&d=mm&r=g\",\"caption\":\"\\\"Zeit der Leser\\\"-Redaktion\"},\"url\":\"https:\/\/blog.zeit.de\/zeit-der-leser\/author\/zeit-der-leser-redaktion\/\"}]}<\/script>\n<!-- \/ Yoast SEO plugin. -->","yoast_head_json":{"title":"Ein Gedicht! - ZEIT der Leser","robots":{"index":"index","follow":"follow","max-snippet":"max-snippet:-1","max-image-preview":"max-image-preview:large","max-video-preview":"max-video-preview:-1"},"canonical":"https:\/\/blog.zeit.de\/zeit-der-leser\/2013\/03\/28\/ein-gedicht-5\/","og_locale":"de_DE","og_type":"article","og_title":"Ein Gedicht! - ZEIT der Leser","og_description":"Im M\u00e4rzen (nach dem Volkslied \u00bbIm M\u00e4rzen der Bauer\u00ab) Im M\u00e4rzen die Oma die Bahncard auspackt, Sie bringt ihre Koffer und Taschen in Takt. Sie knobelt und t\u00fcftelt und planet und st\u00f6hnt, Direktzug gestrichen \u2013 nach Darmstadt \u2013 wie bl\u00f6d! Nach Hamburg zu reisen \u2013 das ist kein Problem, Studierende Enkel, die muss sie doch [&hellip;]","og_url":"https:\/\/blog.zeit.de\/zeit-der-leser\/2013\/03\/28\/ein-gedicht-5\/","og_site_name":"ZEIT der Leser","article_published_time":"2013-03-28T10:16:08+00:00","article_modified_time":"2013-03-28T10:20:48+00:00","author":"\"Zeit der Leser\"-Redaktion","twitter_card":"summary_large_image","twitter_misc":{"Geschrieben von":"\"Zeit der Leser\"-Redaktion","Gesch\u00e4tzte Lesezeit":"1\u00a0Minute"},"schema":{"@context":"https:\/\/schema.org","@graph":[{"@type":"WebPage","@id":"https:\/\/blog.zeit.de\/zeit-der-leser\/2013\/03\/28\/ein-gedicht-5\/","url":"https:\/\/blog.zeit.de\/zeit-der-leser\/2013\/03\/28\/ein-gedicht-5\/","name":"Ein Gedicht! - ZEIT der Leser","isPartOf":{"@id":"https:\/\/blog.zeit.de\/zeit-der-leser\/#website"},"datePublished":"2013-03-28T10:16:08+00:00","dateModified":"2013-03-28T10:20:48+00:00","author":{"@id":"https:\/\/blog.zeit.de\/zeit-der-leser\/#\/schema\/person\/583b14e5ad6368c23af846ecbde9f20f"},"breadcrumb":{"@id":"https:\/\/blog.zeit.de\/zeit-der-leser\/2013\/03\/28\/ein-gedicht-5\/#breadcrumb"},"inLanguage":"de","potentialAction":[{"@type":"ReadAction","target":["https:\/\/blog.zeit.de\/zeit-der-leser\/2013\/03\/28\/ein-gedicht-5\/"]}]},{"@type":"BreadcrumbList","@id":"https:\/\/blog.zeit.de\/zeit-der-leser\/2013\/03\/28\/ein-gedicht-5\/#breadcrumb","itemListElement":[{"@type":"ListItem","position":1,"name":"Startseite","item":"https:\/\/blog.zeit.de\/zeit-der-leser\/"},{"@type":"ListItem","position":2,"name":"Ein Gedicht!"}]},{"@type":"WebSite","@id":"https:\/\/blog.zeit.de\/zeit-der-leser\/#website","url":"https:\/\/blog.zeit.de\/zeit-der-leser\/","name":"ZEIT der Leser","description":"Ein Blog mit Ihren Notizen, Gedichten und Bildern f\u00fcr die gedruckte ZEIT","potentialAction":[{"@type":"SearchAction","target":{"@type":"EntryPoint","urlTemplate":"https:\/\/blog.zeit.de\/zeit-der-leser\/?s={search_term_string}"},"query-input":"required name=search_term_string"}],"inLanguage":"de"},{"@type":"Person","@id":"https:\/\/blog.zeit.de\/zeit-der-leser\/#\/schema\/person\/583b14e5ad6368c23af846ecbde9f20f","name":"\"Zeit der Leser\"-Redaktion","image":{"@type":"ImageObject","inLanguage":"de","@id":"https:\/\/blog.zeit.de\/zeit-der-leser\/#\/schema\/person\/image\/","url":"https:\/\/secure.gravatar.com\/avatar\/e801a681bd3bbf2345131a815930b48d9f8e0a94de1346b624840dc850f67ad0?s=96&d=mm&r=g","contentUrl":"https:\/\/secure.gravatar.com\/avatar\/e801a681bd3bbf2345131a815930b48d9f8e0a94de1346b624840dc850f67ad0?s=96&d=mm&r=g","caption":"\"Zeit der Leser\"-Redaktion"},"url":"https:\/\/blog.zeit.de\/zeit-der-leser\/author\/zeit-der-leser-redaktion\/"}]}},"jetpack_featured_media_url":"","jetpack_sharing_enabled":true,"_links":{"self":[{"href":"https:\/\/blog.zeit.de\/zeit-der-leser\/wp-json\/wp\/v2\/posts\/12838","targetHints":{"allow":["GET"]}}],"collection":[{"href":"https:\/\/blog.zeit.de\/zeit-der-leser\/wp-json\/wp\/v2\/posts"}],"about":[{"href":"https:\/\/blog.zeit.de\/zeit-der-leser\/wp-json\/wp\/v2\/types\/post"}],"author":[{"embeddable":true,"href":"https:\/\/blog.zeit.de\/zeit-der-leser\/wp-json\/wp\/v2\/users\/265"}],"replies":[{"embeddable":true,"href":"https:\/\/blog.zeit.de\/zeit-der-leser\/wp-json\/wp\/v2\/comments?post=12838"}],"version-history":[{"count":3,"href":"https:\/\/blog.zeit.de\/zeit-der-leser\/wp-json\/wp\/v2\/posts\/12838\/revisions"}],"predecessor-version":[{"id":12904,"href":"https:\/\/blog.zeit.de\/zeit-der-leser\/wp-json\/wp\/v2\/posts\/12838\/revisions\/12904"}],"wp:attachment":[{"href":"https:\/\/blog.zeit.de\/zeit-der-leser\/wp-json\/wp\/v2\/media?parent=12838"}],"wp:term":[{"taxonomy":"category","embeddable":true,"href":"https:\/\/blog.zeit.de\/zeit-der-leser\/wp-json\/wp\/v2\/categories?post=12838"},{"taxonomy":"post_tag","embeddable":true,"href":"https:\/\/blog.zeit.de\/zeit-der-leser\/wp-json\/wp\/v2\/tags?post=12838"}],"curies":[{"name":"wp","href":"https:\/\/api.w.org\/{rel}","templated":true}]}}