{"id":12916,"date":"2013-03-30T10:00:51","date_gmt":"2013-03-30T09:00:51","guid":{"rendered":"http:\/\/blog.zeit.de\/zeit-der-leser\/?p=12916"},"modified":"2013-04-04T12:21:56","modified_gmt":"2013-04-04T10:21:56","slug":"zeitsprung-krieg-und-film","status":"publish","type":"post","link":"https:\/\/blog.zeit.de\/zeit-der-leser\/2013\/03\/30\/zeitsprung-krieg-und-film\/","title":{"rendered":"Zeitsprung: Krieg und Film"},"content":{"rendered":"<p><a href=\"https:\/\/blog.zeit.de\/zeit-der-leser\/?attachment_id=12918\" rel=\"attachment wp-att-12918\"><img loading=\"lazy\" decoding=\"async\" src=\"https:\/\/blog.zeit.de\/zeit-der-leser\/files\/2013\/03\/s82-zeitsprung-1915.jpg\" alt=\"s82-zeitsprung-1915\" width=\"580\" height=\"750\" class=\"alignnone size-full wp-image-12918\" srcset=\"https:\/\/blog.zeit.de\/zeit-der-leser\/files\/2013\/03\/s82-zeitsprung-1915.jpg 580w, https:\/\/blog.zeit.de\/zeit-der-leser\/files\/2013\/03\/s82-zeitsprung-1915-232x300.jpg 232w\" sizes=\"auto, (max-width: 580px) 100vw, 580px\" \/><\/a><\/p>\n<p><a href=\"https:\/\/blog.zeit.de\/zeit-der-leser\/?attachment_id=12919\" rel=\"attachment wp-att-12919\"><img loading=\"lazy\" decoding=\"async\" src=\"https:\/\/blog.zeit.de\/zeit-der-leser\/files\/2013\/03\/s82-zeitsprung-2003.jpg\" alt=\"s82-zeitsprung-2003\" width=\"580\" height=\"750\" class=\"alignnone size-full wp-image-12919\" srcset=\"https:\/\/blog.zeit.de\/zeit-der-leser\/files\/2013\/03\/s82-zeitsprung-2003.jpg 580w, https:\/\/blog.zeit.de\/zeit-der-leser\/files\/2013\/03\/s82-zeitsprung-2003-232x300.jpg 232w\" sizes=\"auto, (max-width: 580px) 100vw, 580px\" \/><\/a><\/p>\n<p>Als Arbeitsloser habe ich gelegentlich als Komparse gearbeitet. So etwa 2003 f\u00fcr eine Fernsehproduktion (Der Wunschbaum), die im Ersten Weltkrieg spielt. Bei den Dreharbeiten, bei denen wir uns oft auch gegenseitig fotografierten, entstand die rechte Aufnahme. Mein Erstaunen war gro\u00df, als ich einige zeit sp\u00e4ter alte Familienfotos sortierte und dabei (links) auf eine ganz \u00e4hnliche Fotografie meines Vaters aus dem Jahr 1915 stie\u00df. Mein Vater (Jahrgang 1897) diente \u2013 ungern \u2013 in beiden Weltkriegen. Er \u00fcberstand sie aber mit geringen Verletzungen, sodass er bis zu seinem Tod 1973 eine Buchhandlung in Hamburg f\u00fchren konnte. Mein Bruder und ich wurden pazifistisch erzogen. Wir durften nicht einmal mit Plastikwaffen spielen \u2013 worauf ich sehr stolz bin. Der Bundeswehr entging ich in Berlin.<\/p>\n<p><strong>J\u00fcrgen Wallenstein<\/strong>, Berlin<\/p>\n","protected":false},"excerpt":{"rendered":"<p>Als Arbeitsloser habe ich gelegentlich als Komparse gearbeitet. So etwa 2003 f\u00fcr eine Fernsehproduktion (Der Wunschbaum), die im Ersten Weltkrieg spielt. Bei den Dreharbeiten, bei denen wir uns oft auch gegenseitig fotografierten, entstand die rechte Aufnahme. Mein Erstaunen war gro\u00df, als ich einige zeit sp\u00e4ter alte Familienfotos sortierte und dabei (links) auf eine ganz \u00e4hnliche [&hellip;]<\/p>\n","protected":false},"author":265,"featured_media":0,"comment_status":"open","ping_status":"open","sticky":false,"template":"","format":"standard","meta":{"_jetpack_memberships_contains_paid_content":false,"footnotes":""},"categories":[1878],"tags":[],"class_list":["post-12916","post","type-post","status-publish","format-standard","hentry","category-zeitsprung"],"yoast_head":"<!-- This site is optimized with the Yoast SEO plugin v21.0 - https:\/\/yoast.com\/wordpress\/plugins\/seo\/ -->\n<title>Zeitsprung: Krieg und Film - ZEIT der Leser<\/title>\n<meta name=\"robots\" content=\"index, follow, max-snippet:-1, max-image-preview:large, max-video-preview:-1\" \/>\n<link rel=\"canonical\" href=\"https:\/\/blog.zeit.de\/zeit-der-leser\/2013\/03\/30\/zeitsprung-krieg-und-film\/\" \/>\n<meta property=\"og:locale\" content=\"de_DE\" \/>\n<meta property=\"og:type\" content=\"article\" \/>\n<meta property=\"og:title\" content=\"Zeitsprung: Krieg und Film - ZEIT der Leser\" \/>\n<meta property=\"og:description\" content=\"Als Arbeitsloser habe ich gelegentlich als Komparse gearbeitet. So etwa 2003 f\u00fcr eine Fernsehproduktion (Der Wunschbaum), die im Ersten Weltkrieg spielt. Bei den Dreharbeiten, bei denen wir uns oft auch gegenseitig fotografierten, entstand die rechte Aufnahme. Mein Erstaunen war gro\u00df, als ich einige zeit sp\u00e4ter alte Familienfotos sortierte und dabei (links) auf eine ganz \u00e4hnliche [&hellip;]\" \/>\n<meta property=\"og:url\" content=\"https:\/\/blog.zeit.de\/zeit-der-leser\/2013\/03\/30\/zeitsprung-krieg-und-film\/\" \/>\n<meta property=\"og:site_name\" content=\"ZEIT der Leser\" \/>\n<meta property=\"article:published_time\" content=\"2013-03-30T09:00:51+00:00\" \/>\n<meta property=\"article:modified_time\" content=\"2013-04-04T10:21:56+00:00\" \/>\n<meta property=\"og:image\" content=\"https:\/\/blog.zeit.de\/zeit-der-leser\/files\/2013\/03\/s82-zeitsprung-1915.jpg\" \/>\n<meta name=\"author\" content=\"&quot;Zeit der Leser&quot;-Redaktion\" \/>\n<meta name=\"twitter:card\" content=\"summary_large_image\" \/>\n<meta name=\"twitter:label1\" content=\"Geschrieben von\" \/>\n\t<meta name=\"twitter:data1\" content=\"\"Zeit der Leser\"-Redaktion\" \/>\n\t<meta name=\"twitter:label2\" content=\"Gesch\u00e4tzte Lesezeit\" \/>\n\t<meta name=\"twitter:data2\" content=\"1\u00a0Minute\" \/>\n<script type=\"application\/ld+json\" class=\"yoast-schema-graph\">{\"@context\":\"https:\/\/schema.org\",\"@graph\":[{\"@type\":\"WebPage\",\"@id\":\"https:\/\/blog.zeit.de\/zeit-der-leser\/2013\/03\/30\/zeitsprung-krieg-und-film\/\",\"url\":\"https:\/\/blog.zeit.de\/zeit-der-leser\/2013\/03\/30\/zeitsprung-krieg-und-film\/\",\"name\":\"Zeitsprung: Krieg und Film - ZEIT der Leser\",\"isPartOf\":{\"@id\":\"https:\/\/blog.zeit.de\/zeit-der-leser\/#website\"},\"datePublished\":\"2013-03-30T09:00:51+00:00\",\"dateModified\":\"2013-04-04T10:21:56+00:00\",\"author\":{\"@id\":\"https:\/\/blog.zeit.de\/zeit-der-leser\/#\/schema\/person\/583b14e5ad6368c23af846ecbde9f20f\"},\"breadcrumb\":{\"@id\":\"https:\/\/blog.zeit.de\/zeit-der-leser\/2013\/03\/30\/zeitsprung-krieg-und-film\/#breadcrumb\"},\"inLanguage\":\"de\",\"potentialAction\":[{\"@type\":\"ReadAction\",\"target\":[\"https:\/\/blog.zeit.de\/zeit-der-leser\/2013\/03\/30\/zeitsprung-krieg-und-film\/\"]}]},{\"@type\":\"BreadcrumbList\",\"@id\":\"https:\/\/blog.zeit.de\/zeit-der-leser\/2013\/03\/30\/zeitsprung-krieg-und-film\/#breadcrumb\",\"itemListElement\":[{\"@type\":\"ListItem\",\"position\":1,\"name\":\"Startseite\",\"item\":\"https:\/\/blog.zeit.de\/zeit-der-leser\/\"},{\"@type\":\"ListItem\",\"position\":2,\"name\":\"Zeitsprung: Krieg und Film\"}]},{\"@type\":\"WebSite\",\"@id\":\"https:\/\/blog.zeit.de\/zeit-der-leser\/#website\",\"url\":\"https:\/\/blog.zeit.de\/zeit-der-leser\/\",\"name\":\"ZEIT der Leser\",\"description\":\"Ein Blog mit Ihren Notizen, Gedichten und Bildern f\u00fcr die gedruckte ZEIT\",\"potentialAction\":[{\"@type\":\"SearchAction\",\"target\":{\"@type\":\"EntryPoint\",\"urlTemplate\":\"https:\/\/blog.zeit.de\/zeit-der-leser\/?s={search_term_string}\"},\"query-input\":\"required name=search_term_string\"}],\"inLanguage\":\"de\"},{\"@type\":\"Person\",\"@id\":\"https:\/\/blog.zeit.de\/zeit-der-leser\/#\/schema\/person\/583b14e5ad6368c23af846ecbde9f20f\",\"name\":\"\\\"Zeit der Leser\\\"-Redaktion\",\"image\":{\"@type\":\"ImageObject\",\"inLanguage\":\"de\",\"@id\":\"https:\/\/blog.zeit.de\/zeit-der-leser\/#\/schema\/person\/image\/\",\"url\":\"https:\/\/secure.gravatar.com\/avatar\/e801a681bd3bbf2345131a815930b48d9f8e0a94de1346b624840dc850f67ad0?s=96&d=mm&r=g\",\"contentUrl\":\"https:\/\/secure.gravatar.com\/avatar\/e801a681bd3bbf2345131a815930b48d9f8e0a94de1346b624840dc850f67ad0?s=96&d=mm&r=g\",\"caption\":\"\\\"Zeit der Leser\\\"-Redaktion\"},\"url\":\"https:\/\/blog.zeit.de\/zeit-der-leser\/author\/zeit-der-leser-redaktion\/\"}]}<\/script>\n<!-- \/ Yoast SEO plugin. -->","yoast_head_json":{"title":"Zeitsprung: Krieg und Film - ZEIT der Leser","robots":{"index":"index","follow":"follow","max-snippet":"max-snippet:-1","max-image-preview":"max-image-preview:large","max-video-preview":"max-video-preview:-1"},"canonical":"https:\/\/blog.zeit.de\/zeit-der-leser\/2013\/03\/30\/zeitsprung-krieg-und-film\/","og_locale":"de_DE","og_type":"article","og_title":"Zeitsprung: Krieg und Film - ZEIT der Leser","og_description":"Als Arbeitsloser habe ich gelegentlich als Komparse gearbeitet. So etwa 2003 f\u00fcr eine Fernsehproduktion (Der Wunschbaum), die im Ersten Weltkrieg spielt. Bei den Dreharbeiten, bei denen wir uns oft auch gegenseitig fotografierten, entstand die rechte Aufnahme. Mein Erstaunen war gro\u00df, als ich einige zeit sp\u00e4ter alte Familienfotos sortierte und dabei (links) auf eine ganz \u00e4hnliche [&hellip;]","og_url":"https:\/\/blog.zeit.de\/zeit-der-leser\/2013\/03\/30\/zeitsprung-krieg-und-film\/","og_site_name":"ZEIT der Leser","article_published_time":"2013-03-30T09:00:51+00:00","article_modified_time":"2013-04-04T10:21:56+00:00","og_image":[{"url":"https:\/\/blog.zeit.de\/zeit-der-leser\/files\/2013\/03\/s82-zeitsprung-1915.jpg"}],"author":"\"Zeit der Leser\"-Redaktion","twitter_card":"summary_large_image","twitter_misc":{"Geschrieben von":"\"Zeit der Leser\"-Redaktion","Gesch\u00e4tzte Lesezeit":"1\u00a0Minute"},"schema":{"@context":"https:\/\/schema.org","@graph":[{"@type":"WebPage","@id":"https:\/\/blog.zeit.de\/zeit-der-leser\/2013\/03\/30\/zeitsprung-krieg-und-film\/","url":"https:\/\/blog.zeit.de\/zeit-der-leser\/2013\/03\/30\/zeitsprung-krieg-und-film\/","name":"Zeitsprung: Krieg und Film - ZEIT der Leser","isPartOf":{"@id":"https:\/\/blog.zeit.de\/zeit-der-leser\/#website"},"datePublished":"2013-03-30T09:00:51+00:00","dateModified":"2013-04-04T10:21:56+00:00","author":{"@id":"https:\/\/blog.zeit.de\/zeit-der-leser\/#\/schema\/person\/583b14e5ad6368c23af846ecbde9f20f"},"breadcrumb":{"@id":"https:\/\/blog.zeit.de\/zeit-der-leser\/2013\/03\/30\/zeitsprung-krieg-und-film\/#breadcrumb"},"inLanguage":"de","potentialAction":[{"@type":"ReadAction","target":["https:\/\/blog.zeit.de\/zeit-der-leser\/2013\/03\/30\/zeitsprung-krieg-und-film\/"]}]},{"@type":"BreadcrumbList","@id":"https:\/\/blog.zeit.de\/zeit-der-leser\/2013\/03\/30\/zeitsprung-krieg-und-film\/#breadcrumb","itemListElement":[{"@type":"ListItem","position":1,"name":"Startseite","item":"https:\/\/blog.zeit.de\/zeit-der-leser\/"},{"@type":"ListItem","position":2,"name":"Zeitsprung: Krieg und Film"}]},{"@type":"WebSite","@id":"https:\/\/blog.zeit.de\/zeit-der-leser\/#website","url":"https:\/\/blog.zeit.de\/zeit-der-leser\/","name":"ZEIT der Leser","description":"Ein Blog mit Ihren Notizen, Gedichten und Bildern f\u00fcr die gedruckte ZEIT","potentialAction":[{"@type":"SearchAction","target":{"@type":"EntryPoint","urlTemplate":"https:\/\/blog.zeit.de\/zeit-der-leser\/?s={search_term_string}"},"query-input":"required name=search_term_string"}],"inLanguage":"de"},{"@type":"Person","@id":"https:\/\/blog.zeit.de\/zeit-der-leser\/#\/schema\/person\/583b14e5ad6368c23af846ecbde9f20f","name":"\"Zeit der Leser\"-Redaktion","image":{"@type":"ImageObject","inLanguage":"de","@id":"https:\/\/blog.zeit.de\/zeit-der-leser\/#\/schema\/person\/image\/","url":"https:\/\/secure.gravatar.com\/avatar\/e801a681bd3bbf2345131a815930b48d9f8e0a94de1346b624840dc850f67ad0?s=96&d=mm&r=g","contentUrl":"https:\/\/secure.gravatar.com\/avatar\/e801a681bd3bbf2345131a815930b48d9f8e0a94de1346b624840dc850f67ad0?s=96&d=mm&r=g","caption":"\"Zeit der Leser\"-Redaktion"},"url":"https:\/\/blog.zeit.de\/zeit-der-leser\/author\/zeit-der-leser-redaktion\/"}]}},"jetpack_featured_media_url":"","jetpack_sharing_enabled":true,"_links":{"self":[{"href":"https:\/\/blog.zeit.de\/zeit-der-leser\/wp-json\/wp\/v2\/posts\/12916","targetHints":{"allow":["GET"]}}],"collection":[{"href":"https:\/\/blog.zeit.de\/zeit-der-leser\/wp-json\/wp\/v2\/posts"}],"about":[{"href":"https:\/\/blog.zeit.de\/zeit-der-leser\/wp-json\/wp\/v2\/types\/post"}],"author":[{"embeddable":true,"href":"https:\/\/blog.zeit.de\/zeit-der-leser\/wp-json\/wp\/v2\/users\/265"}],"replies":[{"embeddable":true,"href":"https:\/\/blog.zeit.de\/zeit-der-leser\/wp-json\/wp\/v2\/comments?post=12916"}],"version-history":[{"count":6,"href":"https:\/\/blog.zeit.de\/zeit-der-leser\/wp-json\/wp\/v2\/posts\/12916\/revisions"}],"predecessor-version":[{"id":13065,"href":"https:\/\/blog.zeit.de\/zeit-der-leser\/wp-json\/wp\/v2\/posts\/12916\/revisions\/13065"}],"wp:attachment":[{"href":"https:\/\/blog.zeit.de\/zeit-der-leser\/wp-json\/wp\/v2\/media?parent=12916"}],"wp:term":[{"taxonomy":"category","embeddable":true,"href":"https:\/\/blog.zeit.de\/zeit-der-leser\/wp-json\/wp\/v2\/categories?post=12916"},{"taxonomy":"post_tag","embeddable":true,"href":"https:\/\/blog.zeit.de\/zeit-der-leser\/wp-json\/wp\/v2\/tags?post=12916"}],"curies":[{"name":"wp","href":"https:\/\/api.w.org\/{rel}","templated":true}]}}